{"id":293824,"date":"2025-08-03T15:33:20","date_gmt":"2025-08-03T15:33:20","guid":{"rendered":"https:\/\/www.europesays.com\/fr\/293824\/"},"modified":"2025-08-03T15:33:20","modified_gmt":"2025-08-03T15:33:20","slug":"la-presse-italienne-tire-a-boulets-rouges","status":"publish","type":"post","link":"https:\/\/www.europesays.com\/fr\/293824\/","title":{"rendered":"la presse italienne tire \u00e0 boulets rouges"},"content":{"rendered":"<p itemprop=\"description\">Le Corriere della Sera dresse un portrait<br \/>\nalarmant de Lewis Hamilton apr\u00e8s son \u00e9limination en Q2 en Hongrie.<br \/>\nEntre perte de rep\u00e8res et d\u00e9sillusion, le Britannique inqui\u00e8te.<\/p>\n<p data-start=\"227\" data-end=\"570\">\u00c9limin\u00e9 d\u00e8s la Q2 lors des<br \/>\n<a href=\"https:\/\/f1i.autojournal.fr\/infos\/resultats-infos\/coup-de-theatre-en-hongrie-charles-leclerc-decroche-la-pole-et-humilie-mclaren\/\" target=\"_blank\" rel=\"noopener\"><br \/>\nqualifications du Grand Prix de Hongrie<\/a>, Lewis Hamilton se<br \/>\nretrouve sous le feu des critiques de l\u2019autre c\u00f4t\u00e9 des Alpes. Ce<br \/>\nmatin, le Corriere della Sera, influent quotidien italien,<br \/>\nn\u2019a pas m\u00e2ch\u00e9 ses mots \u00e0 l\u2019\u00e9gard du septuple champion du monde,<br \/>\ndont le passage \u00e0 vide devient de plus en plus pr\u00e9occupant.<\/p>\n<p data-start=\"614\" data-end=\"1026\">Le journal d\u00e9peint un Lewis<br \/>\nHamilton en pleine crise existentielle, \u00e0 la d\u00e9rive tant sur la<br \/>\npiste qu\u2019en dehors.<\/p>\n<p data-start=\"614\" data-end=\"1026\">\u00ab\u00a0Il semble avoir perdu le<br \/>\nfil de son histoire, de sa passion, de ce qui l\u2019a port\u00e9 au sommet<br \/>\nde la F1\u00a0\u00bb\u00a0\u00e9crit le quotidien. Selon le Corriere,<br \/>\nHamilton ne trouve plus ses rep\u00e8res et sombre dans un \u00e9tat proche<br \/>\nde la r\u00e9signation, admettant lui-m\u00eame r\u00e9cemment traverser une phase<br \/>\nde profonde d\u00e9prime.<\/p>\n<p data-start=\"1028\" data-end=\"1218\">Ce constat s\u00e9v\u00e8re s\u2019appuie sur<br \/>\nles performances tr\u00e8s moyennes du Britannique cette saison, en<br \/>\nd\u00e9calage total avec les ambitions nourries depuis l\u2019annonce de son<br \/>\narriv\u00e9e chez Ferrari en 2025.<\/p>\n<p>Une nouvelle g\u00e9n\u00e9ration qui<br \/>\nle surpasse d\u00e9j\u00e0 ?<\/p>\n<p data-start=\"1272\" data-end=\"1585\">La critique va plus loin :<br \/>\nselon la presse italienne, Hamilton semble d\u00e9pass\u00e9 par la nouvelle<br \/>\nvague de talents. Des jeunes comme Gabriel Bortoleto, Isack Hadjar<br \/>\nou encore Oliver Bearman, pourtant encore en apprentissage dans des<br \/>\nmonoplaces imparfaites, r\u00e9ussissent \u00e0 briller l\u00e0 o\u00f9 le v\u00e9t\u00e9ran<br \/>\nbritannique s\u2019\u00e9teint.<\/p>\n<p data-start=\"1587\" data-end=\"1826\">Cette comparaison acerbe<br \/>\nsugg\u00e8re que la F1 entre dans une nouvelle \u00e8re, o\u00f9 la fougue et la<br \/>\nfra\u00eecheur prennent le pas sur l\u2019exp\u00e9rience et le palmar\u00e8s. Une \u00e8re<br \/>\n\u00e0 laquelle Hamilton, selon le Corriere, ne semble plus<br \/>\ntotalement appartenir.<\/p>\n<p>Fernando Alonso, le<br \/>\ncontre-exemple qui d\u00e9range<\/p>\n<p data-start=\"1880\" data-end=\"2231\">En contrepoint, le journal<br \/>\ncite Fernando Alonso, pourtant plus \u00e2g\u00e9 que Lewis, mais toujours<br \/>\naussi incisif et performant.<\/p>\n<p data-start=\"1880\" data-end=\"2231\">\u00ab\u00a0Il continue de se battre<br \/>\net d\u2019\u00e9tonner\u00a0\u00bb\u00a0lit-on, comme un rappel que l\u2019\u00e2ge n\u2019excuse<br \/>\npas tout. Le probl\u00e8me, selon le quotidien, n\u2019est pas uniquement li\u00e9<br \/>\n\u00e0 la voiture ou au contexte, mais bien \u00e0 l\u2019\u00e9tat mental du pilote<br \/>\nlui-m\u00eame.<\/p>\n<p data-start=\"2270\" data-end=\"2651\">La conclusion est am\u00e8re : si<br \/>\nLewis Hamilton ne parvient pas \u00e0 retrouver la flamme, c\u2019est toute<br \/>\nla Formule 1 qui en sort perdante. \u00ab\u00a0C\u2019est une d\u00e9faite plus<br \/>\nlarge que celle de Ferrari\u00a0\u00bb avertit le Corriere,<br \/>\n\u00e9voquant un pilote autrefois adul\u00e9, aujourd\u2019hui m\u00e9connaissable. Une<br \/>\nl\u00e9gende qui risque de s\u2019\u00e9teindre \u00e0 petit feu, sous les<br \/>\nprojecteurs&#8230;<\/p>\n","protected":false},"excerpt":{"rendered":"Le Corriere della Sera dresse un portrait alarmant de Lewis Hamilton apr\u00e8s son \u00e9limination en Q2 en Hongrie.&hellip;\n","protected":false},"author":2,"featured_media":293825,"comment_status":"","ping_status":"","sticky":false,"template":"","format":"standard","meta":{"footnotes":""},"categories":[2],"tags":[11,2251,1011,27,42563,1975,12],"class_list":{"0":"post-293824","1":"post","2":"type-post","3":"status-publish","4":"format-standard","5":"has-post-thumbnail","7":"category-actualites","8":"tag-actualites","9":"tag-ferrari","10":"tag-fr","11":"tag-france","12":"tag-grand-prix-de-hongrie","13":"tag-lewis-hamilton","14":"tag-news"},"share_on_mastodon":{"url":"https:\/\/pubeurope.com\/@fr\/114965564770902333","error":""},"_links":{"self":[{"href":"https:\/\/www.europesays.com\/fr\/wp-json\/wp\/v2\/posts\/293824","targetHints":{"allow":["GET"]}}],"collection":[{"href":"https:\/\/www.europesays.com\/fr\/wp-json\/wp\/v2\/posts"}],"about":[{"href":"https:\/\/www.europesays.com\/fr\/wp-json\/wp\/v2\/types\/post"}],"author":[{"embeddable":true,"href":"https:\/\/www.europesays.com\/fr\/wp-json\/wp\/v2\/users\/2"}],"replies":[{"embeddable":true,"href":"https:\/\/www.europesays.com\/fr\/wp-json\/wp\/v2\/comments?post=293824"}],"version-history":[{"count":0,"href":"https:\/\/www.europesays.com\/fr\/wp-json\/wp\/v2\/posts\/293824\/revisions"}],"wp:featuredmedia":[{"embeddable":true,"href":"https:\/\/www.europesays.com\/fr\/wp-json\/wp\/v2\/media\/293825"}],"wp:attachment":[{"href":"https:\/\/www.europesays.com\/fr\/wp-json\/wp\/v2\/media?parent=293824"}],"wp:term":[{"taxonomy":"category","embeddable":true,"href":"https:\/\/www.europesays.com\/fr\/wp-json\/wp\/v2\/categories?post=293824"},{"taxonomy":"post_tag","embeddable":true,"href":"https:\/\/www.europesays.com\/fr\/wp-json\/wp\/v2\/tags?post=293824"}],"curies":[{"name":"wp","href":"https:\/\/api.w.org\/{rel}","templated":true}]}}