{"id":293833,"date":"2025-08-03T15:40:13","date_gmt":"2025-08-03T15:40:13","guid":{"rendered":"https:\/\/www.europesays.com\/fr\/293833\/"},"modified":"2025-08-03T15:40:13","modified_gmt":"2025-08-03T15:40:13","slug":"le-club-voudrait-soffrir-un-international-argentin-pour-accompagner-serin-a-la-charniere","status":"publish","type":"post","link":"https:\/\/www.europesays.com\/fr\/293833\/","title":{"rendered":"le club voudrait s\u2019offrir un international argentin pour accompagner Serin \u00e0 la charni\u00e8re"},"content":{"rendered":"<p>La saison n\u2019a pas encore d\u00e9but\u00e9 que les n\u00e9gociations pour des recrues en 2026 d\u00e9butent. Le Rugby Club Toulonnais n\u2019\u00e9chappe pas \u00e0 la r\u00e8gle et commence d\u00e9j\u00e0 \u00e0 anticiper son effectif pour l\u2019ann\u00e9e prochaine. Outre Tommaso Menoncello, dans le viseur du club depuis de longs mois, le RCT s\u2019int\u00e9resserait \u00e0 un autre de ses co\u00e9quipiers.<\/p>\n<p>Albornoz pour remplacer Herv\u00e9\u00a0?<\/p>\n<p>Selon les informations de <a href=\"https:\/\/www.rugbyscope.fr\/transferts-tomas-albornoz-vers-toulon\/\" rel=\"nofollow noopener\" target=\"_blank\">Rugbyscope<\/a>, Tomas Albornoz est en discussions avec les dirigeants varois. L\u2019ouvreur de 27 ans est consid\u00e9r\u00e9 comme l\u2019un des meilleurs joueurs de Tr\u00e9vise et fait peu \u00e0 peu son trou avec les Pumas. L\u2019international argentin, aussi capable d\u2019\u00e9voluer \u00e0 l\u2019arri\u00e8re, pourrait ainsi venir prendre la succession d\u2019Enzo Herv\u00e9, dont le contrat arrive \u00e0 son terme en juin prochain. Les n\u00e9gociations seraient en bonne voie. Affaire \u00e0 suivre.<\/p>\n<p>Partagez cette info avec vos amis et vos proches en cliquant ici<br \/>Pour r\u00e9sumer<\/p>\n<p>Selon les informations de Rugbyscope, le Rugby Club Toulonnais s\u2019int\u00e9resserait de pr\u00e8s \u00e0 un international argentin pour venir renforcer sa charni\u00e8re en 2026. Les Varois pourraient perdre Enzo Herv\u00e9, en fin de contrat en 2026.<\/p>\n<p> <img decoding=\"async\" width=\"76\" height=\"76\" loading=\"lazy\" src=\"https:\/\/www.europesays.com\/fr\/wp-content\/uploads\/2025\/04\/avatar-quinze.png\" alt=\"Arnaud D\u00e9chelotte\"\/><\/p>\n","protected":false},"excerpt":{"rendered":"La saison n\u2019a pas encore d\u00e9but\u00e9 que les n\u00e9gociations pour des recrues en 2026 d\u00e9butent. Le Rugby Club&hellip;\n","protected":false},"author":2,"featured_media":293834,"comment_status":"","ping_status":"","sticky":false,"template":"","format":"standard","meta":{"footnotes":""},"categories":[9619],"tags":[1111,11,1777,674,1011,27,12,882,25,2310],"class_list":{"0":"post-293833","1":"post","2":"type-post","3":"status-publish","4":"format-standard","5":"has-post-thumbnail","7":"category-toulon","8":"tag-actu","9":"tag-actualites","10":"tag-eu","11":"tag-europe","12":"tag-fr","13":"tag-france","14":"tag-news","15":"tag-provence-alpes-cote-dazur","16":"tag-republique-francaise","17":"tag-toulon"},"share_on_mastodon":{"url":"https:\/\/pubeurope.com\/@fr\/114965592364774579","error":""},"_links":{"self":[{"href":"https:\/\/www.europesays.com\/fr\/wp-json\/wp\/v2\/posts\/293833","targetHints":{"allow":["GET"]}}],"collection":[{"href":"https:\/\/www.europesays.com\/fr\/wp-json\/wp\/v2\/posts"}],"about":[{"href":"https:\/\/www.europesays.com\/fr\/wp-json\/wp\/v2\/types\/post"}],"author":[{"embeddable":true,"href":"https:\/\/www.europesays.com\/fr\/wp-json\/wp\/v2\/users\/2"}],"replies":[{"embeddable":true,"href":"https:\/\/www.europesays.com\/fr\/wp-json\/wp\/v2\/comments?post=293833"}],"version-history":[{"count":0,"href":"https:\/\/www.europesays.com\/fr\/wp-json\/wp\/v2\/posts\/293833\/revisions"}],"wp:featuredmedia":[{"embeddable":true,"href":"https:\/\/www.europesays.com\/fr\/wp-json\/wp\/v2\/media\/293834"}],"wp:attachment":[{"href":"https:\/\/www.europesays.com\/fr\/wp-json\/wp\/v2\/media?parent=293833"}],"wp:term":[{"taxonomy":"category","embeddable":true,"href":"https:\/\/www.europesays.com\/fr\/wp-json\/wp\/v2\/categories?post=293833"},{"taxonomy":"post_tag","embeddable":true,"href":"https:\/\/www.europesays.com\/fr\/wp-json\/wp\/v2\/tags?post=293833"}],"curies":[{"name":"wp","href":"https:\/\/api.w.org\/{rel}","templated":true}]}}