{"id":293835,"date":"2025-08-03T15:41:11","date_gmt":"2025-08-03T15:41:11","guid":{"rendered":"https:\/\/www.europesays.com\/fr\/293835\/"},"modified":"2025-08-03T15:41:11","modified_gmt":"2025-08-03T15:41:11","slug":"quand-la-ministre-patricia-miralles-tacle-le-depute-jean-louis-roumegas","status":"publish","type":"post","link":"https:\/\/www.europesays.com\/fr\/293835\/","title":{"rendered":"quand la ministre Patricia Mirall\u00e8s \u00ab\u00a0tacle\u00a0\u00bb le d\u00e9put\u00e9 Jean-Louis Roumegas"},"content":{"rendered":"<p>            Par<br \/>\n        <strong><br \/>\n            <a href=\"https:\/\/actu.fr\/auteur\/jm-aubert\" title=\"Consulter tous les articles de Jean-Marc Aubert\" target=\"_blank\" rel=\"noopener\">Jean-Marc Aubert<\/a><br \/>\n        <\/strong><\/p>\n<p>        Publi\u00e9 le<\/p>\n<p>            3 ao\u00fbt 2025 \u00e0 17h30        <\/p>\n<p>Rendre justice aux <strong>Harkis<\/strong> et \u00e0 leurs enfants et poursuivre le <strong>travail de m\u00e9moire et de r\u00e9paration<\/strong> : c\u2019est sur ce th\u00e8me que le d\u00e9put\u00e9 des \u00c9cologistes dans la 1\u00e8re circonscription de l\u2019H\u00e9rault depuis juillet 2024, <strong>Jean-Louis Roum\u00e9gas<\/strong> a organis\u00e9 une r\u00e9union publique \u00e0 <strong>Montpellier. <\/strong>Elle s\u2019est d\u00e9roul\u00e9e \u00e0 La Carmagnole avec. notamment Zahia Hamdane, d\u00e9put\u00e9e de la Somme et Abdelali Sadaoui, pr\u00e9sident du <strong>Collectif Citoyennet\u00e9 fran\u00e7aise pour les Harkis<\/strong>.<\/p>\n<p class=\" wall-content\">Comme il l\u2019a d\u00e9clar\u00e9, dans une action men\u00e9e avec notamment ce collectif, Jean-Louis Roum\u00e9gas s\u2019inscrit dans une \u00ab d\u00e9marche de reconnaissance et de r\u00e9paration \u00e0 travers un temps d\u2019\u00e9change et de recueil de t\u00e9moignages \u00bb. Mais, la ministre\u00a0d\u00e9l\u00e9gu\u00e9e charg\u00e9e de la M\u00e9moire et des Anciens Combattants de France, la Montpelli\u00e9raine <strong>Patricia Mirall\u00e8s<\/strong> n\u2019a pas du tout appr\u00e9ci\u00e9 des propos tenus par le d\u00e9put\u00e9, au point de riposter : dans un \u00ab\u00a0tacle\u00a0\u00bb sur les r\u00e9seaux sociaux, elle tient \u00e0 r\u00e9tablir la v\u00e9rit\u00e9.<\/p>\n<p class=\" wall-content\">Il est vrai que la ministre est bien plac\u00e9e pour conna\u00eetre la r\u00e9alit\u00e9 de ce dossier tr\u00e8s sensible des Harkis, puisque c\u2019est un des dossiers prioritaires : \u00ab\u00a0Une loi pour la reconnaissance et la r\u00e9paration des Harkis a \u00e9t\u00e9 adopt\u00e9e en 2022. Plus de 27 000 d\u00e9cisions d\u2019indemnisation ont \u00e9t\u00e9 rendues, dont 21 000 ont fait l\u2019objet d\u2019une d\u00e9cision favorable Plus de 175 millions d\u2019euros ont d\u00e9j\u00e0 \u00e9t\u00e9 vers\u00e9s via l\u2019allocation de reconnaissance doubl\u00e9e, avec des droits renforc\u00e9s pour les veuves de Harkis. Une commission nationale ind\u00e9pendante est mobilis\u00e9e.\u00a0Non, aucune proposition de loi sur les Harkis n\u2019a \u00e9t\u00e9 examin\u00e9e le 2 juin dernier, contrairement \u00e0 ce qui a \u00e9t\u00e9 rapport\u00e9.\u00a0Avec le pr\u00e9sident de la R\u00e9publique Emmanuel Macron, nous sommes parmi les seuls \u00e0 avoir agi concr\u00e8tement pour les Harkis.\u00a0Et pourtant, M. Roum\u00e9gas a d\u00e9j\u00e0 \u00e9t\u00e9 d\u00e9put\u00e9 et n\u2019a jamais rien fait pour les Harkis\u2026D\u00e9couvre-t-il seulement maintenant leur existence ?\u00a0\u00bb.<\/p>\n<p>    <img   decoding=\"async\" loading=\"lazy\" src=\"https:\/\/www.europesays.com\/fr\/wp-content\/uploads\/2025\/08\/patricia-miralles-960x640-1-960x640.jpg\" alt=\"Patricia Mirall\u00e8s fait son retour au gouvernement. \" width=\"960\" height=\"640\"\/><br \/>\n    Le dossier des Harkis fait partie des priorit\u00e9s de la ministre Patricia Mirall\u00e8s\u00a0(\u00a9DR \/ Patricia Mirall\u00e8s )\u00c0 quelques mois des municipales\u2026<\/p>\n<p class=\" wall-content\">Ambiance \u00e0 quelques mois des \u00e9lections municipales\u2026 Et petite agitation dans la famille montpelli\u00e9raine des Harkis, les uns applaudissant les d\u00e9clarations du d\u00e9put\u00e9, les autres se rangeant du c\u00f4t\u00e9 de la ministre, \u00ab\u00a0pour toutes les actions qu\u2019elle m\u00e8ne sur le terrain depuis ces derni\u00e8res ann\u00e9es\u00a0\u00bb, selon un retrait\u00e9 pied-noir d\u2019ici qui a fait partie de l\u2019exode d\u2019Alger de 1962. Dans ce d\u00e9licat conflit des Harkis et de leurs enfants qui ont bien grandi, les camps sont divis\u00e9s, mais l\u2019un d\u2019eux rel\u00e8ve que, \u00ab\u00a0\u00e7a revient sur la table dans des partis politiques, comme par hasard \u00e0 moins d\u2019un an des municipales\u00a0\u00bb.<\/p>\n<p>Vid\u00e9os : en ce moment sur ActuQu\u2019en est-il des travaux de la CNIH ?<\/p>\n<p class=\" wall-content\">Depuis 2022, la <strong>Commission nationale ind\u00e9pendante Harkis<\/strong>\u00a0-CNIH- r\u00e9alise un travail de m\u00e9moire et d\u2019expertise concernant les droits \u00e0 r\u00e9paration des Harkis qui ont fui l\u2019Alg\u00e9rie apr\u00e8s les accords d\u2019\u00c9vian de 1962 et qui sont arriv\u00e9s en France. Un rapport publi\u00e9 en avril 2025 dresse le bilan des droits \u00e0 r\u00e9paration en faveur des Harkis. Ce\u00a0rapport\u00a0d\u2019activit\u00e9 de la -CNIH- remis le 29 avril 2025 confirme que 19\u00a0560 personnes ont \u00e9t\u00e9 indemnis\u00e9es \u00e0 la date du 18 avril 2025.<\/p>\n<p class=\" wall-content\">\u00ab\u00a0La\u00a0loi du 23 f\u00e9vrier 2022\u00a0a reconnu la\u00a0responsabilit\u00e9 de l\u2019\u00c9tat dans les conditions \u00ab\u00a0indignes\u00a0\u00bb d\u2019accueil des Harkis en France en 1962 avec des internements, une s\u00e9gr\u00e9gation point\u00e9s du doigt.\u00a0La CNIH a \u00e9t\u00e9 charg\u00e9e d\u2019une mission de reconnaissance des pr\u00e9judices qui passe par un travail de m\u00e9moire et d\u2019expertise. Ce travail est r\u00e9alis\u00e9 en collaboration avec l\u2019Office national des combattants et des victimes de guerre -ONaCVG- charg\u00e9 du recueil des demandes d\u2019indemnisation.\u00a0\u00c0 sa cr\u00e9ation,\u00a0une \u00e9tude d\u2019impact \u00e9valuait entre 40\u00a0000 et 50\u00a0000 le nombre d\u2019ayants droit potentiels. En mars 2025, la CNIH fait \u00e9tat de 20\u00a0818 dossiers \u00ab\u00a0favorables\u00a0\u00bb sur les 25\u00a0742 dossiers pr\u00e9sent\u00e9s, les contentieux les plus importants portant sur le temps de s\u00e9jour. Au 18 avril 2025,\u00a0la CNIH a valid\u00e9 21 936 demandes d\u2019indemnisation sur 27 085 dossiers re\u00e7us\u00a0ce qui aboutit \u00e0 une indemnisation d\u2019un montant total de de 176\u00a0500\u00a0000 euros (en incluant les demandes de recours), soit un\u00a0montant moyen de 8\u00a0856,60 euros par personne indemnis\u00e9e\u00a0\u00bb, explique Patricia Mirall\u00e8s.<\/p>\n<p class=\" wall-content\">Avant cette r\u00e9union publique tenue \u00e0 Montpellier, Jean-Louis Roum\u00e9gas s\u2019est rapproch\u00e9e de\u00a0l\u2019<strong>association\u00a0Citoyennet\u00e9 Fran\u00e7aise<\/strong>, compos\u00e9e de nombreux descendants de Harkis engag\u00e9s dans une d\u00e9marche de r\u00e9paration, lors d\u2019une r\u00e9ception dans la Somme. \u00ab\u00a0Cette initiative visait \u00e0 marquer l\u2019importance de la reconnaissance des Harkis, un sujet toujours d\u2019actualit\u00e9, et \u00e0 sensibiliser l\u2019opinion publique et les \u00e9lus sur les n\u00e9cessaires avanc\u00e9es l\u00e9gislatives et symboliques\u00a0\u00bb, avait indiqu\u00e9 \u00e0 l\u2019\u00e9poque le nouveau d\u00e9put\u00e9 de la 1\u00e8re circonscription de l\u2019H\u00e9rault.<\/p>\n<p>\u00ab\u00a0Corriger les injustices historiques\u00a0\u00bb<\/p>\n<p class=\" wall-content\">L\u2019Association Citoyennet\u00e9 Fran\u00e7aise, n\u00e9e du besoin de r\u00e9paration pour les Harkis et leurs descendants, se distingue par son approche non revancharde. \u00ab\u00a0En choisissant ce nom, l\u2019association souhaite \u0153uvrer pour l\u2019unit\u00e9 et l\u2019apaisement, tout en affirmant son attachement \u00e0 la France. Elle\u00a0a pris contact avec plusieurs parlementaires du groupe NFP -Alma Dufour, Aur\u00e9lien Saintoul, Zahia Hamdane, Fran\u00e7ois Ruffin, Jean-Louis Roum\u00e9gas et R\u00e9mi Cardon-, afin de soutenir une proposition de loi visant \u00e0 inscrire dans la l\u00e9gislation la citoyennet\u00e9 fran\u00e7aise des Harkis, des membres des autres formations suppl\u00e9tives et assimil\u00e9es de l\u2019Arm\u00e9e fran\u00e7aise, ainsi que leurs descendants. <strong>Cette proposition de loi vise \u00e0 corriger les injustices historiques<\/strong> et \u00e0 donner un cadre l\u00e9gislatif fort aux r\u00e9parations\u00a0\u00bb,\u00a0confirme\u00a0un\u00a0responsable\u00a0de cette association.<\/p>\n<p class=\" wall-content\">Elle ajoute que, \u00ab\u00a0Bien que cette loi n\u00b02022-229 du 23 f\u00e9vrier 2022 reconna\u00eet la responsabilit\u00e9 de la France dans l\u2019abandon des Harkis et des suppl\u00e9tifs, et pr\u00e9voit une r\u00e9paration financi\u00e8re pour ceux ayant r\u00e9sid\u00e9 dans les camps entre 1962 et 1975, les membres de l\u2019association Citoyennet\u00e9 Fran\u00e7aise jugent cette loi insuffisante. Ils appellent notamment \u00e0 une r\u00e9vision du vocabulaire utilis\u00e9 dans la loi, afin de reconna\u00eetre explicitement les Harkis et leurs familles comme des citoyens fran\u00e7ais \u00e0 part enti\u00e8re, et non comme des personnels de formations suppl\u00e9tives et assimil\u00e9es de statut civil de droit local\u00a0\u00bb.<\/p>\n<p class=\" wall-content\">\u00ab\u00a0Les membres du collectif demandent \u00e9galement une r\u00e9vision des indemnit\u00e9s, jug\u00e9es trop faibles par la Cour europ\u00e9enne des droits de l\u2019Homme -CEDH- , qui s\u2019\u00e9l\u00e8vent \u00e0 environ 1 000\u20ac par ann\u00e9e pass\u00e9e dans les camps. En se basant sur les jurisprudences des camps de Bias pr\u00e8s d\u2019Agen et de Saint-Maurice-L\u2019Ardoise, dans le Gard, l\u2019association revendique une indemnit\u00e9 d\u2019au moins 4 000\u20ac par ann\u00e9e pass\u00e9e dans ces camps, et ce, pour tous ceux ayant \u00e9t\u00e9 h\u00e9berg\u00e9s dans ces conditions, m\u00eame au-del\u00e0 de 1975\u00a0\u00bb, pr\u00e9cise Jean-Louis Roumegas assirent que \u00ab\u00a0la\u00a0reconnaissance des Harkis et de leurs descendants n\u2019est pas un simple devoir moral, mais un imp\u00e9ratif historique et l\u00e9gislatif qui doit \u00eatre renforc\u00e9 pour r\u00e9parer les injustices pass\u00e9es\u00a0\u00bb. Les Harkis continuent de diviser.<\/p>\n<p class=\" wall-content\">Suivez toute l\u2019actualit\u00e9 de vos villes et m\u00e9dias favoris en vous inscrivant \u00e0 <a href=\"https:\/\/moncompte.actu.fr\" title=\"D\u00e9couvez Mon Actu\" rel=\"nofollow noopener\" data-trk=\"{&quot;cta&quot;:{&quot;action&quot;:&quot;https:\\\/\\\/moncompte.actu.fr&quot;,&quot;category&quot;:&quot;mon compte&quot;,&quot;from&quot;:&quot;article footer&quot;,&quot;name&quot;:&quot;Mon actu&quot;,&quot;type&quot;:&quot;cta&quot;}}\" target=\"_blank\">Mon Actu<\/a>.<\/p>\n","protected":false},"excerpt":{"rendered":"Par Jean-Marc Aubert Publi\u00e9 le 3 ao\u00fbt 2025 \u00e0 17h30 Rendre justice aux Harkis et \u00e0 leurs enfants&hellip;\n","protected":false},"author":2,"featured_media":293836,"comment_status":"","ping_status":"","sticky":false,"template":"","format":"standard","meta":{"footnotes":""},"categories":[9599],"tags":[1111,11,1777,674,1011,27,15646,2208,12,2680,25,104],"class_list":{"0":"post-293835","1":"post","2":"type-post","3":"status-publish","4":"format-standard","5":"has-post-thumbnail","7":"category-montpellier","8":"tag-actu","9":"tag-actualites","10":"tag-eu","11":"tag-europe","12":"tag-fr","13":"tag-france","14":"tag-guerre-dalgerie","15":"tag-montpellier","16":"tag-news","17":"tag-occitanie","18":"tag-republique-francaise","19":"tag-societe"},"share_on_mastodon":{"url":"https:\/\/pubeurope.com\/@fr\/114965596494220094","error":""},"_links":{"self":[{"href":"https:\/\/www.europesays.com\/fr\/wp-json\/wp\/v2\/posts\/293835","targetHints":{"allow":["GET"]}}],"collection":[{"href":"https:\/\/www.europesays.com\/fr\/wp-json\/wp\/v2\/posts"}],"about":[{"href":"https:\/\/www.europesays.com\/fr\/wp-json\/wp\/v2\/types\/post"}],"author":[{"embeddable":true,"href":"https:\/\/www.europesays.com\/fr\/wp-json\/wp\/v2\/users\/2"}],"replies":[{"embeddable":true,"href":"https:\/\/www.europesays.com\/fr\/wp-json\/wp\/v2\/comments?post=293835"}],"version-history":[{"count":0,"href":"https:\/\/www.europesays.com\/fr\/wp-json\/wp\/v2\/posts\/293835\/revisions"}],"wp:featuredmedia":[{"embeddable":true,"href":"https:\/\/www.europesays.com\/fr\/wp-json\/wp\/v2\/media\/293836"}],"wp:attachment":[{"href":"https:\/\/www.europesays.com\/fr\/wp-json\/wp\/v2\/media?parent=293835"}],"wp:term":[{"taxonomy":"category","embeddable":true,"href":"https:\/\/www.europesays.com\/fr\/wp-json\/wp\/v2\/categories?post=293835"},{"taxonomy":"post_tag","embeddable":true,"href":"https:\/\/www.europesays.com\/fr\/wp-json\/wp\/v2\/tags?post=293835"}],"curies":[{"name":"wp","href":"https:\/\/api.w.org\/{rel}","templated":true}]}}