{"id":293839,"date":"2025-08-03T15:43:10","date_gmt":"2025-08-03T15:43:10","guid":{"rendered":"https:\/\/www.europesays.com\/fr\/293839\/"},"modified":"2025-08-03T15:43:10","modified_gmt":"2025-08-03T15:43:10","slug":"une-star-en-vacances-disparition-les-infos-a-retenir-cette-semaine-a-rouen","status":"publish","type":"post","link":"https:\/\/www.europesays.com\/fr\/293839\/","title":{"rendered":"Une star en vacances, disparition&#8230; Les infos \u00e0 retenir cette semaine \u00e0 Rouen"},"content":{"rendered":"<p>            Par<br \/>\n        <strong><br \/>\n            <a href=\"https:\/\/actu.fr\/auteur\/julien-bouteiller\" title=\"Consulter tous les articles de Julien Bouteiller\" rel=\"nofollow noopener\" target=\"_blank\">Julien Bouteiller<\/a><br \/>\n        <\/strong><\/p>\n<p>        Publi\u00e9 le<\/p>\n<p>            3 ao\u00fbt 2025 \u00e0 17h17        <\/p>\n<p>Une nouvelle semaine s\u2019ach\u00e8ve. Si vous avez manqu\u00e9 de temps pour suivre l\u2019actualit\u00e9, on vous propose <strong>un r\u00e9sum\u00e9 des informations \u00e0 retenir<\/strong> de ces derniers jours <strong>\u00e0 Rouen<\/strong>.<\/p>\n<p>Les infos de la semaine \u00e0 Rouen<\/p>\n<p class=\"expresso-item wall-content\"><a title=\"Lire l&#039;article\" href=\"https:\/\/actu.fr\/normandie\/rouen_76540\/un-homme-de-28-ans-a-disparu-a-rouen-sa-famille-lance-un-appel-a-l-aide-on-le-cherche-partout_62987914.html\" rel=\"nofollow noopener\" target=\"_blank\"><strong>Un homme de 28 ans a disparu \u00e0 Rouen, sa famille lance un appel \u00e0 l\u2019aide : \u00ab On le cherche partout \u00bb<\/strong><\/a><br \/>Rabie Setti, un homme de 28 ans, a disparu \u00e0 Rouen (Seine-Maritime) depuis le 27 juillet 2025. Sa famille, tr\u00e8s inqui\u00e8te, a lanc\u00e9 des recherches.<\/p>\n<p class=\"expresso-item wall-content\"><a title=\"Lire l&#039;article\" href=\"https:\/\/actu.fr\/normandie\/rouen_76540\/star-aux-etats-unis-et-compagne-d-un-celebre-chanteur-elle-a-passe-ses-vacances-a-rouen_62983507.html\" rel=\"nofollow noopener\" target=\"_blank\"><strong>Star aux \u00c9tats-Unis et compagne d\u2019un c\u00e9l\u00e8bre chanteur, elle a pass\u00e9 ses vacances \u00e0 Rouen<\/strong><\/a><br \/>Une c\u00e9l\u00e8bre chanteuse et actrice am\u00e9ricaine est venue passer quelques jours \u00e0 Rouen. En France, c\u2019est surtout son compagnon que l\u2019on conna\u00eet bien\u2026<\/p>\n<p class=\"expresso-item wall-content\"><a title=\"Lire l&#039;article\" href=\"https:\/\/actu.fr\/normandie\/rouen_76540\/en-pleine-rue-ou-dans-le-bus-une-bande-d-ados-violents-seme-la-peur-a-rouen_62976130.html\" rel=\"nofollow noopener\" target=\"_blank\"><strong>En pleine rue ou dans le bus, une bande d\u2019ados violents s\u00e8me la peur \u00e0 Rouen<\/strong><\/a><br \/>Cinq adolescents, soup\u00e7onn\u00e9s d\u2019appartenir \u00e0 une bande de voleurs violents, ont \u00e9t\u00e9 interpell\u00e9s \u00e0 Rouen mardi 29 juillet 2025. Ils ont fait plusieurs victimes.<\/p>\n<p class=\"expresso-item wall-content\"><a title=\"Lire l&#039;article\" href=\"https:\/\/actu.fr\/normandie\/rouen_76540\/un-corps-repeche-dans-la-seine-a-rouen-ce-mercredi-matin_62975426.html\" rel=\"nofollow noopener\" target=\"_blank\"><strong>Un corps rep\u00each\u00e9 dans la Seine \u00e0 Rouen ce mercredi matin<\/strong><\/a><br \/>Le corps d\u2019un homme a \u00e9t\u00e9 rep\u00each\u00e9 par les sapeurs-pompiers dans la Seine \u00e0 Rouen, ce mercredi 30 juillet 2025.<\/p>\n<p class=\"expresso-item wall-content\"><a title=\"Lire l&#039;article\" href=\"https:\/\/actu.fr\/normandie\/rouen_76540\/ce-commerce-ferme-rue-de-la-republique-a-rouen-on-a-donne-tout-ce-qu-on-pouvait_62965880.html\" rel=\"nofollow noopener\" target=\"_blank\"><strong>Ce commerce ferme rue de la R\u00e9publique \u00e0 Rouen : \u00ab\u00a0On a donn\u00e9 tout ce qu\u2019on pouvait \u00bb<\/strong><\/a><br \/>Situ\u00e9 \u00e0 l\u2019angle de la rue de la R\u00e9publique et de la rue Alsace-Lorraine, Royal Croustillons \u2013 Maison LT a d\u00fb fermer ses portes. Le g\u00e9rant explique pourquoi.<\/p>\n<p>Bon \u00e0 savoir \u00e0 Rouen<\/p>\n<p class=\"expresso-item wall-content\"><a title=\"Lire l&#039;article\" href=\"https:\/\/actu.fr\/normandie\/rouen_76540\/a-rouen-ce-restaurant-100-annees-90-2000-remplace-une-creperie-historique_62983664.html\" rel=\"nofollow noopener\" target=\"_blank\"><strong>\u00c0 Rouen ce restaurant 100% ann\u00e9es 90-2000 remplace une cr\u00eaperie historique<\/strong><\/a><br \/>Nich\u00e9 \u00e0 deux pas de la cath\u00e9drale de Rouen, le restaurant Le Millenial a pris la suite de La Cr\u00eaperie Le Saint Romain. Le lieu a ouvert ses portes le 29 juillet 2025.<\/p>\n<p class=\"expresso-item wall-content\"><a title=\"Lire l&#039;article\" href=\"https:\/\/actu.fr\/normandie\/rouen_76540\/une-superette-d-une-grande-enseigne-va-ouvrir-a-deux-pas-d-une-autre-a-rouen_62977116.html\" rel=\"nofollow noopener\" target=\"_blank\"><strong>Une sup\u00e9rette d\u2019une grande enseigne va ouvrir \u00e0 deux pas d\u2019une autre \u00e0 Rouen<\/strong><\/a><br \/>Un permis de construire a \u00e9t\u00e9 accord\u00e9 en juillet 2025 pour l\u2019am\u00e9nagement d\u2019une sup\u00e9rette \u00e0 deux pas d\u2019un autre magasin, \u00e0 c\u00f4t\u00e9 de la pr\u00e9fecture de Rouen.<\/p>\n<p>Suivez l\u2019actualit\u00e9 de Rouen <a href=\"https:\/\/www.whatsapp.com\/channel\/0029VaKfnf99hXF2ddApFB1D\" rel=\"nofollow noopener\" target=\"_blank\">sur notre cha\u00eene WhatsApp<\/a> et <a href=\"https:\/\/www.tiktok.com\/@76actu.fr?lang=fr\" rel=\"nofollow noopener\" target=\"_blank\">sur notre compte TikTok<\/a><\/p>\n<p class=\" wall-content\">Suivez toute l\u2019actualit\u00e9 de vos villes et m\u00e9dias favoris en vous inscrivant \u00e0 <a href=\"https:\/\/moncompte.actu.fr\" title=\"D\u00e9couvez Mon Actu\" rel=\"nofollow noopener\" data-trk=\"{&quot;cta&quot;:{&quot;action&quot;:&quot;https:\\\/\\\/moncompte.actu.fr&quot;,&quot;category&quot;:&quot;mon compte&quot;,&quot;from&quot;:&quot;article footer&quot;,&quot;name&quot;:&quot;Mon actu&quot;,&quot;type&quot;:&quot;cta&quot;}}\" target=\"_blank\">Mon Actu<\/a>.<\/p>\n<p>                    <script async src=\"\/\/www.tiktok.com\/embed.js\"><\/script><\/p>\n","protected":false},"excerpt":{"rendered":"Par Julien Bouteiller Publi\u00e9 le 3 ao\u00fbt 2025 \u00e0 17h17 Une nouvelle semaine s\u2019ach\u00e8ve. Si vous avez manqu\u00e9&hellip;\n","protected":false},"author":2,"featured_media":293840,"comment_status":"","ping_status":"","sticky":false,"template":"","format":"standard","meta":{"footnotes":""},"categories":[9587],"tags":[1111,11,1777,674,1011,27,12,5161,25,9590,104],"class_list":{"0":"post-293839","1":"post","2":"type-post","3":"status-publish","4":"format-standard","5":"has-post-thumbnail","7":"category-rouen","8":"tag-actu","9":"tag-actualites","10":"tag-eu","11":"tag-europe","12":"tag-fr","13":"tag-france","14":"tag-news","15":"tag-normandie","16":"tag-republique-francaise","17":"tag-rouen","18":"tag-societe"},"share_on_mastodon":{"url":"https:\/\/pubeurope.com\/@fr\/114965604187715630","error":""},"_links":{"self":[{"href":"https:\/\/www.europesays.com\/fr\/wp-json\/wp\/v2\/posts\/293839","targetHints":{"allow":["GET"]}}],"collection":[{"href":"https:\/\/www.europesays.com\/fr\/wp-json\/wp\/v2\/posts"}],"about":[{"href":"https:\/\/www.europesays.com\/fr\/wp-json\/wp\/v2\/types\/post"}],"author":[{"embeddable":true,"href":"https:\/\/www.europesays.com\/fr\/wp-json\/wp\/v2\/users\/2"}],"replies":[{"embeddable":true,"href":"https:\/\/www.europesays.com\/fr\/wp-json\/wp\/v2\/comments?post=293839"}],"version-history":[{"count":0,"href":"https:\/\/www.europesays.com\/fr\/wp-json\/wp\/v2\/posts\/293839\/revisions"}],"wp:featuredmedia":[{"embeddable":true,"href":"https:\/\/www.europesays.com\/fr\/wp-json\/wp\/v2\/media\/293840"}],"wp:attachment":[{"href":"https:\/\/www.europesays.com\/fr\/wp-json\/wp\/v2\/media?parent=293839"}],"wp:term":[{"taxonomy":"category","embeddable":true,"href":"https:\/\/www.europesays.com\/fr\/wp-json\/wp\/v2\/categories?post=293839"},{"taxonomy":"post_tag","embeddable":true,"href":"https:\/\/www.europesays.com\/fr\/wp-json\/wp\/v2\/tags?post=293839"}],"curies":[{"name":"wp","href":"https:\/\/api.w.org\/{rel}","templated":true}]}}