{"id":293841,"date":"2025-08-03T15:44:14","date_gmt":"2025-08-03T15:44:14","guid":{"rendered":"https:\/\/www.europesays.com\/fr\/293841\/"},"modified":"2025-08-03T15:44:14","modified_gmt":"2025-08-03T15:44:14","slug":"ils-decouvrent-une-grenade-davant-guerre-sur-un-sentier-forestier","status":"publish","type":"post","link":"https:\/\/www.europesays.com\/fr\/293841\/","title":{"rendered":"ils d\u00e9couvrent une grenade d\u2019avant-guerre sur un sentier forestier"},"content":{"rendered":"<p>            Par<br \/>\n        <strong><br \/>\n            <a href=\"https:\/\/actu.fr\/auteur\/chloe-lentier\" title=\"Consulter tous les articles de Chlo\u00e9 LENTIER\" target=\"_blank\" rel=\"noopener\">Chlo\u00e9 LENTIER<\/a><br \/>\n        <\/strong><\/p>\n<p>        Publi\u00e9 le<\/p>\n<p>            3 ao\u00fbt 2025 \u00e0 16h32        <\/p>\n<p>Il pensait simplement cueillir quelques <b>champignons<\/b>. Vendredi 1er\u00a0ao\u00fbt 2025, en fin de journ\u00e9e, J\u00e9r\u00f4me Lecocq et sa femme, habitants d\u2019\u00c9cardenville-la-Campagne (Eure), se prom\u00e8nent dans le <b>sentier forestier<\/b> du Parc Laquerri\u00e8re \u00e0 la sortie d\u2019<a href=\"https:\/\/actu.fr\/normandie\/elbeuf_76231\" target=\"_blank\" rel=\"noopener\">Elbeuf<\/a> (Seine-Maritime). Alors qu\u2019ils s\u2019\u00e9loignent de quelques pas du chemin, leur balade prend une<b> tournure inattendue<\/b>\u2009: \u00ab\u2009Elle \u00e9tait l\u00e0, pos\u00e9e au pied d\u2019un arbre, comme si quelqu\u2019un venait de la d\u00e9poser.\u2009\u00bb Ils d\u00e9couvrent une <b>grenade<\/b>, rouill\u00e9e et authentique, et pr\u00e9viennent imm\u00e9diatement la police.<\/p>\n<p>Une intervention rapide<\/p>\n<p class=\" wall-content\">Arriv\u00e9s sur place, les <b>policiers<\/b> demandent au couple de s\u2019\u00e9loigner, s\u00e9curisent le p\u00e9rim\u00e8tre et alertent les d\u00e9mineurs. L\u2019objet, d\u2019apr\u00e8s les premi\u00e8res constatations, daterait d\u2019avant la <b>Seconde Guerre mondiale.<\/b> \u00ab\u2009Le policier m\u2019a rappel\u00e9 pour me confirmer que c\u2019\u00e9tait bien une vraie grenade, probablement plus vieille que 1939\u2009\u00bb.<\/p>\n<p>Le lieu intrigue<\/p>\n<p class=\" wall-content\">\u00c0 quelques m\u00e8tres de l\u00e0, une <b>st\u00e8le<\/b> comm\u00e9more la jonction des troupes am\u00e9ricaines avec les autorit\u00e9s locales d\u2019Elbeuf \u00e0 la Lib\u00e9ration. Y a-t-il un lien\u2009? \u00ab\u2009On sait que des <b>soldats am\u00e9ricains<\/b> ont stationn\u00e9 ici. Est-ce qu\u2019elle a \u00e9t\u00e9 oubli\u00e9e\u2009? Ou d\u00e9plac\u00e9e r\u00e9cemment\u2009? On ne sait pas.\u2009\u00bb, confie J\u00e9r\u00f4me Lecocq, encore impressionn\u00e9 par cette <b>d\u00e9couverte<\/b>.<\/p>\n<p>    <img   decoding=\"async\" loading=\"lazy\" class=\"size-large\" src=\"https:\/\/www.europesays.com\/fr\/wp-content\/uploads\/2025\/08\/f6aa4f707f8860baa4f707f88eeaa4v-768x640.jpeg\" alt=\"A quelques pas du sentier, une st\u00e8le comm\u00e9more\" width=\"768\" height=\"640\"\/><br \/>\n    Sur le sentier, les promeneurs ont aussi d\u00e9couvert une st\u00e8le comm\u00e9morative. \u00a9Katie Lecoq<\/p>\n<p class=\" wall-content\">Le couple de promeneurs, passionn\u00e9s d\u2019Histoire, est aussi conscient du <b>danger<\/b>. \u00ab\u2009On se demande, quand on se balade en for\u00eat, si on ne passe pas \u00e0 c\u00f4t\u00e9 d\u2019autres engins comme \u00e7a\u2026\u2009\u00bb La police aurait signal\u00e9 le lieu jusqu\u2019\u00e0 l\u2019intervention des d\u00e9mineurs. Ce jour-l\u00e0, le couple ne s\u2019attendait certainement pas \u00e0 remonter le fil de l\u2019<b>Histoire <\/b>\u00e0 travers une <b>simple balade<\/b> en for\u00eat, dans un lieu o\u00f9 ils n\u2019avaient jamais mis les pieds\u2009: \u00ab\u2009C\u2019est un lien avec l\u2019Histoire qui est assez \u00e9loign\u00e9, mais au final assez proche\u2009\u00bb conclut J\u00e9r\u00f4me Lecocq.<\/p>\n<p class=\" wall-content\">Suivez toute l\u2019actualit\u00e9 de vos villes et m\u00e9dias favoris en vous inscrivant \u00e0 <a href=\"https:\/\/moncompte.actu.fr\" title=\"D\u00e9couvez Mon Actu\" rel=\"nofollow noopener\" data-trk=\"{&quot;cta&quot;:{&quot;action&quot;:&quot;https:\\\/\\\/moncompte.actu.fr&quot;,&quot;category&quot;:&quot;mon compte&quot;,&quot;from&quot;:&quot;article footer&quot;,&quot;name&quot;:&quot;Mon actu&quot;,&quot;type&quot;:&quot;cta&quot;}}\" target=\"_blank\">Mon Actu<\/a>.<\/p>\n","protected":false},"excerpt":{"rendered":"Par Chlo\u00e9 LENTIER Publi\u00e9 le 3 ao\u00fbt 2025 \u00e0 16h32 Il pensait simplement cueillir quelques champignons. Vendredi 1er\u00a0ao\u00fbt&hellip;\n","protected":false},"author":2,"featured_media":293842,"comment_status":"","ping_status":"","sticky":false,"template":"","format":"standard","meta":{"footnotes":""},"categories":[9587],"tags":[1111,11,7552,1777,674,5183,1011,27,1757,12,5161,25,9590,935],"class_list":{"0":"post-293841","1":"post","2":"type-post","3":"status-publish","4":"format-standard","5":"has-post-thumbnail","7":"category-rouen","8":"tag-actu","9":"tag-actualites","10":"tag-balade","11":"tag-eu","12":"tag-europe","13":"tag-foret","14":"tag-fr","15":"tag-france","16":"tag-insolite","17":"tag-news","18":"tag-normandie","19":"tag-republique-francaise","20":"tag-rouen","21":"tag-seconde-guerre-mondiale"},"share_on_mastodon":{"url":"https:\/\/pubeurope.com\/@fr\/114965608392910465","error":""},"_links":{"self":[{"href":"https:\/\/www.europesays.com\/fr\/wp-json\/wp\/v2\/posts\/293841","targetHints":{"allow":["GET"]}}],"collection":[{"href":"https:\/\/www.europesays.com\/fr\/wp-json\/wp\/v2\/posts"}],"about":[{"href":"https:\/\/www.europesays.com\/fr\/wp-json\/wp\/v2\/types\/post"}],"author":[{"embeddable":true,"href":"https:\/\/www.europesays.com\/fr\/wp-json\/wp\/v2\/users\/2"}],"replies":[{"embeddable":true,"href":"https:\/\/www.europesays.com\/fr\/wp-json\/wp\/v2\/comments?post=293841"}],"version-history":[{"count":0,"href":"https:\/\/www.europesays.com\/fr\/wp-json\/wp\/v2\/posts\/293841\/revisions"}],"wp:featuredmedia":[{"embeddable":true,"href":"https:\/\/www.europesays.com\/fr\/wp-json\/wp\/v2\/media\/293842"}],"wp:attachment":[{"href":"https:\/\/www.europesays.com\/fr\/wp-json\/wp\/v2\/media?parent=293841"}],"wp:term":[{"taxonomy":"category","embeddable":true,"href":"https:\/\/www.europesays.com\/fr\/wp-json\/wp\/v2\/categories?post=293841"},{"taxonomy":"post_tag","embeddable":true,"href":"https:\/\/www.europesays.com\/fr\/wp-json\/wp\/v2\/tags?post=293841"}],"curies":[{"name":"wp","href":"https:\/\/api.w.org\/{rel}","templated":true}]}}