{"id":293843,"date":"2025-08-03T15:45:22","date_gmt":"2025-08-03T15:45:22","guid":{"rendered":"https:\/\/www.europesays.com\/fr\/293843\/"},"modified":"2025-08-03T15:45:22","modified_gmt":"2025-08-03T15:45:22","slug":"beach-volley-la-grenobloise-clemence-vieira-et-sa-partenaire-sont-vice-championnes-deurope-une-premiere-depuis-1999","status":"publish","type":"post","link":"https:\/\/www.europesays.com\/fr\/293843\/","title":{"rendered":"Beach-volley. La Grenobloise Cl\u00e9mence Vieira et sa partenaire sont vice-championnes d&rsquo;Europe, une premi\u00e8re depuis 1999"},"content":{"rendered":"<p>La\u00a0Grenobloise <a href=\"https:\/\/www.ledauphine.com\/p\/clemence-vieira\" target=\"_blank\" rel=\"nofollow noopener\">Cl\u00e9mence Vieira<\/a> et la Lyonnaise <a href=\"https:\/\/www.ledauphine.com\/p\/aline-chamereau\" target=\"_blank\" rel=\"nofollow noopener\">Aline Chamereau<\/a> ont perdu en finale de l&rsquo;Euro f\u00e9minin de beach-volley, ce dimanche (1-2\u00a0 : 21-23, 21-18, 16-14). Le titre revient aux Ukrainiennes\u00a0Maryna Hladun et Tetiana Lazarenko. Apr\u00e8s un parcours historique, les Fran\u00e7aises offrent n\u00e9anmoins une premi\u00e8re m\u00e9daille continentale au beach-volley fran\u00e7ais depuis 26 ans.\u00a0<\/p>\n<p>Apr\u00e8s l&rsquo;or de Jean-Philippe Jodard et Christan Penigaud en 1993 et l&rsquo;argent d&rsquo;Anabelle Prawerman et C\u00e9cile Rigaux en 1999, elles permettent \u00e0 la France de remporter une troisi\u00e8me m\u00e9daille europ\u00e9enne.\u00a0Mais elles n&rsquo;\u00e9taient pas loin de ravir la breloque en or. En sauvant une premi\u00e8re balle de match gr\u00e2ce \u00e0 une frappe puissante, Cl\u00e9mence Vieira et sa partenaire ont cru \u00e0 un nouvel exploit en Allemagne. Mais les Ukrainiennes ont r\u00e9sist\u00e9 pour conclure un parcours lui aussi historique, car gr\u00e2ce \u00e0 ce titre, l&rsquo;Ukraine remporte sa premi\u00e8re m\u00e9daille d&rsquo;or dans son histoire \u00e0 l&rsquo;Euro.<\/p>\n<p>Une\u00a0ascension express<\/p>\n<p>Depuis une semaine, les Fran\u00e7aises sont sur un petit nuage \u00e0 D\u00fcsseldorf. Apr\u00e8s une qualification d\u00e9j\u00e0 historique en quart de finale contre les\u00a0Lettonnes Tina Graudina et Anastasija Samoilova, la paire a surprise <a href=\"https:\/\/www.ledauphine.com\/sport\/2025\/08\/02\/clemence-vieira-et-aline-chamereau-sont-en-finale-de-l-euro-feminin\" target=\"_blank\" rel=\"nofollow noopener\">les tenantes du titre allemandes<\/a> Svenja M\u00fcller et Cinja Tillmann en demi-finales (0-2 : 13-21, 16-21), samedi.\u00a0<\/p>\n<p>Ce contenu est bloqu\u00e9 car vous n&rsquo;avez pas accept\u00e9 les cookies et autres traceurs.<\/p>\n<p>En cliquant sur \u00ab J\u2019accepte \u00bb, les cookies et autres traceurs seront d\u00e9pos\u00e9s et vous pourrez visualiser les contenus  (<a href=\"\" class=\"consentModule_policy\" target=\"_blank\" title=\"Consulter la politique de protection des donn\u00e9es du fournisseur\">plus d&rsquo;informations<\/a>).<\/p>\n<p>En cliquant sur \u00ab J\u2019accepte tous les cookies \u00bb, vous autorisez des d\u00e9p\u00f4ts de cookies et autres traceurs pour le stockage de vos donn\u00e9es sur nos sites et applications \u00e0 des fins de personnalisation et de ciblage publicitaire.<\/p>\n<p class=\"consentModule_secondaryText\">Vous gardez la possibilit\u00e9 de retirer votre consentement \u00e0 tout moment en consultant notre <a href=\"https:\/\/www.ledauphine.com\/protection-des-donnees\" target=\"_blank\" title=\"Consulter notre politique de protection des donn\u00e9es\" rel=\"nofollow noopener\">politique de protection des donn\u00e9es<\/a>. <br \/>&#13;<br \/>\n            <a href=\"https:\/\/www.ledauphine.com\/sport\/2025\/08\/03\/javascript:Didomi.notice.show()\" class=\"consentModule_cmp\" rel=\"nofollow noopener\" target=\"_blank\">G\u00e9rer mes choix<\/a>&#13;\n        <\/p>\n<p>&#13;<br \/>\n                        J&rsquo;accepte&#13;<br \/>\n            J&rsquo;accepte tous les cookies&#13;\n        <\/p>\n<p>A trois mois des championnats du monde en Australie (14-23\u00a0novembre), les Tricolores poursuivent leur ascension express au sommet du beach-volley europ\u00e9en. Onzi\u00e8mes mondiales au classement ProTour, elles encha\u00eenent les bons r\u00e9sultats depuis le d\u00e9but de la saison avec notamment deux podiums au B<a href=\"https:\/\/www.ledauphine.com\/sport\/2025\/07\/04\/la-grenobloise-clemence-vieira-enchaine-les-bons-resultats-en-beach-pro-tour\" target=\"_blank\" rel=\"nofollow noopener\">PT Challenge d&rsquo;Alanya et de Xiamen.<\/a><\/p>\n<p>Associ\u00e9es depuis 2021, Aline Chamereau et Cl\u00e9mence Vieira n&rsquo;\u00e9taient pas parvenues \u00e0 d\u00e9passer les phases de groupe aux JO 2024 (3 d\u00e9faites en 3 matchs), puis avaient subi le m\u00eame sort \u00e0 l&rsquo;Euro 2024 (1 victoire en 3 matchs).<\/p>\n","protected":false},"excerpt":{"rendered":"La\u00a0Grenobloise Cl\u00e9mence Vieira et la Lyonnaise Aline Chamereau ont perdu en finale de l&rsquo;Euro f\u00e9minin de beach-volley, ce&hellip;\n","protected":false},"author":2,"featured_media":292555,"comment_status":"","ping_status":"","sticky":false,"template":"","format":"standard","meta":{"footnotes":""},"categories":[9566],"tags":[1111,11,2430,112,1777,674,1701,1011,27,2731,2732,108,12,25,517,1947,1632],"class_list":{"0":"post-293843","1":"post","2":"type-post","3":"status-publish","4":"format-standard","5":"has-post-thumbnail","7":"category-grenoble","8":"tag-actu","9":"tag-actualites","10":"tag-auvergne-rhone-alpes","11":"tag-edition-grenoble-agglomeration","12":"tag-eu","13":"tag-europe","14":"tag-fil-info-sport","15":"tag-fr","16":"tag-france","17":"tag-grenoble","18":"tag-grenoble-bassin","19":"tag-isere","20":"tag-news","21":"tag-republique-francaise","22":"tag-sport","23":"tag-sport-national","24":"tag-volley-ball"},"share_on_mastodon":{"url":"https:\/\/pubeurope.com\/@fr\/114965612063240811","error":""},"_links":{"self":[{"href":"https:\/\/www.europesays.com\/fr\/wp-json\/wp\/v2\/posts\/293843","targetHints":{"allow":["GET"]}}],"collection":[{"href":"https:\/\/www.europesays.com\/fr\/wp-json\/wp\/v2\/posts"}],"about":[{"href":"https:\/\/www.europesays.com\/fr\/wp-json\/wp\/v2\/types\/post"}],"author":[{"embeddable":true,"href":"https:\/\/www.europesays.com\/fr\/wp-json\/wp\/v2\/users\/2"}],"replies":[{"embeddable":true,"href":"https:\/\/www.europesays.com\/fr\/wp-json\/wp\/v2\/comments?post=293843"}],"version-history":[{"count":0,"href":"https:\/\/www.europesays.com\/fr\/wp-json\/wp\/v2\/posts\/293843\/revisions"}],"wp:featuredmedia":[{"embeddable":true,"href":"https:\/\/www.europesays.com\/fr\/wp-json\/wp\/v2\/media\/292555"}],"wp:attachment":[{"href":"https:\/\/www.europesays.com\/fr\/wp-json\/wp\/v2\/media?parent=293843"}],"wp:term":[{"taxonomy":"category","embeddable":true,"href":"https:\/\/www.europesays.com\/fr\/wp-json\/wp\/v2\/categories?post=293843"},{"taxonomy":"post_tag","embeddable":true,"href":"https:\/\/www.europesays.com\/fr\/wp-json\/wp\/v2\/tags?post=293843"}],"curies":[{"name":"wp","href":"https:\/\/api.w.org\/{rel}","templated":true}]}}