{"id":293848,"date":"2025-08-03T15:49:40","date_gmt":"2025-08-03T15:49:40","guid":{"rendered":"https:\/\/www.europesays.com\/fr\/293848\/"},"modified":"2025-08-03T15:49:40","modified_gmt":"2025-08-03T15:49:40","slug":"rencontre-avec-2-structures-qui-reparent-plutot-que-jeter-a-strasbourg","status":"publish","type":"post","link":"https:\/\/www.europesays.com\/fr\/293848\/","title":{"rendered":"rencontre avec 2 structures qui r\u00e9parent plut\u00f4t que jeter \u00e0 Strasbourg !"},"content":{"rendered":"<p><strong>Produits, achet\u00e9s, utilis\u00e9s, jet\u00e9s : de nombreux objets du quotidien se retrouvent \u00e0 la poubelle apr\u00e8s avoir suivi cette trajectoire lin\u00e9aire. \u00c0 l\u2019inverse, l\u2019\u00e9conomie circulaire propose de les r\u00e9utiliser, de les r\u00e9parer ou carr\u00e9ment de les remettre \u00e0 neuf pour qu\u2019ils durent le plus longtemps possible. \u00c0 Strasbourg, la Banque de l\u2019Objet et Envie nourrissent ce mod\u00e8le durable. Reportage.<\/strong><\/p>\n<p>Papeterie, produits d\u2019hygi\u00e8ne, meubles, cosm\u00e9tiques, v\u00eatements, d\u00e9coration\u2026 \u00c0 la Meinau, les locaux de la Banque de l\u2019Objet abritent d\u2019\u00e9tranges rayonnages. <strong>Sur environ 6000 m\u00b2, des \u00e9tag\u00e8res de toutes les tailles contiennent des dizaines de milliers d\u2019objets h\u00e9t\u00e9roclites<\/strong>. Neufs, pour la plupart. En qu\u00eate d\u2019une seconde vie.<\/p>\n<p>    <img width=\"800\" height=\"533\" src=\"https:\/\/www.europesays.com\/fr\/wp-content\/uploads\/2025\/08\/250730-pka-eco-circulaire-13-800x533.jpg\" class=\"attachment-image-size-L size-image-size-L\" alt=\"\u00e9conomie circulaire ESS \u00e9conomie sociale et circulaire Banque de l\u2019objet\" decoding=\"async\" loading=\"lazy\"  \/>         \u00a9 Adrien Labit \/ Pokaa <\/p>\n<p>Valoriser les invendus<\/p>\n<p><strong>Cr\u00e9\u00e9e en 2014, la Banque de l\u2019Objet collecte des invendus non alimentaires ou du mobilier en bon \u00e9tat pour permettre leur r\u00e9emploi.<\/strong> \u00ab Nous r\u00e9cup\u00e9rons essentiellement des stocks de supermarch\u00e9s ou d\u2019hypermarch\u00e9s. Mais parfois, <strong>nous recevons \u00e9galement des meubles d\u2019h\u00f4tels<\/strong> qui changent leur d\u00e9coration, de collectivit\u00e9s ou d\u2019entreprises qui renouvellent leurs bureaux \u00bb, d\u00e9taille Maryline Wilhelm, directrice du p\u00f4le insertion de l\u2019association Horizon Amiti\u00e9, dont d\u00e9pend la structure depuis 2024.<\/p>\n<p>                <img width=\"750\" height=\"500\" src=\"https:\/\/www.europesays.com\/fr\/wp-content\/uploads\/2025\/08\/250730-pka-eco-circulaire-2-750x500.jpg\" class=\"attachment-gallery size-gallery\" alt=\"\u00e9conomie circulaire ESS \u00e9conomie sociale et circulaire Banque de l\u2019objet\" data-full-url=\"https:\/\/pokaa.fr\/wp-content\/uploads\/2025\/07\/30\/250730-pka-eco-circulaire-2.jpg\" decoding=\"async\" loading=\"lazy\"  \/>            <\/p>\n<p>                <img width=\"750\" height=\"500\" src=\"https:\/\/www.europesays.com\/fr\/wp-content\/uploads\/2025\/08\/250730-pka-eco-circulaire-5-750x500.jpg\" class=\"attachment-gallery size-gallery\" alt=\"\u00e9conomie circulaire ESS \u00e9conomie sociale et circulaire Banque de l\u2019objet\" data-full-url=\"https:\/\/pokaa.fr\/wp-content\/uploads\/2025\/07\/30\/250730-pka-eco-circulaire-5.jpg\" decoding=\"async\" loading=\"lazy\"  \/>            <\/p>\n<p>                <img width=\"750\" height=\"500\" src=\"https:\/\/www.europesays.com\/fr\/wp-content\/uploads\/2025\/08\/250730-pka-eco-circulaire-11-750x500.jpg\" class=\"attachment-gallery size-gallery\" alt=\"\u00e9conomie circulaire ESS \u00e9conomie sociale et circulaire Banque de l\u2019objet\" data-full-url=\"https:\/\/pokaa.fr\/wp-content\/uploads\/2025\/07\/30\/250730-pka-eco-circulaire-11.jpg\" decoding=\"async\" loading=\"lazy\"  \/>            <\/p>\n<p>                <img width=\"750\" height=\"500\" src=\"https:\/\/www.europesays.com\/fr\/wp-content\/uploads\/2025\/08\/250730-pka-eco-circulaire-12-750x500.jpg\" class=\"attachment-gallery size-gallery\" alt=\"\u00e9conomie circulaire ESS \u00e9conomie sociale et circulaire Banque de l\u2019objet\" data-full-url=\"https:\/\/pokaa.fr\/wp-content\/uploads\/2025\/07\/30\/250730-pka-eco-circulaire-12.jpg\" decoding=\"async\" loading=\"lazy\"  \/>            <\/p>\n<p>                    \u00a9 Adrien Labit \/ Pokaa<\/p>\n<p>    <img width=\"800\" height=\"532\" src=\"https:\/\/www.europesays.com\/fr\/wp-content\/uploads\/2025\/08\/250730-pka-eco-circulaire-22-800x532.jpg\" class=\"attachment-image-size-L size-image-size-L\" alt=\"\u00e9conomie circulaire ESS \u00e9conomie sociale et circulaire Banque de l\u2019objet\" decoding=\"async\" loading=\"lazy\"  \/>         Maryline Wilhelm. \u00a9 Adrien Labit \/ Pokaa <\/p>\n<p><strong>Tri\u00e9s et stock\u00e9s, ces objets neufs sont ensuite revendus \u00e0 petit prix\u00a0: environ 15% de leur valeur marchande, pour compenser les frais de logistique<\/strong>. La Banque de l\u2019Objet organise deux ou trois journ\u00e9es portes ouvertes par an, \u00e0 destination du grand public. Mais l\u2019essentiel de son activit\u00e9 s\u2019adresse aux acteurs\/rices de l\u2019\u00e9conomie sociale et solidaire (ESS). \u00ab Les associations peuvent nous appeler ou nous envoyer un mail si elles ont un besoin particulier \u00bb, poursuit la directrice.<\/p>\n<p>Il peut aussi bien s\u2019agir de meubler un h\u00e9bergement d\u2019urgence que de d\u00e9corer un centre socioculturel le temps d\u2019une journ\u00e9e th\u00e9matique. <strong>Au quotidien, la Banque de l\u2019Objet accueille \u00e9galement des particuliers\/\u00e8res en situation de grande pr\u00e9carit\u00e9 qui sont envoy\u00e9(e)s par des associations caritatives<\/strong>. Ils et elles peuvent y trouver des v\u00eatements ou des produits d\u2019hygi\u00e8ne, souvent trop chers dans le commerce classique.<\/p>\n<p>                <img width=\"750\" height=\"500\" src=\"https:\/\/www.europesays.com\/fr\/wp-content\/uploads\/2025\/08\/250730-pka-eco-circulaire-7-750x500.jpg\" class=\"attachment-gallery size-gallery\" alt=\"\u00e9conomie circulaire ESS \u00e9conomie sociale et circulaire Banque de l\u2019objet\" data-full-url=\"https:\/\/pokaa.fr\/wp-content\/uploads\/2025\/07\/30\/250730-pka-eco-circulaire-7.jpg\" decoding=\"async\" loading=\"lazy\"  \/>            <\/p>\n<p>                <img width=\"750\" height=\"500\" src=\"https:\/\/www.europesays.com\/fr\/wp-content\/uploads\/2025\/08\/250730-pka-eco-circulaire-10-750x500.jpg\" class=\"attachment-gallery size-gallery\" alt=\"\u00e9conomie circulaire ESS \u00e9conomie sociale et circulaire Banque de l\u2019objet\" data-full-url=\"https:\/\/pokaa.fr\/wp-content\/uploads\/2025\/07\/30\/250730-pka-eco-circulaire-10.jpg\" decoding=\"async\" loading=\"lazy\"  \/>            <\/p>\n<p>                <img width=\"750\" height=\"500\" src=\"https:\/\/www.europesays.com\/fr\/wp-content\/uploads\/2025\/08\/250730-pka-eco-circulaire-17-750x500.jpg\" class=\"attachment-gallery size-gallery\" alt=\"\u00e9conomie circulaire ESS \u00e9conomie sociale et circulaire Banque de l\u2019objet\" data-full-url=\"https:\/\/pokaa.fr\/wp-content\/uploads\/2025\/07\/30\/250730-pka-eco-circulaire-17.jpg\" decoding=\"async\" loading=\"lazy\"  \/>            <\/p>\n<p>                <img width=\"333\" height=\"500\" src=\"https:\/\/www.europesays.com\/fr\/wp-content\/uploads\/2025\/08\/250730-pka-eco-circulaire-18-333x500.jpg\" class=\"attachment-gallery size-gallery\" alt=\"\u00e9conomie circulaire ESS \u00e9conomie sociale et circulaire Banque de l\u2019objet\" data-full-url=\"https:\/\/pokaa.fr\/wp-content\/uploads\/2025\/07\/30\/250730-pka-eco-circulaire-18.jpg\" decoding=\"async\" loading=\"lazy\"  \/>            <\/p>\n<p>                    \u00a9 Adrien Labit \/ Pokaa<\/p>\n<p>Environ 350 tonnes d\u2019objets revaloris\u00e9s en 10 ans<\/p>\n<p>Depuis 2022, la Banque de l\u2019Objet est \u00e9galement un chantier d\u2019insertion. \u00ab <strong>Nous accueillons des personnes \u00e9loign\u00e9es de l\u2019emploi<\/strong>, d\u00e9taille Pascal Bremenson, encadrant en technique de vente. Nous regardons quels sont leurs freins et nous travaillons avec eux pour les amener vers une formation qualifiante ou un emploi durable.\u00a0\u00bb<\/p>\n<p>    <img width=\"800\" height=\"532\" src=\"https:\/\/www.europesays.com\/fr\/wp-content\/uploads\/2025\/08\/250730-pka-eco-circulaire-21-800x532.jpg\" class=\"attachment-image-size-L size-image-size-L\" alt=\"\u00e9conomie circulaire ESS \u00e9conomie sociale et circulaire Banque de l\u2019objet Pascal Bremenson\" decoding=\"async\" loading=\"lazy\"  \/>         Pascal Bremenson. \u00a9 Adrien Labit \/ Pokaa <\/p>\n<p><strong>Les salari\u00e9(e)s en insertion s\u2019occupent aussi bien de la collecte des objets que de la livraison, en passant par la pr\u00e9paration des commandes, l\u2019accueil des client(e)s, l\u2019\u00e9tiquetage ou la gestion des stocks<\/strong>. Dans une des salles de la structure, un petit showroom met en avant de la belle vaisselle d\u2019un c\u00f4t\u00e9 et des coffrets cosm\u00e9tiques de l\u2019autre. Un exercice qui leur a permis de \u00ab travailler le merchandising \u00bb.<\/p>\n<p>En insertion ou en encadrement, les salari\u00e9(e)s de la Banque de l\u2019Objet participent \u00e0 faire vivre un mod\u00e8le vertueux qui limite le gaspillage de ressources. <strong>Depuis sa cr\u00e9ation en 2014, la structure a collect\u00e9 470 tonnes d\u2019objets et en a revaloris\u00e9 350 tonnes. En tout, ce sont 175 000 objets qui ont \u00e9t\u00e9 distribu\u00e9s pour une valeur de 3 millions d\u2019euros<\/strong>.<\/p>\n<p>                <img width=\"750\" height=\"500\" src=\"https:\/\/www.europesays.com\/fr\/wp-content\/uploads\/2025\/08\/250730-pka-eco-circulaire-20-750x500.jpg\" class=\"attachment-gallery size-gallery\" alt=\"\u00e9conomie circulaire ESS \u00e9conomie sociale et circulaire Banque de l\u2019objet\" data-full-url=\"https:\/\/pokaa.fr\/wp-content\/uploads\/2025\/07\/30\/250730-pka-eco-circulaire-20.jpg\" decoding=\"async\" loading=\"lazy\"  \/>            <\/p>\n<p>                <img width=\"750\" height=\"500\" src=\"https:\/\/www.europesays.com\/fr\/wp-content\/uploads\/2025\/08\/250730-pka-eco-circulaire-19-750x500.jpg\" class=\"attachment-gallery size-gallery\" alt=\"\u00e9conomie circulaire ESS \u00e9conomie sociale et circulaire Banque de l\u2019objet\" data-full-url=\"https:\/\/pokaa.fr\/wp-content\/uploads\/2025\/07\/30\/250730-pka-eco-circulaire-19.jpg\" decoding=\"async\" loading=\"lazy\"  \/>            <\/p>\n<p>                <img width=\"750\" height=\"500\" src=\"https:\/\/www.europesays.com\/fr\/wp-content\/uploads\/2025\/08\/250730-pka-eco-circulaire-16-750x500.jpg\" class=\"attachment-gallery size-gallery\" alt=\"\u00e9conomie circulaire ESS \u00e9conomie sociale et circulaire Banque de l\u2019objet\" data-full-url=\"https:\/\/pokaa.fr\/wp-content\/uploads\/2025\/07\/30\/250730-pka-eco-circulaire-16.jpg\" decoding=\"async\" loading=\"lazy\"  \/>            <\/p>\n<p>                    \u00a9 Adrien Labit \/ Pokaa<\/p>\n<p>\u00c0 Envie, r\u00e9parer tout ce qui peut l\u2019\u00eatre<\/p>\n<p>\u00c0 Koenigshoffen, le magasin d\u2019\u00e9lectrom\u00e9nagers r\u00e9nov\u00e9s et reconditionn\u00e9s Envie fait \u00e9galement figure de mod\u00e8le en mati\u00e8re d\u2019\u00e9conomie circulaire. <strong>Depuis 41 ans, cette entreprise r\u00e9cup\u00e8re toutes sortes d\u2019appareils \u00e9lectroniques et m\u00e9nagers pour les r\u00e9nover ou les r\u00e9parer et les revendre dans sa boutique<\/strong>. Elle a donn\u00e9 naissance \u00e0 un r\u00e9seau qui compte aujourd\u2019hui une cinquantaine de sites partout en France.<\/p>\n<p>Situ\u00e9 dans un grand b\u00e2timent, Envie ouvre ses portes sur un espace de vente bien ordonn\u00e9. Des frigos d\u2019un c\u00f4t\u00e9, des gazini\u00e8res, des fours et plaques \u00e9lectriques de l\u2019autre. Sans oublier une vitrine d\u2019ordinateurs portables et quelques \u00e9tag\u00e8res avec du petit \u00e9lectrom\u00e9nager. <strong>Autant d\u2019appareils reconditionn\u00e9s sur place, par des salari\u00e9(e)s en insertion.<\/strong><\/p>\n<p>                <img width=\"750\" height=\"500\" src=\"https:\/\/www.europesays.com\/fr\/wp-content\/uploads\/2025\/08\/250730-pka-eco-circulaire-24-750x500.jpg\" class=\"attachment-gallery size-gallery\" alt=\"\u00e9conomie circulaire ESS \u00e9conomie sociale et circulaire Envie\" data-full-url=\"https:\/\/pokaa.fr\/wp-content\/uploads\/2025\/07\/30\/250730-pka-eco-circulaire-24.jpg\" decoding=\"async\" loading=\"lazy\"  \/>            <\/p>\n<p>                <img width=\"750\" height=\"500\" src=\"https:\/\/www.europesays.com\/fr\/wp-content\/uploads\/2025\/08\/250730-pka-eco-circulaire-25-750x500.jpg\" class=\"attachment-gallery size-gallery\" alt=\"\u00e9conomie circulaire ESS \u00e9conomie sociale et circulaire Envie\" data-full-url=\"https:\/\/pokaa.fr\/wp-content\/uploads\/2025\/07\/30\/250730-pka-eco-circulaire-25.jpg\" decoding=\"async\" loading=\"lazy\"  \/>            <\/p>\n<p>                    \u00a9 Adrien Labit \/ Pokaa<\/p>\n<p>\u00ab\u00a0<strong>Ici, tout le monde a sa place<\/strong>, explique Nathalie Faivre, responsable d\u2019exploitation du site strasbourgeois. Nous accueillons des \u00e9trangers qui ont fui la guerre comme des Fran\u00e7ais ayant eu des difficult\u00e9s avec le syst\u00e8me scolaire. C\u2019est la force d\u2019Envie. Et c\u2019est important qu\u2019une structure comme la n\u00f4tre existe, car tout le monde n\u2019est pas apte \u00e0 entrer dans un moule qui est de plus en plus violent. \u00bb<\/p>\n<p>    <img width=\"800\" height=\"532\" src=\"https:\/\/www.europesays.com\/fr\/wp-content\/uploads\/2025\/08\/250730-pka-eco-circulaire-44-800x532.jpg\" class=\"attachment-image-size-L size-image-size-L\" alt=\"\u00e9conomie circulaire ESS \u00e9conomie sociale et circulaire Envie\" decoding=\"async\" loading=\"lazy\"  \/>         Nathalie Faivre. \u00a9 Adrien Labit \/ Pokaa <\/p>\n<p>Un circuit local<\/p>\n<p><strong>Envie Koenigshoffen compte aujourd\u2019hui 35 salari\u00e9(e)s en insertion et 18 en encadrement<\/strong>. Ils et elles font tourner un site d\u2019environ 6000 m\u00b2 avec des ateliers pour le chaud (fours, gazini\u00e8res, micro-ondes), le froid (frigos, climatiseurs, cong\u00e9lateurs), l\u2019\u00e9lectronique (t\u00e9l\u00e9phones portables, ordinateurs), mais aussi pour les machines \u00e0 laver ou encore le petit \u00e9lectrom\u00e9nager. <strong>\u00a0<\/strong><\/p>\n<p>Tout au fond du b\u00e2timent et \u00e0 l\u2019\u00e9tage, <strong>la structure stocke \u00e9galement de nombreuses pi\u00e8ces d\u00e9tach\u00e9es qui peuvent servir \u00e0 des particuliers\/\u00e8res ou \u00e0 des professionnel(le)s. Une sorte de \u00ab casse\u00a0\u00e9lectrom\u00e9nag\u00e8re\u00a0\u00bb.<\/strong><\/p>\n<p>                <img width=\"750\" height=\"500\" src=\"https:\/\/www.europesays.com\/fr\/wp-content\/uploads\/2025\/08\/250730-pka-eco-circulaire-28-750x500.jpg\" class=\"attachment-gallery size-gallery\" alt=\"\u00e9conomie circulaire ESS \u00e9conomie sociale et circulaire Envie\" data-full-url=\"https:\/\/pokaa.fr\/wp-content\/uploads\/2025\/07\/30\/250730-pka-eco-circulaire-28.jpg\" decoding=\"async\" loading=\"lazy\"  \/>            <\/p>\n<p>                <img width=\"750\" height=\"500\" src=\"https:\/\/www.europesays.com\/fr\/wp-content\/uploads\/2025\/08\/250730-pka-eco-circulaire-29-750x500.jpg\" class=\"attachment-gallery size-gallery\" alt=\"\u00e9conomie circulaire ESS \u00e9conomie sociale et circulaire Envie\" data-full-url=\"https:\/\/pokaa.fr\/wp-content\/uploads\/2025\/07\/30\/250730-pka-eco-circulaire-29.jpg\" decoding=\"async\" loading=\"lazy\"  \/>            <\/p>\n<p>                <img width=\"333\" height=\"500\" src=\"https:\/\/www.europesays.com\/fr\/wp-content\/uploads\/2025\/08\/250730-pka-eco-circulaire-32-333x500.jpg\" class=\"attachment-gallery size-gallery\" alt=\"\u00e9conomie circulaire ESS \u00e9conomie sociale et circulaire Envie\" data-full-url=\"https:\/\/pokaa.fr\/wp-content\/uploads\/2025\/07\/30\/250730-pka-eco-circulaire-32.jpg\" decoding=\"async\" loading=\"lazy\"  \/>            <\/p>\n<p>                <img width=\"750\" height=\"500\" src=\"https:\/\/www.europesays.com\/fr\/wp-content\/uploads\/2025\/08\/250730-pka-eco-circulaire-30-750x500.jpg\" class=\"attachment-gallery size-gallery\" alt=\"\u00e9conomie circulaire ESS \u00e9conomie sociale et circulaire Envie\" data-full-url=\"https:\/\/pokaa.fr\/wp-content\/uploads\/2025\/07\/30\/250730-pka-eco-circulaire-30.jpg\" decoding=\"async\" loading=\"lazy\"  \/>            <\/p>\n<p>                <img width=\"750\" height=\"500\" src=\"https:\/\/www.europesays.com\/fr\/wp-content\/uploads\/2025\/08\/250730-pka-eco-circulaire-31-750x500.jpg\" class=\"attachment-gallery size-gallery\" alt=\"\u00e9conomie circulaire ESS \u00e9conomie sociale et circulaire Envie\" data-full-url=\"https:\/\/pokaa.fr\/wp-content\/uploads\/2025\/07\/30\/250730-pka-eco-circulaire-31.jpg\" decoding=\"async\" loading=\"lazy\"  \/>            <\/p>\n<p>                <img width=\"750\" height=\"500\" src=\"https:\/\/www.europesays.com\/fr\/wp-content\/uploads\/2025\/08\/250730-pka-eco-circulaire-33-750x500.jpg\" class=\"attachment-gallery size-gallery\" alt=\"\u00e9conomie circulaire ESS \u00e9conomie sociale et circulaire Envie\" data-full-url=\"https:\/\/pokaa.fr\/wp-content\/uploads\/2025\/07\/30\/250730-pka-eco-circulaire-33.jpg\" decoding=\"async\" loading=\"lazy\"  \/>            <\/p>\n<p>                <img width=\"750\" height=\"500\" src=\"https:\/\/www.europesays.com\/fr\/wp-content\/uploads\/2025\/08\/250730-pka-eco-circulaire-34-750x500.jpg\" class=\"attachment-gallery size-gallery\" alt=\"\u00e9conomie circulaire ESS \u00e9conomie sociale et circulaire Envie\" data-full-url=\"https:\/\/pokaa.fr\/wp-content\/uploads\/2025\/07\/30\/250730-pka-eco-circulaire-34.jpg\" decoding=\"async\" loading=\"lazy\"  \/>            <\/p>\n<p>                    \u00a9 Adrien Labit \/ Pokaa<\/p>\n<p>Aucun don n\u2019est inutile pour Envie. <strong>Les appareils qui ne marchent plus seront d\u00e9soss\u00e9s pour fournir des pi\u00e8ces qui serviront \u00e0 d\u2019autres<\/strong>.<\/p>\n<p>Mais depuis la promulgation de loi antigaspillage pour une \u00e9conomie circulaire (AGEC), qui oblige \u00e0 mieux produire en limitant l\u2019obsolescence programm\u00e9e et favorise le r\u00e9emploi, Envie a perdu une large partie de sa mati\u00e8re premi\u00e8re. \u00ab <strong>Les gros distributeurs d\u2019\u00e9lectrom\u00e9nager ont cr\u00e9\u00e9 leurs propres fili\u00e8res de valorisation <\/strong>\u00bb, explique Nathalie Faivre, qui note la disparition progressive de son \u00ab <strong>gisement historique<\/strong> \u00bb.<\/p>\n<p>                <img width=\"750\" height=\"500\" src=\"https:\/\/www.europesays.com\/fr\/wp-content\/uploads\/2025\/08\/250730-pka-eco-circulaire-41-750x500.jpg\" class=\"attachment-gallery size-gallery\" alt=\"\u00e9conomie circulaire ESS \u00e9conomie sociale et circulaire Envie\" data-full-url=\"https:\/\/pokaa.fr\/wp-content\/uploads\/2025\/07\/30\/250730-pka-eco-circulaire-41.jpg\" decoding=\"async\" loading=\"lazy\"  \/>            <\/p>\n<p>                <img width=\"750\" height=\"500\" src=\"https:\/\/www.europesays.com\/fr\/wp-content\/uploads\/2025\/08\/250730-pka-eco-circulaire-43-750x500.jpg\" class=\"attachment-gallery size-gallery\" alt=\"\u00e9conomie circulaire ESS \u00e9conomie sociale et circulaire Envie\" data-full-url=\"https:\/\/pokaa.fr\/wp-content\/uploads\/2025\/07\/30\/250730-pka-eco-circulaire-43.jpg\" decoding=\"async\" loading=\"lazy\"  \/>            <\/p>\n<p>                <img width=\"750\" height=\"500\" src=\"https:\/\/www.europesays.com\/fr\/wp-content\/uploads\/2025\/08\/250730-pka-eco-circulaire-37-750x500.jpg\" class=\"attachment-gallery size-gallery\" alt=\"\u00e9conomie circulaire ESS \u00e9conomie sociale et circulaire Envie\" data-full-url=\"https:\/\/pokaa.fr\/wp-content\/uploads\/2025\/07\/30\/250730-pka-eco-circulaire-37.jpg\" decoding=\"async\" loading=\"lazy\"  \/>            <\/p>\n<p>                <img width=\"750\" height=\"500\" src=\"https:\/\/www.europesays.com\/fr\/wp-content\/uploads\/2025\/08\/250730-pka-eco-circulaire-35-750x500.jpg\" class=\"attachment-gallery size-gallery\" alt=\"\u00e9conomie circulaire ESS \u00e9conomie sociale et circulaire Envie\" data-full-url=\"https:\/\/pokaa.fr\/wp-content\/uploads\/2025\/07\/30\/250730-pka-eco-circulaire-35.jpg\" decoding=\"async\" loading=\"lazy\"  \/>            <\/p>\n<p>                <img width=\"750\" height=\"500\" src=\"https:\/\/www.europesays.com\/fr\/wp-content\/uploads\/2025\/08\/250730-pka-eco-circulaire-36-750x500.jpg\" class=\"attachment-gallery size-gallery\" alt=\"\u00e9conomie circulaire ESS \u00e9conomie sociale et circulaire Envie\" data-full-url=\"https:\/\/pokaa.fr\/wp-content\/uploads\/2025\/07\/30\/250730-pka-eco-circulaire-36.jpg\" decoding=\"async\" loading=\"lazy\"  \/>            <\/p>\n<p>                    \u00a9 Adrien Labit \/ Pokaa<\/p>\n<p><strong>Envie a besoin de dons d\u2019objets \u00e0 r\u00e9parer pour poursuivre son activit\u00e9<\/strong>. Nathalie Faivre insiste sur son ancrage local.<\/p>\n<p>\u00ab Si un Strasbourgeois ou un Bas-Rhinois vient nous donner ou nous demande d\u2019aller chercher sa machine \u00e0 laver parce qu\u2019il en change, elle sera prise en charge dans nos ateliers, diagnostiqu\u00e9e, r\u00e9par\u00e9e si c\u2019est possible et \u00e9conomiquement rentable, lav\u00e9e, et mise en magasin. <strong>Elle pourra ainsi \u00eatre vendue par des salari\u00e9s en insertion vivant dans l\u2019Eurom\u00e9tropole \u00e0 d\u2019autres Strasbourgeois ou Bas-Rhinois<\/strong>. \u00bb<\/p>\n<p>                <img width=\"333\" height=\"500\" src=\"https:\/\/www.europesays.com\/fr\/wp-content\/uploads\/2025\/08\/250730-pka-eco-circulaire-40-333x500.jpg\" class=\"attachment-gallery size-gallery\" alt=\"\u00e9conomie circulaire ESS \u00e9conomie sociale et circulaire Envie\" data-full-url=\"https:\/\/pokaa.fr\/wp-content\/uploads\/2025\/07\/30\/250730-pka-eco-circulaire-40.jpg\" decoding=\"async\" loading=\"lazy\"  \/>            <\/p>\n<p>                <img width=\"750\" height=\"500\" src=\"https:\/\/www.europesays.com\/fr\/wp-content\/uploads\/2025\/08\/250730-pka-eco-circulaire-39-750x500.jpg\" class=\"attachment-gallery size-gallery\" alt=\"\u00e9conomie circulaire ESS \u00e9conomie sociale et circulaire Envie\" data-full-url=\"https:\/\/pokaa.fr\/wp-content\/uploads\/2025\/07\/30\/250730-pka-eco-circulaire-39.jpg\" decoding=\"async\" loading=\"lazy\"  \/>            <\/p>\n<p>                <img width=\"750\" height=\"500\" src=\"https:\/\/www.europesays.com\/fr\/wp-content\/uploads\/2025\/08\/250730-pka-eco-circulaire-38-750x500.jpg\" class=\"attachment-gallery size-gallery\" alt=\"\u00e9conomie circulaire ESS \u00e9conomie sociale et circulaire Envie\" data-full-url=\"https:\/\/pokaa.fr\/wp-content\/uploads\/2025\/07\/30\/250730-pka-eco-circulaire-38.jpg\" decoding=\"async\" loading=\"lazy\"  \/>            <\/p>\n<p>                    \u00a9 Adrien Labit \/ Pokaa<\/p>\n<p>\u00ab\u00a0Pas de machine qui part dans un centre de traitement \u00e0 l\u2019autre bout de la France, insiste la responsable d\u2019exploitation. Cela fait moins de d\u00e9chets sur le territoire alsacien, en cr\u00e9ant de l\u2019emploi et de la solidarit\u00e9. \u00bb<strong> En 2024, Envie Strasbourg a r\u00e9par\u00e9 7 000 des 12 000 appareils qu\u2019elle a fait rentrer dans ses stocks !\u00a0<\/strong><\/p>\n<p style=\"text-align: center;\"><a href=\"https:\/\/banquedelobjet.org\/contact\/\" target=\"_blank\" rel=\"noopener\">Le site web et les coordonn\u00e9es de la Banque de l\u2019Objet<\/a><br \/><a href=\"https:\/\/www.envie-strasbourg.org\" target=\"_blank\" rel=\"noopener\">Le site web et les coordonn\u00e9es d\u2019Envie Strasbourg<\/a><\/p>\n","protected":false},"excerpt":{"rendered":"Produits, achet\u00e9s, utilis\u00e9s, jet\u00e9s : de nombreux objets du quotidien se retrouvent \u00e0 la poubelle apr\u00e8s avoir suivi&hellip;\n","protected":false},"author":2,"featured_media":293849,"comment_status":"","ping_status":"","sticky":false,"template":"","format":"standard","meta":{"footnotes":""},"categories":[2820],"tags":[1111,11,12393,20323,1777,674,1011,27,775,6353,12,25,640,7177],"class_list":{"0":"post-293848","1":"post","2":"type-post","3":"status-publish","4":"format-standard","5":"has-post-thumbnail","7":"category-strasbourg","8":"tag-actu","9":"tag-actualites","10":"tag-economie-circulaire","11":"tag-ess","12":"tag-eu","13":"tag-europe","14":"tag-fr","15":"tag-france","16":"tag-grand-est","17":"tag-insertion","18":"tag-news","19":"tag-republique-francaise","20":"tag-strasbourg","21":"tag-valorisation"},"share_on_mastodon":{"url":"https:\/\/pubeurope.com\/@fr\/114965628662936942","error":""},"_links":{"self":[{"href":"https:\/\/www.europesays.com\/fr\/wp-json\/wp\/v2\/posts\/293848","targetHints":{"allow":["GET"]}}],"collection":[{"href":"https:\/\/www.europesays.com\/fr\/wp-json\/wp\/v2\/posts"}],"about":[{"href":"https:\/\/www.europesays.com\/fr\/wp-json\/wp\/v2\/types\/post"}],"author":[{"embeddable":true,"href":"https:\/\/www.europesays.com\/fr\/wp-json\/wp\/v2\/users\/2"}],"replies":[{"embeddable":true,"href":"https:\/\/www.europesays.com\/fr\/wp-json\/wp\/v2\/comments?post=293848"}],"version-history":[{"count":0,"href":"https:\/\/www.europesays.com\/fr\/wp-json\/wp\/v2\/posts\/293848\/revisions"}],"wp:featuredmedia":[{"embeddable":true,"href":"https:\/\/www.europesays.com\/fr\/wp-json\/wp\/v2\/media\/293849"}],"wp:attachment":[{"href":"https:\/\/www.europesays.com\/fr\/wp-json\/wp\/v2\/media?parent=293848"}],"wp:term":[{"taxonomy":"category","embeddable":true,"href":"https:\/\/www.europesays.com\/fr\/wp-json\/wp\/v2\/categories?post=293848"},{"taxonomy":"post_tag","embeddable":true,"href":"https:\/\/www.europesays.com\/fr\/wp-json\/wp\/v2\/tags?post=293848"}],"curies":[{"name":"wp","href":"https:\/\/api.w.org\/{rel}","templated":true}]}}