{"id":293851,"date":"2025-08-03T15:51:11","date_gmt":"2025-08-03T15:51:11","guid":{"rendered":"https:\/\/www.europesays.com\/fr\/293851\/"},"modified":"2025-08-03T15:51:11","modified_gmt":"2025-08-03T15:51:11","slug":"alors-quun-kebab-setait-positionne-la-mairie-de-cagnes-veut-racheter-cette-brasserie-fermee-pour-hygiene","status":"publish","type":"post","link":"https:\/\/www.europesays.com\/fr\/293851\/","title":{"rendered":"Alors qu&rsquo;un kebab s\u2019\u00e9tait positionn\u00e9, la mairie de Cagnes veut racheter cette brasserie ferm\u00e9e pour hygi\u00e8ne"},"content":{"rendered":"<p>Jean-Pierre Woignier, le pr\u00e9sident de l\u2019association Casa du Cros a d\u00e9j\u00e0 des nuits difficiles depuis qu\u2019il sait qu\u2019un projet immobilier va sortir de terre en face des petites maisons de p\u00eacheurs des Villas fleuries&#8230; Alors, la perspective qu\u2019un kebab ouvre \u00e0 la place de La Brasserie, 28 rue des oliviers, \u00e0 quelques encablures du projet immobilier, a fini de l\u2019emp\u00eacher de dormir sereinement. Il a donc pris la plume pour interpeller Louis N\u00e8gre. <\/p>\n<p>\u00ab\u00a0Une telle \u00e9volution commerciale, si elle venait \u00e0 se concr\u00e9tiser, porterait gravement atteinte \u00e0 l\u2019esprit patrimonial de ce lieu, situ\u00e9 \u00e0 un emplacement strat\u00e9gique: l\u2019entr\u00e9e nord du village du Cros, v\u00e9ritable point d\u2019acc\u00e8s embl\u00e9matique et structurant du centre historique du hameau des p\u00eacheurs\u00a0\u00bb, a pest\u00e9 le pr\u00e9sident de l\u2019association. Avant de lister toutes les raisons qui feraient d\u2019un restaurant de type kebab au Cros, un crime de l\u00e8se-majest\u00e9.<\/p>\n<p>Un avis favorable \u00e0 la pr\u00e9emption commerciale<\/p>\n<p>Et pour une fois, la Casa du Cros et la mairie sont en phase&#8230; \u00ab\u00a0Conscient de l\u2019int\u00e9r\u00eat g\u00e9n\u00e9ral du Cros-de-Cagnes, j\u2019avais d\u2019ores et d\u00e9j\u00e0 pris la d\u00e9cision de donner un avis favorable \u00e0 la pr\u00e9emption commerciale de cet \u00e9tablissement et ce, d\u00e8s que j\u2019ai re\u00e7u le dossier relatif au projet de vente de La Brasserie (d\u00e9claration d\u2019intention d\u2019ali\u00e9ner) le 25 juillet dernier\u00a0\u00bb, r\u00e9pond Louis N\u00e8gre. \u00ab\u00a0Quelques jours avant de le recevoir, j\u2019avais d\u2019ailleurs, sur ce sujet sensible, inform\u00e9 la pr\u00e9sidente de l\u2019association des commer\u00e7ants du Cros. D\u00e9sireux de proposer une diversit\u00e9 de commerces r\u00e9pondant aux besoins des Cagnois, il me paraissait \u00e9vident d\u2019y \u00e9mettre un avis favorable\u00a0\u00bb, encha\u00eene le maire.<\/p>\n<p>Un contr\u00f4le d\u2019hygi\u00e8ne le 22 juillet<\/p>\n<p>L\u2019affaire de La Brasserie fait beaucoup causer \u00e0 Cagnes. <a href=\"https:\/\/www.nicematin.com\/faits-divers\/crottes-de-rat-cuisine-fermee-et-bataille-politique-autour-d-un-etablissement-ferme-pour-hygiene-a-cagnes-sur-mer-995617\" rel=\"nofollow noopener\" target=\"_blank\">La cuisine a \u00e9t\u00e9 ferm\u00e9e par arr\u00eat\u00e9 municipal, apr\u00e8s un contr\u00f4le d\u2019hygi\u00e8ne, mardi 22 juillet<\/a>. Sur 12 points contr\u00f4l\u00e9s, 12 ont \u00e9t\u00e9 jug\u00e9s non conformes. De quoi faire jaser l\u2019opposition qui ne peut s\u2019emp\u00eacher de faire le lien avec <a href=\"https:\/\/www.nicematin.com\/vie-locale\/l-affaire-de-la-brasserie-fermee-pour-hygiene-fait-jaser-a-cagnes-un-coup-monte-pour-un-projet-immobilier--995766\" rel=\"nofollow noopener\" target=\"_blank\">le projet d\u2019Erilia aux Villas Fleuries<\/a>. Pourrait-il s\u2019\u00e9tendre jusqu\u2019au 28 rue des Oliviers? Non-assure la Ville qui indique que la confusion vient peut-\u00eatre du fait qu\u2019Erilia a achet\u00e9 un appartement qui se situe au-dessus de La Brasserie dans le but de le r\u00e9nover.<\/p>\n<p>L\u2019in\u00e9narrable Pierre Piacentini reste sceptique. Le candidat aux municipales d\u00e9clar\u00e9, \u00e9tiquet\u00e9 \u00ab\u00a0l\u2019\u00e9cologie au centre\u00a0\u00bb, trouve \u00ab\u00a0la co\u00efncidence troublante\u00a0\u00bb. \u00ab\u00a0Heureux hasard le nouvel acqu\u00e9reur est Erilia celui qui juste \u00e0 c\u00f4t\u00e9 pr\u00e9voit de construire les villas fleuries\u00a0\u00bb, ironise-t-il.<\/p>\n","protected":false},"excerpt":{"rendered":"Jean-Pierre Woignier, le pr\u00e9sident de l\u2019association Casa du Cros a d\u00e9j\u00e0 des nuits difficiles depuis qu\u2019il sait qu\u2019un&hellip;\n","protected":false},"author":2,"featured_media":293852,"comment_status":"","ping_status":"","sticky":false,"template":"","format":"standard","meta":{"footnotes":""},"categories":[2819],"tags":[1111,11,1777,674,1011,27,12,2401,882,25,3366],"class_list":{"0":"post-293851","1":"post","2":"type-post","3":"status-publish","4":"format-standard","5":"has-post-thumbnail","7":"category-nice","8":"tag-actu","9":"tag-actualites","10":"tag-eu","11":"tag-europe","12":"tag-fr","13":"tag-france","14":"tag-news","15":"tag-nice","16":"tag-provence-alpes-cote-dazur","17":"tag-republique-francaise","18":"tag-vie-locale"},"share_on_mastodon":{"url":"https:\/\/pubeurope.com\/@fr\/114965635735839539","error":""},"_links":{"self":[{"href":"https:\/\/www.europesays.com\/fr\/wp-json\/wp\/v2\/posts\/293851","targetHints":{"allow":["GET"]}}],"collection":[{"href":"https:\/\/www.europesays.com\/fr\/wp-json\/wp\/v2\/posts"}],"about":[{"href":"https:\/\/www.europesays.com\/fr\/wp-json\/wp\/v2\/types\/post"}],"author":[{"embeddable":true,"href":"https:\/\/www.europesays.com\/fr\/wp-json\/wp\/v2\/users\/2"}],"replies":[{"embeddable":true,"href":"https:\/\/www.europesays.com\/fr\/wp-json\/wp\/v2\/comments?post=293851"}],"version-history":[{"count":0,"href":"https:\/\/www.europesays.com\/fr\/wp-json\/wp\/v2\/posts\/293851\/revisions"}],"wp:featuredmedia":[{"embeddable":true,"href":"https:\/\/www.europesays.com\/fr\/wp-json\/wp\/v2\/media\/293852"}],"wp:attachment":[{"href":"https:\/\/www.europesays.com\/fr\/wp-json\/wp\/v2\/media?parent=293851"}],"wp:term":[{"taxonomy":"category","embeddable":true,"href":"https:\/\/www.europesays.com\/fr\/wp-json\/wp\/v2\/categories?post=293851"},{"taxonomy":"post_tag","embeddable":true,"href":"https:\/\/www.europesays.com\/fr\/wp-json\/wp\/v2\/tags?post=293851"}],"curies":[{"name":"wp","href":"https:\/\/api.w.org\/{rel}","templated":true}]}}