{"id":293853,"date":"2025-08-03T15:52:09","date_gmt":"2025-08-03T15:52:09","guid":{"rendered":"https:\/\/www.europesays.com\/fr\/293853\/"},"modified":"2025-08-03T15:52:09","modified_gmt":"2025-08-03T15:52:09","slug":"au-dessus-de-nice-cet-atelier-de-recyclage-du-plastique-denonce-par-une-petition-est-il-vraiment-polluant-des-specialistes-decryptent","status":"publish","type":"post","link":"https:\/\/www.europesays.com\/fr\/293853\/","title":{"rendered":"Au-dessus de Nice, cet atelier de recyclage du plastique, d\u00e9nonc\u00e9 par une p\u00e9tition, est-il vraiment polluant? Des sp\u00e9cialistes d\u00e9cryptent&#8230;"},"content":{"rendered":"<p>\u00ab\u00a0Une industrie Toxique\u00a0\u00bb C\u2019est en ces termes que des habitants de Villars-sur-Var contestent l\u2019arriv\u00e9e pr\u00e9vue, sur un terrain priv\u00e9, d\u2019un atelier de transformation de plastique en mobilier., situ\u00e9 en contrebas du village, dans le quartier plan de Lunel, au c\u0153ur du vignoble AOP. \u00bb, des citoyens ont lanc\u00e9 une p\u00e9tition, qui a d\u00e9j\u00e0 r\u00e9uni 1.085 signatures.<\/p>\n<p>Objectif: obtenir \u00ab\u00a0l\u2019abandon imm\u00e9diat du projet\u00a0\u00bb, jugeant, en premier lieu, le proc\u00e9d\u00e9 \u00ab\u00a0\u00e9metteur de compos\u00e9s organiques volatils, particules fines, microplastiques, perturbateurs endocriniens canc\u00e9rig\u00e8nes susceptibles de se d\u00e9poser dans l\u2019air, les sols, les cultures bios ou au bord du fleuve\u00a0\u00bb. En face, Val\u00e9rie Klein, fondatrice de l\u2019entreprise, fait valoir une activit\u00e9 \u00a0\u00bb responsable\u00a0\u00bb et un proc\u00e9d\u00e9 \u00ab\u00a0ma\u00eetris\u00e9, propre, sans risque\u00a0\u00bb.<\/p>\n<p>Concr\u00e8tement, il s\u2019agira de d\u00e9chiqueter jusqu\u2019\u00e0 100 tonnes par an de plastiques PP et PE (1) \u2013 issus de l\u2019industrie locale \u2013 ne n\u00e9cessitant pas de nettoyage, de les broyer en copeaux secs, puis de les fa\u00e7onner sous forme de plaque dans une presse chauffante (allant jusqu\u2019\u00e0 180\u00b0), les refroidir et fa\u00e7onner avec du mobilier, via un ajout de bois.<\/p>\n<p>Une m\u00e9thode utilis\u00e9e par Plastic Odyssey<\/p>\n<p>Suscitant une lev\u00e9e de boucliers \u00e0 Villars, le proc\u00e9d\u00e9, est utilis\u00e9 par<a href=\"https:\/\/www.nicematin.com\/environnement\/pollution-plastique-comment-plastic-odyssey-depollue-les-iles-du-bout-du-monde-990111\" rel=\"nofollow noopener\" target=\"_blank\"> Plastic Odyssey, collectif international engag\u00e9 pour la r\u00e9duction de la pollution dans l\u2019Oc\u00e9an<\/a>. Sur son bateau-labo et dans une usine de recyclage bas\u00e9e \u00e0 Dakar, l\u2019organisation utilise peu ou prou les m\u00eames machines que celles de Zyrclo, dont elle partage les fiches techniques en open source sur son site.<\/p>\n<p>\u00ab\u00a0Le d\u00e9chiquetage permet une premi\u00e8re r\u00e9duction de volume, le broyage fait des copeaux de m\u00eames tailles et forme, qui auront le m\u00eame temps de chauffe. \u00c0 ce stade, un syst\u00e8me d\u2019insonorisation [mis en avant par l\u2019entreprise Zyrclo, NDLR] s\u2019impose car le risque est le bruit\u00a0\u00bb, d\u00e9taille Tom B\u00e9bien, directeur technique chez Plastic Odyssey.<\/p>\n<p>En France, il \u00e9value \u00ab\u00a0\u00e0 moins d\u2019une quinzaine\u00a0\u00bb les entreprises usant de ce proc\u00e9d\u00e9 de recyclage dit m\u00e9canique (\u00e0 l\u2019inverse de chimique, car aucun produit n\u2019entre en jeu). \u00c0 l\u2019instar de Carbon blue, dans les Bouches-du-Rh\u00f4ne; ou de la soci\u00e9t\u00e9 Le Pav\u00e9, bas\u00e9e \u00e0 Aubervilliers, qui s\u2019est notamment illustr\u00e9e en r\u00e9alisant les si\u00e8ges des Jeux olympiques de Paris 2024.<\/p>\n<p>\u00ab\u00a0Le proc\u00e9d\u00e9 utilis\u00e9 n\u2019aura pas d\u2019impact imm\u00e9diat sur son environnement et sur la sant\u00e9\u00a0\u00bb<\/p>\n<p>Vient ensuite le moment le plus controvers\u00e9: celui de la fonte du plastique pour le fa\u00e7onner. \u00ab\u00a0Il s\u2019agit d\u2019un v\u00e9rin qui va fermer deux plateaux chauffants. \u00c0 l\u2019int\u00e9rieur, on dispose un moule dans lequel on met les copeaux. Il y a ensuite une progressivit\u00e9 entre la chauffe et la fermeture des plateaux pour faire fondre doucement les copeaux et les coller. Ensuite on les laisse refroidir. \u00c0 cette temp\u00e9rature, ils ne relarguent pas de fum\u00e9e ni de composant nocif\u00a0\u00bb, pr\u00e9cise le sp\u00e9cialiste. Seul point crucial: veiller \u00e0 n\u2019y mettre que des plastiques \u00ab\u00a0propres\u00a0\u00bb, non souill\u00e9s par de l\u2019huile ou autre composant chimiques pouvant se d\u00e9grader au contact de la chaleur.<\/p>\n<p>Un constat partag\u00e9 par <a href=\"https:\/\/www.nicematin.com\/conso-shopping\/produire-du-plastique-cest-produire-du-danger-cette-scientifique-alerte-contre-limpact-deletere-de-nos-emballages-886104\" rel=\"nofollow noopener\" target=\"_blank\">Nathalie Gontard, directrice de recherche \u00e0 l\u2019Institut national de recherche pour l\u2019agriculture, l\u2019alimentation et l\u2019environnement (Inrae)<\/a>. Voil\u00e0 30 ans que cette chercheuse en science de l\u2019emballage \u00e9tudie le plastique sous toutes ses coutures, un travail faisant d\u2019elle une r\u00e9f\u00e9rente internationale de la mati\u00e8re. \u00ab\u00a0Le proc\u00e9d\u00e9 utilis\u00e9 n\u2019aura pas d\u2019impact imm\u00e9diat sur son environnement et sur la sant\u00e9, la temp\u00e9rature de chauffe n\u2019est pas tr\u00e8s \u00e9lev\u00e9e\u00a0\u00bb, corrobore-t-elle.<\/p>\n<p>Recyclage ou d\u00e9cyclage?<\/p>\n<p>Pour autant, la scientifique \u00e9met des r\u00e9serves sur le fond. \u00ab\u00a0Il ne s\u2019agit pas l\u00e0 de recyclage, qui consiste \u00e0 g\u00e9n\u00e9rer un plastique \u00e0 l\u2019identique. Le seul recyclage est celui , mati\u00e8re avec laquelle on est capable de refaire des bouteilles\u00a0\u00bb, nuance-t-elle. Pour Nathalie Gontard, c\u2019est bien cette notion de d\u00e9cyclage qui pose question. \u00ab\u00a0Transformer le plastique en mobilier, c\u2019est chercher de nouveaux d\u00e9bouch\u00e9s pour la mati\u00e8re. Cela revient \u00e0 remplacer du bois, par exemple, par du plastique, en maintenant une d\u00e9pendance \u00e0 ces d\u00e9chets. Par ailleurs, ces objets, aussi beaux soient-ils, continueront, comme tous les plastiques, \u00e0 \u00e9mettre des micros et nanoparticules au fil de leur vie. L\u2019urgence, c\u2019est de r\u00e9duire le plastique \u00e0 la source. Construire des d\u00e9bouch\u00e9s \u00e9conomiques, c\u2019est un cercle vicieux\u00a0\u00bb, juge-t-elle.<\/p>\n<p>(1) Polypropyl\u00e8ne et poly\u00e9thyl\u00e8ne.<\/p>\n<p>(2) Polyt\u00e9r\u00e9phtalate d\u2019\u00e9thyl\u00e8ne.<\/p>\n","protected":false},"excerpt":{"rendered":"\u00ab\u00a0Une industrie Toxique\u00a0\u00bb C\u2019est en ces termes que des habitants de Villars-sur-Var contestent l\u2019arriv\u00e9e pr\u00e9vue, sur un terrain&hellip;\n","protected":false},"author":2,"featured_media":293854,"comment_status":"","ping_status":"","sticky":false,"template":"","format":"standard","meta":{"footnotes":""},"categories":[2819],"tags":[1111,11,33,436,1777,674,1011,27,12,2401,882,25,3366],"class_list":{"0":"post-293853","1":"post","2":"type-post","3":"status-publish","4":"format-standard","5":"has-post-thumbnail","7":"category-nice","8":"tag-actu","9":"tag-actualites","10":"tag-economie","11":"tag-environnement","12":"tag-eu","13":"tag-europe","14":"tag-fr","15":"tag-france","16":"tag-news","17":"tag-nice","18":"tag-provence-alpes-cote-dazur","19":"tag-republique-francaise","20":"tag-vie-locale"},"share_on_mastodon":{"url":"https:\/\/pubeurope.com\/@fr\/114965639650132559","error":""},"_links":{"self":[{"href":"https:\/\/www.europesays.com\/fr\/wp-json\/wp\/v2\/posts\/293853","targetHints":{"allow":["GET"]}}],"collection":[{"href":"https:\/\/www.europesays.com\/fr\/wp-json\/wp\/v2\/posts"}],"about":[{"href":"https:\/\/www.europesays.com\/fr\/wp-json\/wp\/v2\/types\/post"}],"author":[{"embeddable":true,"href":"https:\/\/www.europesays.com\/fr\/wp-json\/wp\/v2\/users\/2"}],"replies":[{"embeddable":true,"href":"https:\/\/www.europesays.com\/fr\/wp-json\/wp\/v2\/comments?post=293853"}],"version-history":[{"count":0,"href":"https:\/\/www.europesays.com\/fr\/wp-json\/wp\/v2\/posts\/293853\/revisions"}],"wp:featuredmedia":[{"embeddable":true,"href":"https:\/\/www.europesays.com\/fr\/wp-json\/wp\/v2\/media\/293854"}],"wp:attachment":[{"href":"https:\/\/www.europesays.com\/fr\/wp-json\/wp\/v2\/media?parent=293853"}],"wp:term":[{"taxonomy":"category","embeddable":true,"href":"https:\/\/www.europesays.com\/fr\/wp-json\/wp\/v2\/categories?post=293853"},{"taxonomy":"post_tag","embeddable":true,"href":"https:\/\/www.europesays.com\/fr\/wp-json\/wp\/v2\/tags?post=293853"}],"curies":[{"name":"wp","href":"https:\/\/api.w.org\/{rel}","templated":true}]}}