{"id":293855,"date":"2025-08-03T15:53:14","date_gmt":"2025-08-03T15:53:14","guid":{"rendered":"https:\/\/www.europesays.com\/fr\/293855\/"},"modified":"2025-08-03T15:53:14","modified_gmt":"2025-08-03T15:53:14","slug":"chez-karoline-un-cafe-comme-a-la-maison","status":"publish","type":"post","link":"https:\/\/www.europesays.com\/fr\/293855\/","title":{"rendered":"chez Karoline, un caf\u00e9 \u00ab\u00a0comme \u00e0 la maison\u00a0\u00bb"},"content":{"rendered":"<p>            Par<br \/>\n        <strong><br \/>\n            <a href=\"https:\/\/actu.fr\/auteur\/emma-derome\" title=\"Consulter tous les articles de Emma Derome\" rel=\"nofollow noopener\" target=\"_blank\">Emma Derome<\/a><br \/>\n        <\/strong><\/p>\n<p>        Publi\u00e9 le<\/p>\n<p>            3 ao\u00fbt 2025 \u00e0 17h32        <\/p>\n<p>\u00ab\u2009Tous les jours, c\u2019est l\u2019anniversaire de quelqu\u2019un ici\u2009!\u2009\u00bb Karoline, tenanci\u00e8re du caf\u00e9 <strong>Chez Peste et Chipie<\/strong>, quartier Saint-Jacques, \u00e0 Nantes, ne peut se r\u00e9soudre \u00e0 enlever la banderole \u00ab\u2009Bon anniversaire\u2009\u00bb qui traverse son \u00e9tablissement. En cette veille de week-end d\u2019\u00e9t\u00e9, on d\u00e9couvre son caf\u00e9, qui ressemble \u00e0 s\u2019y m\u00e9prendre \u00e0 <strong>une maison chaleureusement bord\u00e9lique<\/strong>. On passe la porte de cette v\u00e9ritable caverne d\u2019Ali Baba, attir\u00e9 par la musique qui s\u2019en d\u00e9gage\u2009: c\u2019est soir\u00e9e jam.<\/p>\n<blockquote class=\"ac-article-quote wall-content\">\n<p>En journ\u00e9e, il faut sonner pour entrer, mais il y a toujours quelqu&rsquo;un pour vous accueillir, que \u00e7a soit moi ou les gens qui sont l\u00e0.<\/p>\n<p>    <strong>Karoline, patronne de Chez Peste et Chipie<\/strong>\n            <\/p><\/blockquote>\n<p class=\" wall-content\">Des musiciens s\u2019affairent autour d\u2019une chanteuse \u00e0 la voix \u00e9raill\u00e9e. Ils se retrouvent normalement tous les mercredis soir. La patronne, ses Dr Martens assortis de lacets l\u00e9opard aux pieds et son t-shirt de skateuse sous sa salopette, s\u2019affaire un peu partout, entre la plancha, la tireuse \u00e0 bi\u00e8re et les <strong>requ\u00eates farfelues de ses clients<\/strong>, comme \u00ab\u2009du bicarbonate de soude pour la digestion\u2009\u00bb.<\/p>\n<p>    <img   decoding=\"async\" loading=\"lazy\" src=\"https:\/\/www.europesays.com\/fr\/wp-content\/uploads\/2025\/08\/img-4641-960x640.jpg\" alt=\"Le caf\u00e9 de Karoline est une v\u00e9ritable caverne d'Ali baba o\u00f9 les produits r\u00e9gionaux s\u00e9lectionn\u00e9s c\u00f4toient des objets improbables.\" width=\"960\" height=\"640\"\/><br \/>\n    Le caf\u00e9 de Karoline est un joyeux bordel o\u00f9 les produits r\u00e9gionaux s\u00e9lectionn\u00e9s c\u00f4toient une d\u00e9co improbable. (\u00a9Emma Derome \/ Actu Nantes)Un lieu o\u00f9 l\u2019on \u00ab\u2009cr\u00e9e du lien entre les gens\u2009\u00bb<\/p>\n<p class=\" wall-content\">Ce curieux \u00ab\u2009kaf\u00e9\u2009\u00bb, comme elle aime l\u2019appeler, est \u00e0 son image\u2009: <strong>aussi atypique qu\u2019accueillant<\/strong>. Les rires fusent parmi les habitu\u00e9s, qui s\u2019assoient entre une machine \u00e0 coudre vintage et un renard empaill\u00e9, <a href=\"https:\/\/actu.fr\/pays-de-la-loire\/derval_44051\/loire-atlantique-mondial-relay-ne-collabore-plus-avec-ce-petit-commerce_62735249.html\" rel=\"nofollow noopener\" target=\"_blank\">des colis Mondial Relay<\/a> d\u2019un c\u00f4t\u00e9 et le coin pour les enfants de l\u2019autre.<\/p>\n<p class=\" wall-content\">Derri\u00e8re le billot de cuisine qui lui sert de comptoir, Karoline propose <strong>une ribambelle de produits locaux<\/strong>\u2009; des bi\u00e8res artisanales, des vins de producteurs du coin, une collection impressionnante de saucissons et parfois des cookies maison. Le midi, c\u2019est \u00ab\u2009krok\u2009\u00bb monsieur \u00e0 composer, sur place ou \u00e0 emporter.<\/p>\n<p class=\" wall-content\">Il faut dire que cette nordiste originaire de Valenciennes a <strong>la culture du caf\u00e9 chevill\u00e9e au corps<\/strong>\u2009: plus jeune, son plaisir \u00e9tait de s\u2019asseoir en terrasse avec une bonne limonade, de regarder les gens passer, de sympathiser.<\/p>\n<blockquote class=\"ac-article-quote wall-content\">\n<p>Les jeunes n&rsquo;ont plus cette culture-l\u00e0 aujourd&rsquo;hui. Mais c&rsquo;est ce que j&rsquo;essaye de faire perdurer : le contact humain, l&rsquo;entraide&#8230; Ici, tu peux venir seul et discuter avec ton voisin sans que \u00e7a soit bizarre. C&rsquo;est important de cr\u00e9er du lien social dans le quartier, entre les gens.<\/p>\n<p>    <strong>Karoline<\/strong>\n            <\/p><\/blockquote>\n<p class=\" wall-content\">Elle a donn\u00e9 vie \u00e0 sa passion en ouvrant son affaire il y a six ans, apr\u00e8s avoir d\u2019abord tenu une <a href=\"https:\/\/actu.fr\/pays-de-la-loire\/blain_44015\/loire-atlantique-cette-guinguette-rouvre-au-bord-du-canal-de-nantes-a-brest_62592135.html\" rel=\"nofollow noopener\" target=\"_blank\">guinguette<\/a> sur les bords de Loire, \u00e0 Saint-S\u00e9bastien, avec son van vintage. On la surnommait alors \u00ab\u2009Miss Ruby Combi\u2009\u00bb.<\/p>\n<p>    <img   decoding=\"async\" loading=\"lazy\" src=\"https:\/\/www.europesays.com\/fr\/wp-content\/uploads\/2025\/08\/img-4646-960x640.jpg\" alt=\"Ce soir l\u00e0, c'est soir\u00e9e jam.\" width=\"960\" height=\"640\"\/><br \/>\n    Ce soir-l\u00e0, les amateurs de musique du quartier se retrouvent pour un jam, une session d\u2019improvisation. (\u00a9Emma Derome \/ Actu Nantes)\u00ab\u2009C\u2019est ma vie ici\u2009\u00bb<\/p>\n<p class=\" wall-content\">Certains clients, devenus des amis, lui sont fid\u00e8les depuis cette \u00e9poque. De son propre aveu, Fanny vient ici \u00ab\u2009pour un oui ou pour un non\u2009\u00bb. \u00ab\u2009C\u2019est ma vie ici, on se connait depuis 10\u00a0ans, <strong>je peux venir seule ou avec mes enfants<\/strong>\u2026 Karo les a vus grandir.\u2009\u00bb<\/p>\n<p class=\" wall-content\">D\u2019autres habitu\u00e9s sont venus chercher des colis et ne sont, pour ainsi dire, \u00ab\u2009jamais repartis\u2009\u00bb. C\u2019est le cas de Rodolphe, un artiste du quartier qui vend d\u00e9sormais ses illustrations sur place, ou d\u2019Ir\u00e8ne, une retrait\u00e9e qui habite juste en face, qui a m\u00eame aid\u00e9 Karoline \u00e0 d\u00e9m\u00e9nager sa maison.<\/p>\n<p class=\" wall-content\">A LIRE AUSSI A RAJOUTER<\/p>\n<p class=\" wall-content\">C\u2019est notamment pendant le couvre-feu de 2020 que Karoline a compris l\u2019importance de sa mission, alors que son commerce venait d\u2019ouvrir. Elle s\u2019occupait alors beaucoup des colis, vendait \u00e0 emporter des paniers de l\u00e9gumes, des produits r\u00e9gionaux.<\/p>\n<blockquote class=\"ac-article-quote wall-content\">\n<p>Les gens venaient pour \u00e9changer quelques mots, pour souffler un peu au milieu de cette ambiance lourde. Et les habitudes sont rest\u00e9es. Pour certain, je suis toujours le seul contact de la journ\u00e9e.<\/p>\n<p>    <strong\/>\n            <\/p><\/blockquote>\n<p class=\" wall-content\">Ici, personne n\u2019est mis \u00e0 la porte, pas m\u00eame ceux qui se sont perdus sur le chemin de <a href=\"https:\/\/actu.fr\/pays-de-la-loire\/nantes_44109\/la-psychiatrie-s-effondre-a-nantes-le-personnel-psychiatrique-en-pleine-asphyxie_61166519.html\" rel=\"nofollow noopener\" target=\"_blank\">l\u2019h\u00f4pital psychiatrique Saint-Jacques<\/a>. \u00c0 de rares occasions, certains clients ont m\u00eame dormi sur le canap\u00e9 du fond. Dans la cour int\u00e9rieure du b\u00e2timent, o\u00f9 un v\u00e9lo a \u00e9t\u00e9 recouvert d\u2019herbes folles, de gentils chiens rongent leur os devant un nouveau visiteur qui semble \u00e9tonn\u00e9 par ce spectacle. \u00ab\u2009Je ne serais jamais venu si on ne m\u2019en avait pas parl\u00e9. <strong>C\u2019est bien la premi\u00e8re fois que je vois un endroit pareil.<\/strong>\u2009\u00bb<\/p>\n<p>Chez Peste &amp; Chipie, 12 bd Joliot Curie, quartier Nantes Sud. Ouvert de 10\u2009h \u00e0 22\u2009h, sauf ateliers et soir\u00e9es sp\u00e9ciales. Horaires \u00e0 v\u00e9rifier sur la <a href=\"https:\/\/www.facebook.com\/chezpesteetchipie\" rel=\"nofollow noopener\" target=\"_blank\">page Facebook<\/a> ou le <a href=\"https:\/\/www.instagram.com\/chez.peste.chipie?utm_medium=copy_link&amp;fbclid=IwY2xjawL2-K1leHRuA2FlbQIxMABicmlkETFVUHFkTXlnUmpsMnlEaUZSAR6nVDm-Mjqv5AQb_gCApciCtd-bav5uSpyKJ4ZUFpYW8VPR0kbsXR-EADHITg_aem_t1lYiEcm_4rNHhR_dWcq3g\" rel=\"nofollow noopener\" target=\"_blank\">compte Instagram<\/a>.<\/p>\n<p class=\" wall-content\">Suivez toute l\u2019actualit\u00e9 de vos villes et m\u00e9dias favoris en vous inscrivant \u00e0 <a href=\"https:\/\/moncompte.actu.fr\" title=\"D\u00e9couvez Mon Actu\" rel=\"nofollow noopener\" data-trk=\"{&quot;cta&quot;:{&quot;action&quot;:&quot;https:\\\/\\\/moncompte.actu.fr&quot;,&quot;category&quot;:&quot;mon compte&quot;,&quot;from&quot;:&quot;article footer&quot;,&quot;name&quot;:&quot;Mon actu&quot;,&quot;type&quot;:&quot;cta&quot;}}\" target=\"_blank\">Mon Actu<\/a>.<\/p>\n<p>                    <script async src=\"\/\/www.instagram.com\/embed.js\"><\/script><\/p>\n","protected":false},"excerpt":{"rendered":"Par Emma Derome Publi\u00e9 le 3 ao\u00fbt 2025 \u00e0 17h32 \u00ab\u2009Tous les jours, c\u2019est l\u2019anniversaire de quelqu\u2019un ici\u2009!\u2009\u00bb&hellip;\n","protected":false},"author":2,"featured_media":293856,"comment_status":"","ping_status":"","sticky":false,"template":"","format":"standard","meta":{"footnotes":""},"categories":[2818],"tags":[1111,11,215,1777,674,1011,27,1652,873,766,12,2636,25],"class_list":{"0":"post-293855","1":"post","2":"type-post","3":"status-publish","4":"format-standard","5":"has-post-thumbnail","7":"category-nantes","8":"tag-actu","9":"tag-actualites","10":"tag-commerce","11":"tag-eu","12":"tag-europe","13":"tag-fr","14":"tag-france","15":"tag-loisirs-culture","16":"tag-musique","17":"tag-nantes","18":"tag-news","19":"tag-pays-de-la-loire","20":"tag-republique-francaise"},"share_on_mastodon":{"url":"https:\/\/pubeurope.com\/@fr\/114965643668019365","error":""},"_links":{"self":[{"href":"https:\/\/www.europesays.com\/fr\/wp-json\/wp\/v2\/posts\/293855","targetHints":{"allow":["GET"]}}],"collection":[{"href":"https:\/\/www.europesays.com\/fr\/wp-json\/wp\/v2\/posts"}],"about":[{"href":"https:\/\/www.europesays.com\/fr\/wp-json\/wp\/v2\/types\/post"}],"author":[{"embeddable":true,"href":"https:\/\/www.europesays.com\/fr\/wp-json\/wp\/v2\/users\/2"}],"replies":[{"embeddable":true,"href":"https:\/\/www.europesays.com\/fr\/wp-json\/wp\/v2\/comments?post=293855"}],"version-history":[{"count":0,"href":"https:\/\/www.europesays.com\/fr\/wp-json\/wp\/v2\/posts\/293855\/revisions"}],"wp:featuredmedia":[{"embeddable":true,"href":"https:\/\/www.europesays.com\/fr\/wp-json\/wp\/v2\/media\/293856"}],"wp:attachment":[{"href":"https:\/\/www.europesays.com\/fr\/wp-json\/wp\/v2\/media?parent=293855"}],"wp:term":[{"taxonomy":"category","embeddable":true,"href":"https:\/\/www.europesays.com\/fr\/wp-json\/wp\/v2\/categories?post=293855"},{"taxonomy":"post_tag","embeddable":true,"href":"https:\/\/www.europesays.com\/fr\/wp-json\/wp\/v2\/tags?post=293855"}],"curies":[{"name":"wp","href":"https:\/\/api.w.org\/{rel}","templated":true}]}}