{"id":293859,"date":"2025-08-03T15:55:09","date_gmt":"2025-08-03T15:55:09","guid":{"rendered":"https:\/\/www.europesays.com\/fr\/293859\/"},"modified":"2025-08-03T15:55:09","modified_gmt":"2025-08-03T15:55:09","slug":"avec-le-retour-des-grosses-chaleurs-a-quoi-sattendre-debut-aout-en-gironde","status":"publish","type":"post","link":"https:\/\/www.europesays.com\/fr\/293859\/","title":{"rendered":"avec le retour des grosses chaleurs, \u00e0 quoi s&rsquo;attendre d\u00e9but ao\u00fbt en Gironde\u00a0?"},"content":{"rendered":"<p>            Par<br \/>\n        <strong><br \/>\n            <a href=\"https:\/\/actu.fr\/auteur\/redaction-bordeaux\" title=\"Consulter tous les articles de R\u00e9daction Bordeaux\" rel=\"nofollow noopener\" target=\"_blank\">R\u00e9daction Bordeaux<\/a><br \/>\n        <\/strong><\/p>\n<p>        Publi\u00e9 le<\/p>\n<p>            3 ao\u00fbt 2025 \u00e0 16h41        <\/p>\n<p>Apr\u00e8s un <a href=\"https:\/\/actu.fr\/nouvelle-aquitaine\/bordeaux_33063\/vigilance-canicule-apres-les-orages-les-temperatures-vont-atteindre-de-nouveaux-sommets-en-gironde_62834412.html\" rel=\"nofollow noopener\" target=\"_blank\">mois de juin caniculaire,<\/a> le mois de juillet a \u00e9t\u00e9 plus frais en Gironde. Alors qu\u2019un <a href=\"https:\/\/actu.fr\/meteo\/canicule-vers-un-pic-de-chaleur-la-semaine-prochaine-en-france-quelles-regions-vont-suffoquer_62992713.html\" rel=\"nofollow noopener\" target=\"_blank\">important pic de chaleur<\/a> est d\u00e9j\u00e0 annonc\u00e9 la semaine prochaine en France, qu\u2019en est-il <strong>des pr\u00e9visions<\/strong> <strong>m\u00e9t\u00e9o<\/strong> pour ao\u00fbt autour <a href=\"https:\/\/actu.fr\/bordeaux\/\" rel=\"nofollow noopener\" target=\"_blank\">de Bordeaux<\/a>\u2009?<\/p>\n<p class=\" wall-content\">On peut d\u2019ores et d\u00e9j\u00e0 d\u00e9j\u00e0 ressentir<strong> la hausse des temp\u00e9ratures<\/strong> ce dimanche 3\u00a0ao\u00fbt 2025 dans la capitale girondine\u2009: la maximale du jour est \u00e0 30 degr\u00e9s, soit 2 degr\u00e9s au-dessus des normales de saison.<\/p>\n<p>Les temp\u00e9ratures attendues<\/p>\n<p class=\" wall-content\">Une <strong>trentaine de degr\u00e9s<\/strong> est attendue chaque jour cette premi\u00e8re quinzaine ao\u00fbtienne.\u00a0Lundi 4\u00a0ao\u00fbt et jeudi 7\u00a0ao\u00fbt, M\u00e9t\u00e9o France pr\u00e9voit 35 degr\u00e9s dans l\u2019apr\u00e8s-midi \u00e0 Bordeaux. Dimanche 10\u00a0ao\u00fbt, c\u2019est m\u00eame 36 degr\u00e9s qu\u2019annonce l\u2019organisme.<\/p>\n<p class=\" wall-content\">De son c\u00f4t\u00e9, <a href=\"https:\/\/x.com\/lachainemeteo\/status\/1951561008306102766\" rel=\"nofollow\">la Cha\u00eene M\u00e9t\u00e9o<\/a> pr\u00e9voit des temp\u00e9ratures autour de 37 degr\u00e9s d\u00e8s jeudi, en lien avec une vague de chaleur. En effet, la chaleur arrive par le sud-ouest d\u00e8s mercredi et \u00ab\u2009s\u2019annonce particuli\u00e8rement intense\u2009\u00bb.<\/p>\n<p class=\" wall-content\">Et <a href=\"https:\/\/www.meteo-bordeaux.com\/previsions\" rel=\"nofollow noopener\" target=\"_blank\">M\u00e9t\u00e9o-villes<\/a> annonce <strong>40 degr\u00e9s \u00e0 plusieurs reprises<\/strong> cette premi\u00e8re quinzaine d\u2019ao\u00fbt (vendredi 8\u00a0ao\u00fbt et mercredi\u00a013, notamment).<\/p>\n<p class=\" wall-content\">\n<p class=\" wall-content\">Les mod\u00e8les sont donc \u00e0 peu pr\u00e8s unanimes\u2009: les temp\u00e9ratures grimpent et <strong>le beau temps se fixe<\/strong> d\u00e8s le milieu de semaine en entrant dans une phase anticyclonique, la chaleur venant <a href=\"https:\/\/actu.fr\/meteo\/plus-de-40-c-une-canicule-venue-d-espagne-redoutee-en-france-debut-aout-a-quoi-s-attendre_62980498.html\" rel=\"nofollow noopener\" target=\"_blank\">de la p\u00e9ninsule ib\u00e9rique.<\/a> Le mercure devrait rester au-dessus des moyennes de saison \u00ab\u2009au moins jusqu\u2019\u00e0 la mi-ao\u00fbt\u2009\u00bb confie un m\u00e9t\u00e9orologue <a href=\"https:\/\/actu.fr\/meteo\/vers-un-retour-des-fortes-chaleurs-et-du-soleil-partout-en-france-en-aout-ce-que-disent-les-modeles-meteo_62968110.html\" rel=\"nofollow noopener\" target=\"_blank\">\u00e0 actu.fr.<\/a><\/p>\n<p class=\" wall-content\">C\u00f4t\u00e9 pluie, on attend \u00e9galement <strong>tr\u00e8s peu de pr\u00e9cipitations<\/strong> en Gironde pour cette premi\u00e8re quinzaine. Les <a href=\"https:\/\/actu.fr\/planete\/la-secheresse-se-poursuit-en-gironde-de-nouvelles-restrictions-pour-preserver-l-eau_62985385.html\" rel=\"nofollow noopener\" target=\"_blank\">mesures de restrictions des usages de l\u2019eau,<\/a> prises par la Pr\u00e9fecture en raison de la s\u00e9cheresse, ne devraient donc pas \u00eatre lev\u00e9es de suite.<\/p>\n<p class=\" wall-content\">Suivez toute l\u2019actualit\u00e9 de vos villes et m\u00e9dias favoris en vous inscrivant \u00e0 <a href=\"https:\/\/moncompte.actu.fr\" title=\"D\u00e9couvez Mon Actu\" rel=\"nofollow noopener\" data-trk=\"{&quot;cta&quot;:{&quot;action&quot;:&quot;https:\\\/\\\/moncompte.actu.fr&quot;,&quot;category&quot;:&quot;mon compte&quot;,&quot;from&quot;:&quot;article footer&quot;,&quot;name&quot;:&quot;Mon actu&quot;,&quot;type&quot;:&quot;cta&quot;}}\" target=\"_blank\">Mon Actu<\/a>.<\/p>\n","protected":false},"excerpt":{"rendered":"Par R\u00e9daction Bordeaux Publi\u00e9 le 3 ao\u00fbt 2025 \u00e0 16h41 Apr\u00e8s un mois de juin caniculaire, le mois&hellip;\n","protected":false},"author":2,"featured_media":185736,"comment_status":"","ping_status":"","sticky":false,"template":"","format":"standard","meta":{"footnotes":""},"categories":[2817],"tags":[1111,11,1997,1777,674,1011,27,2487,2357,12,2219,25],"class_list":{"0":"post-293859","1":"post","2":"type-post","3":"status-publish","4":"format-standard","5":"has-post-thumbnail","7":"category-bordeaux","8":"tag-actu","9":"tag-actualites","10":"tag-bordeaux","11":"tag-eu","12":"tag-europe","13":"tag-fr","14":"tag-france","15":"tag-meteo","16":"tag-meteo-france","17":"tag-news","18":"tag-nouvelle-aquitaine","19":"tag-republique-francaise"},"share_on_mastodon":{"url":"https:\/\/pubeurope.com\/@fr\/114965651415967591","error":""},"_links":{"self":[{"href":"https:\/\/www.europesays.com\/fr\/wp-json\/wp\/v2\/posts\/293859","targetHints":{"allow":["GET"]}}],"collection":[{"href":"https:\/\/www.europesays.com\/fr\/wp-json\/wp\/v2\/posts"}],"about":[{"href":"https:\/\/www.europesays.com\/fr\/wp-json\/wp\/v2\/types\/post"}],"author":[{"embeddable":true,"href":"https:\/\/www.europesays.com\/fr\/wp-json\/wp\/v2\/users\/2"}],"replies":[{"embeddable":true,"href":"https:\/\/www.europesays.com\/fr\/wp-json\/wp\/v2\/comments?post=293859"}],"version-history":[{"count":0,"href":"https:\/\/www.europesays.com\/fr\/wp-json\/wp\/v2\/posts\/293859\/revisions"}],"wp:featuredmedia":[{"embeddable":true,"href":"https:\/\/www.europesays.com\/fr\/wp-json\/wp\/v2\/media\/185736"}],"wp:attachment":[{"href":"https:\/\/www.europesays.com\/fr\/wp-json\/wp\/v2\/media?parent=293859"}],"wp:term":[{"taxonomy":"category","embeddable":true,"href":"https:\/\/www.europesays.com\/fr\/wp-json\/wp\/v2\/categories?post=293859"},{"taxonomy":"post_tag","embeddable":true,"href":"https:\/\/www.europesays.com\/fr\/wp-json\/wp\/v2\/tags?post=293859"}],"curies":[{"name":"wp","href":"https:\/\/api.w.org\/{rel}","templated":true}]}}