{"id":293864,"date":"2025-08-03T15:58:12","date_gmt":"2025-08-03T15:58:12","guid":{"rendered":"https:\/\/www.europesays.com\/fr\/293864\/"},"modified":"2025-08-03T15:58:12","modified_gmt":"2025-08-03T15:58:12","slug":"chateau-pool-party-boiler-room-quel-est-ce-festival-au-decor-incroyable-pres-de-toulouse","status":"publish","type":"post","link":"https:\/\/www.europesays.com\/fr\/293864\/","title":{"rendered":"Ch\u00e2teau, pool party, boiler room.. Quel est ce festival au d\u00e9cor incroyable pr\u00e8s de Toulouse\u00a0?"},"content":{"rendered":"<p>            Par<br \/>\n        <strong><br \/>\n            <a href=\"https:\/\/actu.fr\/auteur\/mareva-laville-actu-fr\" title=\"Consulter tous les articles de Mar\u00e9va Laville\" rel=\"nofollow noopener\" target=\"_blank\">Mar\u00e9va Laville<\/a><br \/>\n        <\/strong><\/p>\n<p>        Publi\u00e9 le<\/p>\n<p>            3 ao\u00fbt 2025 \u00e0 17h22        <\/p>\n<p>Pool party, d\u00e9cor unique m\u00ealant patrimoine et nature, et musique \u00e9lectro. C\u2019est ce que promet le <strong>Fabulous Festival<\/strong> pour sa sixi\u00e8me \u00e9dition qui revient\u2026 dans un cadre absolument exceptionnel, \u00e0 30\u00a0minutes de <a href=\"http:\/\/www.actu.fr\/toulouse\" rel=\"nofollow noopener\" target=\"_blank\">Toulouse<\/a>\u2009!<\/p>\n<p class=\" wall-content\">Du 22 au 24\u00a0ao\u00fbt, \u00ab\u2009trois jours de f\u00eate d\u00e9mesur\u00e9e\u2009\u00bb sont pr\u00e9vus au sein du <strong>Ch\u00e2teau de la Garrigue<\/strong>, \u00e0 Villemur-sur-Tarn, au nord de Toulouse. C\u2019est dans ce somptueux d\u00e9cor que 30 artistes venus de toute l\u2019Europe ont \u00e9t\u00e9 programm\u00e9s par le <a href=\"https:\/\/actu.fr\/occitanie\/toulouse_31555\/toulouse-plein-phare-une-soiree-100-electro-au-milieu-des-avions-ce-samedi-1er-juin-2024_61135522.html\" rel=\"nofollow noopener\" target=\"_blank\">collectif Plein Phare<\/a>, organisateur de l\u2019\u00e9v\u00e9nement.<\/p>\n<p>Une boiler room en forme de piano pour des t\u00eates d\u2019affiche<\/p>\n<p class=\" wall-content\">Deux sc\u00e8nes viendront accueillir les DJs, dont une configur\u00e9e en<strong> forme de piano,<\/strong> de type <strong>boiler boom 360\u00b0<\/strong>, \u00ab\u2009pour une proximit\u00e9 in\u00e9dite avec les artistes\u2009\u00bb, pr\u00e9cise le collectif.<\/p>\n<p>    <img   decoding=\"async\" loading=\"lazy\" src=\"https:\/\/www.europesays.com\/fr\/wp-content\/uploads\/2025\/08\/credit-adrien-ulis-960x640.jpg\" alt=\"Deux sc\u00e8nes seront propos\u00e9es : une en ext\u00e9rieur, et l'autre en int\u00e9rieur, de type boiler room.\" width=\"960\" height=\"640\"\/><br \/>\n    Deux sc\u00e8nes seront propos\u00e9es\u2009: une en ext\u00e9rieur, et l\u2019autre en int\u00e9rieur, de type boiler room. (\u00a9DR \/ Adrien Ulis)<\/p>\n<p class=\" wall-content\">Au menu\u2009? De la house, de la techno, hard techno, de la trance, de l\u2019acide et de l\u2019\u00e9lectro. Avec plusieurs t\u00eates d\u2019affiche telles que <strong>Perceval<\/strong>, Creeds, l\u2019international <strong>The Rocketman,<\/strong> <strong>DJSchnake<\/strong>, A*S*Y*S b2b T78, Sk\u00f6ne &amp; Protokseed ou encore FLKN.<\/p>\n<p>Vid\u00e9os : en ce moment sur ActuUne piscine pour des pool-parties<\/p>\n<p class=\" wall-content\">Mais ce qui rend ce festival encore plus exceptionnel, ce sont les \u00e0-c\u00f4t\u00e9s. Car le Fabulous Festival, c\u2019est aussi un <strong>ch\u00e2teau<\/strong> avec un grand parc arbor\u00e9 et un <strong>lac artificiel<\/strong> comme d\u00e9cor, et une <strong>piscine, en forme de violon<\/strong>\u2009!<\/p>\n<p class=\" wall-content\">Cette derni\u00e8re restera ouverte jusqu\u2019au coucher du soleil. De quoi cr\u00e9er une v\u00e9ritable <strong>pool-party rafra\u00eechissante<\/strong> en journ\u00e9e, agr\u00e9ment\u00e9e de musique diffus\u00e9e \u00e0 partir de 14\u00a0heures le samedi et dimanche sur la grande sc\u00e8ne ext\u00e9rieure et l\u2019immense dancefloor couvert de 4\u2009000 m\u00b2. Ambiance open air garantie\u2009!<\/p>\n<p class=\" wall-content\">Sur place, seront \u00e9galement disponibles un <strong>camping<\/strong> ombrag\u00e9, des douches et des sanitaires.<\/p>\n<p><strong>Fabulous Festival<\/strong><br \/>\nDu 22 au 24\u00a0ao\u00fbt 2025<br \/><a href=\"https:\/\/shotgun.live\/fr\/festivals\/fabulous-festival-2025\" rel=\"nofollow noopener\" target=\"_blank\">Billetterie en ligne sur Shotgun<\/a>\u2009: prix, d\u00e8s 17,69\u20ac. Pass 3\u00a0jours, \u00e0 partir de 91,67\u20ac et 132,87\u00a0\u20ac avec le camping.<br \/>\nParking de 500 places gratuit sur place. En bus, les lignes 301 et 351 arrivent \u00e0 la place Saint-Jean de Villemur-sur-Tarn.<\/p>\n<p class=\" wall-content\">Suivez toute l\u2019actualit\u00e9 de vos villes et m\u00e9dias favoris en vous inscrivant \u00e0 <a href=\"https:\/\/moncompte.actu.fr\" title=\"D\u00e9couvez Mon Actu\" rel=\"nofollow noopener\" data-trk=\"{&quot;cta&quot;:{&quot;action&quot;:&quot;https:\\\/\\\/moncompte.actu.fr&quot;,&quot;category&quot;:&quot;mon compte&quot;,&quot;from&quot;:&quot;article footer&quot;,&quot;name&quot;:&quot;Mon actu&quot;,&quot;type&quot;:&quot;cta&quot;}}\" target=\"_blank\">Mon Actu<\/a>.<\/p>\n","protected":false},"excerpt":{"rendered":"Par Mar\u00e9va Laville Publi\u00e9 le 3 ao\u00fbt 2025 \u00e0 17h22 Pool party, d\u00e9cor unique m\u00ealant patrimoine et nature,&hellip;\n","protected":false},"author":2,"featured_media":293865,"comment_status":"","ping_status":"","sticky":false,"template":"","format":"standard","meta":{"footnotes":""},"categories":[2816],"tags":[1111,11,1697,1777,674,849,1011,27,1652,873,12,2680,25,2312],"class_list":{"0":"post-293864","1":"post","2":"type-post","3":"status-publish","4":"format-standard","5":"has-post-thumbnail","7":"category-toulouse","8":"tag-actu","9":"tag-actualites","10":"tag-concert","11":"tag-eu","12":"tag-europe","13":"tag-festival","14":"tag-fr","15":"tag-france","16":"tag-loisirs-culture","17":"tag-musique","18":"tag-news","19":"tag-occitanie","20":"tag-republique-francaise","21":"tag-toulouse"},"share_on_mastodon":{"url":"https:\/\/pubeurope.com\/@fr\/114965663213055972","error":""},"_links":{"self":[{"href":"https:\/\/www.europesays.com\/fr\/wp-json\/wp\/v2\/posts\/293864","targetHints":{"allow":["GET"]}}],"collection":[{"href":"https:\/\/www.europesays.com\/fr\/wp-json\/wp\/v2\/posts"}],"about":[{"href":"https:\/\/www.europesays.com\/fr\/wp-json\/wp\/v2\/types\/post"}],"author":[{"embeddable":true,"href":"https:\/\/www.europesays.com\/fr\/wp-json\/wp\/v2\/users\/2"}],"replies":[{"embeddable":true,"href":"https:\/\/www.europesays.com\/fr\/wp-json\/wp\/v2\/comments?post=293864"}],"version-history":[{"count":0,"href":"https:\/\/www.europesays.com\/fr\/wp-json\/wp\/v2\/posts\/293864\/revisions"}],"wp:featuredmedia":[{"embeddable":true,"href":"https:\/\/www.europesays.com\/fr\/wp-json\/wp\/v2\/media\/293865"}],"wp:attachment":[{"href":"https:\/\/www.europesays.com\/fr\/wp-json\/wp\/v2\/media?parent=293864"}],"wp:term":[{"taxonomy":"category","embeddable":true,"href":"https:\/\/www.europesays.com\/fr\/wp-json\/wp\/v2\/categories?post=293864"},{"taxonomy":"post_tag","embeddable":true,"href":"https:\/\/www.europesays.com\/fr\/wp-json\/wp\/v2\/tags?post=293864"}],"curies":[{"name":"wp","href":"https:\/\/api.w.org\/{rel}","templated":true}]}}