{"id":293866,"date":"2025-08-03T16:00:12","date_gmt":"2025-08-03T16:00:12","guid":{"rendered":"https:\/\/www.europesays.com\/fr\/293866\/"},"modified":"2025-08-03T16:00:12","modified_gmt":"2025-08-03T16:00:12","slug":"situe-a-moins-d1h-de-lille-ce-parc-vient-detre-elu-comme-lun-des-meilleurs-deurope","status":"publish","type":"post","link":"https:\/\/www.europesays.com\/fr\/293866\/","title":{"rendered":"Situ\u00e9 \u00e0 moins d&rsquo;1h de Lille, ce parc vient d&rsquo;\u00eatre \u00e9lu comme l&rsquo;un des meilleurs d&rsquo;Europe"},"content":{"rendered":"<p>            Par<br \/>\n        <strong><br \/>\n            <a href=\"https:\/\/actu.fr\/auteur\/hervine-mahaud\" title=\"Consulter tous les articles de Hervine Mahaud\" rel=\"nofollow noopener\" target=\"_blank\">Hervine Mahaud<\/a><br \/>\n        <\/strong><\/p>\n<p>        Publi\u00e9 le<\/p>\n<p>            3 ao\u00fbt 2025 \u00e0 17h36        <\/p>\n<p>C\u2019est une destination phare des amateurs de sensations et de sorties en famille : <b>Bellewaerde Park<\/b>, situ\u00e9 \u00e0 Ypres, <b>\u00e0 moins d\u2019une heure de route de Lille<\/b>, vient d\u2019\u00eatre sacr\u00e9 <b>meilleur parc d\u2019attractions de Belgique<\/b> lors des <b>Tripadvisor Travelers\u2019 Choice Awards \u2013 Best of the Best 2025<\/b>.<\/p>\n<p class=\" wall-content\">Le parc ne brille pas seulement sur la sc\u00e8ne nationale : il d\u00e9croche aussi la <b>10e place en Europe<\/b> et se classe <b>25e au niveau mondial<\/b> dans la cat\u00e9gorie des parcs d\u2019attractions et aquatiques. Une performance qui le place aux c\u00f4t\u00e9s des plus grands parcs du continent.<\/p>\n<p>Un prix d\u00e9cern\u00e9 par les visiteurs eux-m\u00eames<\/p>\n<p class=\" wall-content\">Cette r\u00e9compense repose exclusivement sur les <b>avis et retours d\u2019exp\u00e9rience des visiteurs<\/b> publi\u00e9s sur Tripadvisor au cours de l\u2019ann\u00e9e \u00e9coul\u00e9e. Seuls <b>1 % des \u00e9tablissements r\u00e9f\u00e9renc\u00e9s dans le monde<\/b> peuvent se targuer de recevoir cette distinction.<\/p>\n<p class=\" wall-content\">\u00ab\u00a0Nous sommes particuli\u00e8rement honor\u00e9s par cette reconnaissance\u00a0\u00bb, r\u00e9agit <b>Stefaan Lemey<\/b>, directeur g\u00e9n\u00e9ral. \u00ab\u00a0\u202fNous remercions chaleureusement tous nos visiteurs qui, par leurs avis, nous ont permis d\u2019obtenir cette r\u00e9compense. C\u2019est aussi un hommage au travail passionn\u00e9 de nos collaborateurs \u2014 de v\u00e9ritables smile makers \u2014 qui accueillent chaque jour nos visiteurs avec enthousiasme et hospitalit\u00e9.\u202f\u00a0\u00bb<\/p>\n<p>Un concept unique, \u00e0 deux pas de la fronti\u00e8re<\/p>\n<p class=\" wall-content\">\u00c0 moins d\u2019une heure en voiture de Lille, Bellewaerde s\u00e9duit par son <b>m\u00e9lange in\u00e9dit d\u2019attractions et de parc animalier<\/b>. On y trouve aussi bien <b>des montagnes russes et man\u00e8ges familiaux<\/b> que <b>des animaux exotiques<\/b> dans un cadre naturel pr\u00e9serv\u00e9.<\/p>\n<p class=\" wall-content\">Derni\u00e8re nouveaut\u00e9 : la zone immersive <b>Mundo Amazonia<\/b>, avec l\u2019attraction aquatique <b>Amazonia<\/b>, <a href=\"https:\/\/actu.fr\/loisirs-culture\/belgique-cette-nouvelle-attraction-unique-au-monde-est-a-tester-a-bellewaerde-des-ce-samedi_60969980.html\" rel=\"nofollow noopener\" target=\"_blank\">une premi\u00e8re mondiale qui plonge les visiteurs au c\u0153ur de la jungle amazonienne<\/a>.<\/p>\n<p class=\" wall-content\">Avec son offre vari\u00e9e, son environnement verdoyant et d\u00e9sormais ce titre prestigieux, <b>Bellewaerde Park<\/b> s\u2019impose comme <b>l\u2019une des meilleures destinations de loisirs en Europe<\/b>, \u00e0 d\u00e9couvrir ou red\u00e9couvrir\u2026 sans quitter la r\u00e9gion.<\/p>\n<p class=\" wall-content\">Suivez toute l\u2019actualit\u00e9 de vos villes et m\u00e9dias favoris en vous inscrivant \u00e0 <a href=\"https:\/\/moncompte.actu.fr\" title=\"D\u00e9couvez Mon Actu\" rel=\"nofollow noopener\" data-trk=\"{&quot;cta&quot;:{&quot;action&quot;:&quot;https:\\\/\\\/moncompte.actu.fr&quot;,&quot;category&quot;:&quot;mon compte&quot;,&quot;from&quot;:&quot;article footer&quot;,&quot;name&quot;:&quot;Mon actu&quot;,&quot;type&quot;:&quot;cta&quot;}}\" target=\"_blank\">Mon Actu<\/a>.<\/p>\n","protected":false},"excerpt":{"rendered":"Par Hervine Mahaud Publi\u00e9 le 3 ao\u00fbt 2025 \u00e0 17h36 C\u2019est une destination phare des amateurs de sensations&hellip;\n","protected":false},"author":2,"featured_media":293867,"comment_status":"","ping_status":"","sticky":false,"template":"","format":"standard","meta":{"footnotes":""},"categories":[2815],"tags":[1111,11,1867,1719,1777,674,652,1011,27,811,1307,1652,12,25],"class_list":{"0":"post-293866","1":"post","2":"type-post","3":"status-publish","4":"format-standard","5":"has-post-thumbnail","7":"category-lille","8":"tag-actu","9":"tag-actualites","10":"tag-animaux","11":"tag-enfants","12":"tag-eu","13":"tag-europe","14":"tag-famille","15":"tag-fr","16":"tag-france","17":"tag-hauts-de-france","18":"tag-lille","19":"tag-loisirs-culture","20":"tag-news","21":"tag-republique-francaise"},"share_on_mastodon":{"url":"https:\/\/pubeurope.com\/@fr\/114965671184596292","error":""},"_links":{"self":[{"href":"https:\/\/www.europesays.com\/fr\/wp-json\/wp\/v2\/posts\/293866","targetHints":{"allow":["GET"]}}],"collection":[{"href":"https:\/\/www.europesays.com\/fr\/wp-json\/wp\/v2\/posts"}],"about":[{"href":"https:\/\/www.europesays.com\/fr\/wp-json\/wp\/v2\/types\/post"}],"author":[{"embeddable":true,"href":"https:\/\/www.europesays.com\/fr\/wp-json\/wp\/v2\/users\/2"}],"replies":[{"embeddable":true,"href":"https:\/\/www.europesays.com\/fr\/wp-json\/wp\/v2\/comments?post=293866"}],"version-history":[{"count":0,"href":"https:\/\/www.europesays.com\/fr\/wp-json\/wp\/v2\/posts\/293866\/revisions"}],"wp:featuredmedia":[{"embeddable":true,"href":"https:\/\/www.europesays.com\/fr\/wp-json\/wp\/v2\/media\/293867"}],"wp:attachment":[{"href":"https:\/\/www.europesays.com\/fr\/wp-json\/wp\/v2\/media?parent=293866"}],"wp:term":[{"taxonomy":"category","embeddable":true,"href":"https:\/\/www.europesays.com\/fr\/wp-json\/wp\/v2\/categories?post=293866"},{"taxonomy":"post_tag","embeddable":true,"href":"https:\/\/www.europesays.com\/fr\/wp-json\/wp\/v2\/tags?post=293866"}],"curies":[{"name":"wp","href":"https:\/\/api.w.org\/{rel}","templated":true}]}}