{"id":293870,"date":"2025-08-03T16:02:09","date_gmt":"2025-08-03T16:02:09","guid":{"rendered":"https:\/\/www.europesays.com\/fr\/293870\/"},"modified":"2025-08-03T16:02:09","modified_gmt":"2025-08-03T16:02:09","slug":"securite-maximale-autour-de-son-escale","status":"publish","type":"post","link":"https:\/\/www.europesays.com\/fr\/293870\/","title":{"rendered":"s\u00e9curit\u00e9 maximale autour de son escale"},"content":{"rendered":"<p>            Par<br \/>\n        <strong><br \/>\n            <a href=\"https:\/\/actu.fr\/auteur\/fabien-binacchi\" title=\"Consulter tous les articles de Fabien Binacchi\" rel=\"nofollow noopener\" target=\"_blank\">Fabien Binacchi<\/a><br \/>\n        <\/strong><\/p>\n<p>        Publi\u00e9 le<\/p>\n<p>            3 ao\u00fbt 2025 \u00e0 17h51        <\/p>\n<p><strong>INFO ACTU MARSEILLE.<\/strong> C\u2019est un \u00ab\u2009destroyer\u2009\u00bb, <strong>un navire de guerre de d\u00e9fense<\/strong> con\u00e7u pour contrer des attaques a\u00e9riennes, sous-marines et de surface sur d\u2019autres b\u00e2timents. L\u2019USS Winston S. Churchill (DDG-81), un b\u00e2timent militaire am\u00e9ricain, est en escale dans <a href=\"https:\/\/actu.fr\/marseille\/\" rel=\"nofollow noopener\" target=\"_blank\">la cit\u00e9 phoc\u00e9enne<\/a> \u00e0 partir de ce lundi 4\u00a0ao\u00fbt 2025, selon un arr\u00eat\u00e9 de la pr\u00e9fecture des <a href=\"https:\/\/actu.fr\/provence-alpes-cote-d-azur\/bouches-du-rhone_13\" rel=\"nofollow noopener\" target=\"_blank\">Bouches-du-Rh\u00f4ne<\/a>, consult\u00e9 par actu Marseille. Il y restera plusieurs jours sous haute protection. Voil\u00e0 ce que l\u2019on sait.<\/p>\n<p>Au Grand port maritime de Marseille<\/p>\n<p class=\" wall-content\">Avec ses mensurations XXL (155,30\u00a0m de long pour 9000 tonnes), il ne devrait pas passer inaper\u00e7u. L\u2019USS Winston S. Churchill (DDG-81) stationnera \u00e0 quai, au Grand port maritime de Marseille, <strong>\u00ab\u2009du 4 au 9\u00a0ao\u00fbt 2025\u2009\u00bb<\/strong>, selon un arr\u00eat\u00e9 pr\u00e9fectoral.<\/p>\n<p class=\" wall-content\">Et le destroyer de la \u00ab\u2009Navy\u2009\u00bb am\u00e9ricaine y restera sous bonne garde\u2009: le texte pr\u00e9cise que \u00ab\u2009la navigation, le mouillage des navires et engins de toute nature\u2009\u00bb ainsi que \u00ab\u2009la baignade et la plong\u00e9e sous-marine <strong>sont interdits [\u2026] \u00e0 moins de 100\u00a0m\u00e8tres<\/strong> de ce b\u00e2timent\u2009\u00bb.<\/p>\n<p class=\" wall-content\">La gendarmerie maritime est notamment mobilis\u00e9e.<\/p>\n<p>Dans des zones de guerre\u2009?<\/p>\n<p class=\" wall-content\">Impossible de savoir exactement ce que le navire, qui compte <strong>380 officiers et marins \u00e0 son bord,<\/strong> vient faire \u00e0 Marseille et quelle sera sa prochaine destination. Va-t-il s\u2019inclure dans des dispositifs proches des zones de guerre, au Proche-Orient o\u00f9 pr\u00e8s de l\u2019Ukraine\u2009?<\/p>\n<p class=\" wall-content\">Ce vendredi 1er\u00a0ao\u00fbt, Donald Trump a annonc\u00e9 avoir \u00ab\u2009ordonn\u00e9 que deux sous-marins nucl\u00e9aires soient positionn\u00e9s <strong>dans les zones appropri\u00e9es,<\/strong> au cas o\u00f9 [les] d\u00e9clarations idiotes et incendiaires [de Dmitri Medvedev] soient plus s\u00e9rieuses que cela\u2009\u00bb.<\/p>\n<p class=\" wall-content\">\n<p class=\" wall-content\">Quelques jours plus t\u00f4t, l\u2019actuel num\u00e9ro deux du Conseil de s\u00e9curit\u00e9 de la Russie avait jug\u00e9 que chaque nouvel ultimatum fix\u00e9 par le pr\u00e9sident am\u00e9ricain pour mettre fin au conflit en Ukraine \u00ab\u2009\u00e9tait une menace et <strong>un pas vers la guerre<\/strong>\u2009\u00bb entre le Kremlin et les \u00c9tats-Unis.<\/p>\n<p class=\" wall-content\">\u200b<\/p>\n<p class=\" wall-content\"><strong>Pas une premi\u00e8re \u00e0 Marseille<\/strong><\/p>\n<p class=\" wall-content\">Ce n\u2019est en tout cas pas une premi\u00e8re pour le Grand port maritime de Marseille. Durant l\u2019automne 2024, <strong>un des plus imposants porte-avions au monde,<\/strong> l\u2019USS Harry S. Truman (deux fois la taille de l\u2019USS Winston S. Churchill) y avait pass\u00e9 plusieurs jours.<\/p>\n<p class=\" wall-content\">Une visite symbolique <strong>pour illustrer la coop\u00e9ration militaire entre les marines fran\u00e7aises et am\u00e9ricaines. <\/strong>Ce n\u2019\u00e9tait d\u2019ailleurs pas la premi\u00e8re fois que ce g\u00e9ant des mers se rendait sur les c\u00f4tes marseillaises\u2009: l\u2019USS Harry S. Truman avait d\u00e9j\u00e0 visit\u00e9 la cit\u00e9 phoc\u00e9enne une douzaine de fois, dont la derni\u00e8re, en juin\u00a02022.<\/p>\n<p class=\" wall-content\">Suivez toute l\u2019actualit\u00e9 de vos villes et m\u00e9dias favoris en vous inscrivant \u00e0 <a href=\"https:\/\/moncompte.actu.fr\" title=\"D\u00e9couvez Mon Actu\" rel=\"nofollow noopener\" data-trk=\"{&quot;cta&quot;:{&quot;action&quot;:&quot;https:\\\/\\\/moncompte.actu.fr&quot;,&quot;category&quot;:&quot;mon compte&quot;,&quot;from&quot;:&quot;article footer&quot;,&quot;name&quot;:&quot;Mon actu&quot;,&quot;type&quot;:&quot;cta&quot;}}\" target=\"_blank\">Mon Actu<\/a>.<\/p>\n","protected":false},"excerpt":{"rendered":"Par Fabien Binacchi Publi\u00e9 le 3 ao\u00fbt 2025 \u00e0 17h51 INFO ACTU MARSEILLE. C\u2019est un \u00ab\u2009destroyer\u2009\u00bb, un navire&hellip;\n","protected":false},"author":2,"featured_media":293871,"comment_status":"","ping_status":"","sticky":false,"template":"","format":"standard","meta":{"footnotes":""},"categories":[2814],"tags":[1111,11,1813,73,1777,674,1011,27,884,12,882,25,104],"class_list":{"0":"post-293870","1":"post","2":"type-post","3":"status-publish","4":"format-standard","5":"has-post-thumbnail","7":"category-marseille","8":"tag-actu","9":"tag-actualites","10":"tag-armee","11":"tag-etats-unis","12":"tag-eu","13":"tag-europe","14":"tag-fr","15":"tag-france","16":"tag-marseille","17":"tag-news","18":"tag-provence-alpes-cote-dazur","19":"tag-republique-francaise","20":"tag-societe"},"share_on_mastodon":{"url":"https:\/\/pubeurope.com\/@fr\/114965678930013487","error":""},"_links":{"self":[{"href":"https:\/\/www.europesays.com\/fr\/wp-json\/wp\/v2\/posts\/293870","targetHints":{"allow":["GET"]}}],"collection":[{"href":"https:\/\/www.europesays.com\/fr\/wp-json\/wp\/v2\/posts"}],"about":[{"href":"https:\/\/www.europesays.com\/fr\/wp-json\/wp\/v2\/types\/post"}],"author":[{"embeddable":true,"href":"https:\/\/www.europesays.com\/fr\/wp-json\/wp\/v2\/users\/2"}],"replies":[{"embeddable":true,"href":"https:\/\/www.europesays.com\/fr\/wp-json\/wp\/v2\/comments?post=293870"}],"version-history":[{"count":0,"href":"https:\/\/www.europesays.com\/fr\/wp-json\/wp\/v2\/posts\/293870\/revisions"}],"wp:featuredmedia":[{"embeddable":true,"href":"https:\/\/www.europesays.com\/fr\/wp-json\/wp\/v2\/media\/293871"}],"wp:attachment":[{"href":"https:\/\/www.europesays.com\/fr\/wp-json\/wp\/v2\/media?parent=293870"}],"wp:term":[{"taxonomy":"category","embeddable":true,"href":"https:\/\/www.europesays.com\/fr\/wp-json\/wp\/v2\/categories?post=293870"},{"taxonomy":"post_tag","embeddable":true,"href":"https:\/\/www.europesays.com\/fr\/wp-json\/wp\/v2\/tags?post=293870"}],"curies":[{"name":"wp","href":"https:\/\/api.w.org\/{rel}","templated":true}]}}