{"id":293872,"date":"2025-08-03T16:03:16","date_gmt":"2025-08-03T16:03:16","guid":{"rendered":"https:\/\/www.europesays.com\/fr\/293872\/"},"modified":"2025-08-03T16:03:16","modified_gmt":"2025-08-03T16:03:16","slug":"le-journaliste-patrick-lion-lhomme-aux-10-000-jt-est-decede","status":"publish","type":"post","link":"https:\/\/www.europesays.com\/fr\/293872\/","title":{"rendered":"le journaliste Patrick Lion, \u00ab\u00a0l\u2019homme aux 10\u00a0000 JT\u00a0\u00bb, est d\u00e9c\u00e9d\u00e9"},"content":{"rendered":"<p>Il a pendant vingt-huit ans \u00e9t\u00e9 une figure de la t\u00e9l\u00e9vision publique r\u00e9gionale. Le journaliste Patrick Lion est d\u00e9c\u00e9d\u00e9 le vendredi 1er \u00a0ao\u00fbt \u00e0 Lyon \u00e0 l\u2019issue d\u2019une longue maladie. Il avait 74 ans. Dipl\u00f4m\u00e9 du Centre universitaire d\u2019enseignement du journalisme (CUEJ) de Strasbourg, Patrick Lion avait r\u00e9alis\u00e9 l\u2019essentiel de sa carri\u00e8re de journaliste \u00e0 la r\u00e9daction de France 3 Rh\u00f4ne-Alpes, pour laquelle il avait travaill\u00e9 pendant pr\u00e8s de trente ans, avant de partir \u00e0 la retraite en 2014. Il \u00e9tait aussi n\u00e9 \u00e0 Lyon.<\/p>\n<p>  \u00ab\u00a0Il \u00e9tait attach\u00e9 \u00e0 la v\u00e9rit\u00e9\u00a0\u00bb<\/p>\n<p>\u00ab\u00a0Mon p\u00e8re \u00e9tait un journaliste consciencieux et m\u00e9ticuleux. Il \u00e9tait attach\u00e9 \u00e0 la v\u00e9rit\u00e9\u00a0\u00bb, a r\u00e9agi dimanche matin son fils, Jonathan-Pierre Lion, interrog\u00e9 par Le Progr\u00e8s. <a href=\"https:\/\/france3-regions.franceinfo.fr\/auvergne-rhone-alpes\/rhone\/lyon\/c-est-une-memoire-de-la-region-qui-disparait-patrick-lion-presentateur-emblematique-de-france-3-rhone-alpes-est-decede-3196944.html\" target=\"_blank\" rel=\"nofollow noopener\">France 3 Auvergne-Rh\u00f4ne-Alpes<\/a> a salu\u00e9 samedi un \u00ab\u00a0pr\u00e9sentateur embl\u00e9matique\u00a0\u00bb de la cha\u00eene r\u00e9gionale.<\/p>\n<p>\u00c0 Lyon, Patrick Lion \u00e9tait surnomm\u00e9 \u00ab\u00a0l\u2019homme aux 10\u00a0000 JT\u00a0\u00bb. Il avait aussi couvert de tr\u00e8s pr\u00e8s, sur le terrain, l\u2019actualit\u00e9 sportive r\u00e9gionale, \u00e0 commencer par celle de l\u2019AS Saint-Etienne, \u00e0 la grande \u00e9poque, et de l\u2019Asvel.<\/p>\n<p>Il se souvenait notamment avoir r\u00e9alis\u00e9\u00a0<a href=\"https:\/\/www.leprogres.fr\/rhone-69-edition-lyon-metropole\/2018\/01\/02\/patrick-lion-l-ancienne-voix-de-france-3-rhone-alpes-quitte-montchat\" target=\"_blank\" rel=\"nofollow noopener\">l\u2019interview de l\u2019ancien pr\u00e9sident de l\u2019ASSE<\/a>\u00a0, Roger Rocher, \u00e0 sa sortie de prison dans l\u2019affaire de la caisse noire du club. Patrick Lion avait aussi comment\u00e9 en direct le Grand Prix de Tennis de Lyon.<\/p>\n","protected":false},"excerpt":{"rendered":"Il a pendant vingt-huit ans \u00e9t\u00e9 une figure de la t\u00e9l\u00e9vision publique r\u00e9gionale. Le journaliste Patrick Lion est&hellip;\n","protected":false},"author":2,"featured_media":293873,"comment_status":"","ping_status":"","sticky":false,"template":"","format":"standard","meta":{"footnotes":""},"categories":[1889],"tags":[1111,11,2738,2430,2757,1777,674,107,1011,27,4002,3367,2428,2756,12,25,2429,104,2205],"class_list":{"0":"post-293872","1":"post","2":"type-post","3":"status-publish","4":"format-standard","5":"has-post-thumbnail","7":"category-lyon","8":"tag-actu","9":"tag-actualites","10":"tag-ain","11":"tag-auvergne-rhone-alpes","12":"tag-edition-lyon-villeurbanne","13":"tag-eu","14":"tag-europe","15":"tag-fil-info","16":"tag-fr","17":"tag-france","18":"tag-haute-loire","19":"tag-loire","20":"tag-lyon","21":"tag-lyon-bassin","22":"tag-news","23":"tag-republique-francaise","24":"tag-rhone","25":"tag-societe","26":"tag-television-medias"},"share_on_mastodon":{"url":"https:\/\/pubeurope.com\/@fr\/114965682832562275","error":""},"_links":{"self":[{"href":"https:\/\/www.europesays.com\/fr\/wp-json\/wp\/v2\/posts\/293872","targetHints":{"allow":["GET"]}}],"collection":[{"href":"https:\/\/www.europesays.com\/fr\/wp-json\/wp\/v2\/posts"}],"about":[{"href":"https:\/\/www.europesays.com\/fr\/wp-json\/wp\/v2\/types\/post"}],"author":[{"embeddable":true,"href":"https:\/\/www.europesays.com\/fr\/wp-json\/wp\/v2\/users\/2"}],"replies":[{"embeddable":true,"href":"https:\/\/www.europesays.com\/fr\/wp-json\/wp\/v2\/comments?post=293872"}],"version-history":[{"count":0,"href":"https:\/\/www.europesays.com\/fr\/wp-json\/wp\/v2\/posts\/293872\/revisions"}],"wp:featuredmedia":[{"embeddable":true,"href":"https:\/\/www.europesays.com\/fr\/wp-json\/wp\/v2\/media\/293873"}],"wp:attachment":[{"href":"https:\/\/www.europesays.com\/fr\/wp-json\/wp\/v2\/media?parent=293872"}],"wp:term":[{"taxonomy":"category","embeddable":true,"href":"https:\/\/www.europesays.com\/fr\/wp-json\/wp\/v2\/categories?post=293872"},{"taxonomy":"post_tag","embeddable":true,"href":"https:\/\/www.europesays.com\/fr\/wp-json\/wp\/v2\/tags?post=293872"}],"curies":[{"name":"wp","href":"https:\/\/api.w.org\/{rel}","templated":true}]}}