{"id":293876,"date":"2025-08-03T16:06:11","date_gmt":"2025-08-03T16:06:11","guid":{"rendered":"https:\/\/www.europesays.com\/fr\/293876\/"},"modified":"2025-08-03T16:06:11","modified_gmt":"2025-08-03T16:06:11","slug":"ratp-et-sncf-les-perturbations-attendues-dans-les-transports-a-paris-et-en-ile-de-france-cette-semaine-14","status":"publish","type":"post","link":"https:\/\/www.europesays.com\/fr\/293876\/","title":{"rendered":"RATP et SNCF. Les perturbations attendues dans les transports \u00e0 Paris et en \u00cele-de-France cette semaine"},"content":{"rendered":"<p>            Par<br \/>\n        <strong><br \/>\n            <a href=\"https:\/\/actu.fr\/auteur\/redaction-paris\" title=\"Consulter tous les articles de R\u00e9daction Paris\" target=\"_blank\" rel=\"noopener\">R\u00e9daction Paris<\/a><br \/>\n        <\/strong><\/p>\n<p>        Publi\u00e9 le<\/p>\n<p>            3 ao\u00fbt 2025 \u00e0 17h00        <\/p>\n<p>Le creux de l\u2019\u00e9t\u00e9. Dans les infrastructures souterraines, cette p\u00e9riode trouve \u00e9galement une correspondance. Du lundi 4 au dimanche 10 ao\u00fbt 2025, les <a href=\"https:\/\/actu.fr\/tag\/transport\" target=\"_blank\" rel=\"noopener\">transports<\/a> seront \u00e0 nouveau <strong>perturb\u00e9s<\/strong> \u00e0 <a href=\"https:\/\/actu.fr\/paris\/\" target=\"_blank\" rel=\"noopener\">Paris<\/a> et en <a href=\"https:\/\/actu.fr\/ile-de-france\/\" target=\"_blank\" rel=\"noopener\">\u00cele-de-France<\/a>. Apr\u00e8s la ligne 3, ce sera la ligne 9 du <a href=\"https:\/\/actu.fr\/tag\/metro\" target=\"_blank\" rel=\"noopener\">m\u00e9tro<\/a> qui fermera ses portes une partie de la semaine. Pour le reste, actu Paris a identifi\u00e9 les lignes <a href=\"https:\/\/actu.fr\/tag\/sncf\" target=\"_blank\" rel=\"noopener\">SNCF<\/a> et <a href=\"https:\/\/actu.fr\/tag\/ratp\" target=\"_blank\" rel=\"noopener\">RATP<\/a> impliqu\u00e9es.\u00a0<\/p>\n<p class=\" wall-content\"><strong>M\u00e9tro\u00a0<\/strong><\/p>\n<ul class=\" wall-content\">\n<li><strong>Ligne 6<\/strong> : jusqu\u2019au\u00a028 septembre,\u00a0l\u2019arr\u00eat n\u2019est pas desservi\u00a0\u00e0\u00a0Cambronne\u00a0en raison de\u00a0travaux de modernisation<\/li>\n<li><strong>Ligne 9<\/strong> : du lundi 4 ao\u00fbt \u00e0 partir de 22h45 jusqu\u2019au vendredi 8 ao\u00fbt inclus, le trafic sera interrompu sur l\u2019ensemble de la ligne en raison de travaux de modernisation.<\/li>\n<li><strong>Ligne 12<\/strong> : jusqu\u2019au 7 ao\u00fbt, le trafic est interrompu entre Montparnasse Bienvenue et Mairie d\u2019Issy en raison de travaux de modernisation. Bus de remplacement.\u00a0<\/li>\n<li><strong>Ligne 13<\/strong> : jusqu\u2019au\u00a031 ao\u00fbt, les acc\u00e8s aux stations\u00a0Gabriel P\u00e9ri et Pernety\u00a0sont ferm\u00e9s<\/li>\n<li><strong>Ligne 14<\/strong> : du lundi 4 au vendredi 8 ao\u00fbt, le trafic sera interrompu sur l\u2019ensemble de la ligne en raison de travaux. Bus de remplacement entre Gare de Lyon et Olympiades. Pour vous rendre \u00e0 l\u2019a\u00e9roport d\u2019Orly, prendre la ligne de m\u00e9tro 7 et le tramway T7.\u00a0<\/li>\n<\/ul>\n<p class=\" wall-content\"><strong>RER\u00a0<\/strong><\/p>\n<ul class=\" wall-content\">\n<li><strong>RER A<\/strong> : du 9 ao\u00fbt au 22 ao\u00fbt, le trafic sera interrompu entre Saint-Germain-en-Laye et Le V\u00e9sinet \u2013 Le Pecq en raison de travaux. Le vendredi 8 ao\u00fbt, le trafic sera interrompu entre Saint-Germain-en-Laye et Rueil-Malmaison \u00e0 partir de 22h30. Bus de remplacement pour les deux.\u00a0<\/li>\n<li><strong>RER B<\/strong> : jusqu\u2019au 12 ao\u00fbt, du lundi au vendredi d\u00e8s 22h45, trafic interrompu entre Denfert-Rochereau et A\u00e9roport CDG2 \u25cb Mitry-Claye en raison de travaux. En raison de travaux jusqu\u2019au 27 ao\u00fbt inclus\u200b\u200b,\u00a0trafic interrompu\u00a0entre Massy\u2013Palaiseau et\u00a0La Croix de Berny. Nous vous invitons \u00e0 reporter votre voyage autant que possible ou \u00e0 anticiper vos d\u00e9placements<\/li>\n<li><strong>RER C<\/strong> : jusqu\u2019au 23 ao\u00fbt, le trafic est interrompu entre Gare d\u2019Austerlitz et Pontoise et Versailles Ch\u00e2teau Rive Gauche \u25cb Saint-Quentin en Yvelines en raison de travaux. Le trafic est interrompu entre Massy-Palaiseau et Pont de Rungis. Un service de bus de remplacement est mis en place, avec desserte des gares interm\u00e9diaires. Jusqu\u2019au vendredi 22 ao\u00fbt, le trafic est interrompu ente Paris Austerlitz et Juvisy via Choisy le Roi. Un service de bus de remplacement est mis en place. Travaux d\u2019\u00e9t\u00e9. Jusqu\u2019au vendredi 22 ao\u00fbt, le trafic est interrompu entre St-Quentin en Yvelines et Paris Austerlitz. Lignes de train, RER, M\u00e9tro, Tramway ou bus de ville \u00e0 cause de travaux d\u2019\u00e9t\u00e9. Jusqu\u2019au 23 ao\u00fbt, l\u2019arr\u00eat n\u2019est pas desservi \u00e0 Saint-Michel\u2006\u2013\u2006Notre-Dame en raison de travaux.\u00a0<\/li>\n<li><strong>RER D<\/strong> : lundi 4, mardi 5, vendredi 8 et samedi 9 ao\u00fbt, le trafic est interrompu entre Orry la Ville et Creil \u00e0 partir de 22 heures. Jusqu\u2019au vendredi 29 ao\u00fbt, le trafic est interrompu entre Creil et Ch\u00e2telet Les Halles \u00e0 partir de 23h35. Jusqu\u2019au vendredi 29 ao\u00fbt, en semaine, le trafic est interrompu entre Villeneuve S Georges et Corbeil-Essonnes \u00e0 partir de 23h15. Un service de bus de remplacement est mis en place. Motif : travaux sur le r\u00e9seau ferroviaire. Jusqu\u2019au jeudi 14 ao\u00fbt, le trafic est interrompu entre Paris Gare de Lyon et Melun \u00e0 partir de 22h50. Un service de bus de remplacement est mis en place, avec desserte des gares interm\u00e9diaires. Jusqu\u2019au 14 ao\u00fbt, du lundi au vendredi \u00e0 partir de 23h20, le trafic est interrompu entre Gare du Nord et Creil en raison de travaux. En semaine, de 9h30 \u00e0 16 heures, jusqu\u2019au 29 ao\u00fbt, le trafic est ralenti entre Combs-la-Ville \u2013 Quincy et Melun. Seul un train sur deux circulent entre les gares de Combes la Ville et Melun. Motif : travaux sur le r\u00e9seau ferroviaire. Jusqu\u2019au vendredi 8 ao\u00fbt, d\u00e8s 23h15, les gares entre Paris Gare de Lyon et Villeneuve S Georges ne sont pas desservies \u00e0 cause des travaux.\u00a0<\/li>\n<li><strong>RER E<\/strong> : jusqu\u2019au 17 ao\u00fbt, le trafic est interrompu entre Nanterre-La-Folie et Tournan d\u00e8s 22h10. Des bus circulent \u00e9galement entre Rosny-Bois-Perrier et Noisy-le-Grand Mont-d\u2019Est RER A. Samedi 9 et dimanche 10 ao\u00fbt, le trafic est interrompu entre Nanterre-la-Folie et Chelles Gournay \u00e0 partir de 22h45. Jusqu\u2019au 17 ao\u00fbt, 1 train sur 2 circule entre Nanterre-la-Folie et Villiers-sur-Marne. P\u00e9riode : en semaine aux heures de pointe Dates : du lundi 28 juillet au vendredi 15 ao\u00fbt De 6h00 \u00e0 9h00, 1 train sur 2 circule de Tournan vers Nanterre-la-Folie. De 16h45 \u00e0 120h00, 1 train sur 2 circule de Nanterre-la-Folie vers Tournan. Motif : travaux sur le r\u00e9seau ferroviaire.<\/li>\n<\/ul>\n<p class=\" wall-content\"><strong>Transilien<\/strong><\/p>\n<ul class=\" wall-content\">\n<li><strong>Ligne H<\/strong> : samedi 9 et dimanche 10 ao\u00fbt, le trafic est interrompu entre Paris Gare du Nord et Sarcelles \u2013 Saint-Brice en raison de travaux. Jusqu\u2019au 26 septembre, le trafic est interrompu entre Paris Gare du Nord et Luzarches en soir\u00e9e en raison de travaux. Idem entre Paris du Nord et Persan-Beaumont.\u00a0<\/li>\n<li><strong>Ligne J<\/strong> : jusqu\u2019au vendredi 4 ao\u00fbt, \u00e0 partir de 21h40, le trafic est interrompu entre Gare Saint-Lazare et Mantes-la-Jolie via Poissy. Bus de remplacement. Jusqu\u2019au 8 ao\u00fbt, d\u00e8s 21h15, le trafic est interrompu entre Mantes-la-Jolie et Issou \u2013 Porcheville vers Vernon \u2013 Giverny et Gare Saint-Lazare. Bus de remplacement.\u00a0<\/li>\n<li><strong>Ligne K<\/strong> : jusqu\u2019au 19 d\u00e9cembre, en soir\u00e9e, le trafic est interrompu entre Paris Gare du Nord et Cr\u00e9py-en-Valois.\u00a0<\/li>\n<li><strong>Ligne N<\/strong> : jusqu\u2019au 29 ao\u00fbt, en semaine, \u00e0 partir de 22h30, le trafic est interrompu entre Paris Montparnasse et Rambouillet en raison de travaux. Jusqu\u2019au 29 ao\u00fbt, en semaine, \u00e0 partir de 21 heures, le trafic est interrompu entre Paris Montparnasse et Dreux en raison de travaux. M\u00eame chose entre Montparnasse et Plaisir-Grignon d\u00e8s 21h30.\u00a0<\/li>\n<li><strong>Ligne P<\/strong> : jusqu\u2019au vendredi 15 ao\u00fbt, en semaine, \u00e0 partir de 20h45, le trafic est interrompu entre Paris Est et Provins en raison de travaux. Samedi 9 et dimanche 10 ao\u00fbt, \u00e0 partir de 21h45, le trafic est interrompu entre Paris Est et Provins en raison de travaux. Le trafic est interrompu entre Paris Est et Coulommiers \u00e0 partir de 21h30 jusqu\u2019au dimanche 17 ao\u00fbt. Jusqu\u2019au vendredi 8 ao\u00fbt, le trafic est interrompu entre Meaux et La Fert\u00e9-Milon. Samedi 9 ao\u00fbt, \u00e0 partir de 22h50, le trafic est interrompu entre Paris Est et Meaux. M\u00eame chose en semaine \u00e0 partir de 22h20 jusqu\u2019au vendredi 29 ao\u00fbt. Jusqu\u2019au vendredi 29 ao\u00fbt, \u00e0 partir de 22 heures, le trafic est interrompu entre Paris Est et Ch\u00e2teau-Thierry.\u00a0<\/li>\n<li><strong>Ligne R<\/strong> : jusqu\u2019au 14 ao\u00fbt, en semaine, le trafic est interrompu entre Paris Gare de Lyon et Montereau via Moret Veneux les S d\u00e8s 22h30. M\u00eame chose entre Paris Gare de Lyon et Montargis d\u00e8s 22h10. Le trafic est interrompu entre Melun et Montereau via H\u00e9ricy jusqu\u2019au 29 ao\u00fbt en semaine de 10h20 \u00e0 15h25.\u00a0<\/li>\n<li><strong>Ligne U<\/strong> : jusqu\u2019au vendredi 29 ao\u00fbt, en semaine \u00e0 partir de 21h30, le trafic est interrompu entre La D\u00e9fense et La Verri\u00e8re<\/li>\n<\/ul>\n<p class=\" wall-content\"><strong>Tramway<\/strong><\/p>\n<ul class=\" wall-content\">\n<li><strong>T1<\/strong> : le trafic est interrompu entre Asni\u00e8res \u2013 Quatre Routes et Gare de Saint-Denis et perturb\u00e9 sur le reste de la ligne en raison d\u2019une d\u00e9gradation par un tiers \u00e0 L\u2019\u00cele-Saint-Denis. Pas de reprise pr\u00e9vue jusqu\u2019\u00e0 nouvel ordre.\u00a0<\/li>\n<li><strong>T2<\/strong> : jusqu\u2019\u00e0 fin f\u00e9vrier 2026,\u00a0le trafic est interrompu\u00a0entre\u00a0Porte de Versailles\u00a0et\u00a0Suzanne Lenglen\u00a0en raison d\u2019importants travaux de modernisation.<br \/>Pour rejoindre la Porte de Versailles, depuis Suzanne Lenglen, rejoindre \u00e0 pied la station Balard du T3a<\/li>\n<\/ul>\n<p class=\" wall-content\">Suivez toute l\u2019actualit\u00e9 de vos villes et m\u00e9dias favoris en vous inscrivant \u00e0 <a href=\"https:\/\/moncompte.actu.fr\" title=\"D\u00e9couvez Mon Actu\" rel=\"nofollow noopener\" data-trk=\"{&quot;cta&quot;:{&quot;action&quot;:&quot;https:\\\/\\\/moncompte.actu.fr&quot;,&quot;category&quot;:&quot;mon compte&quot;,&quot;from&quot;:&quot;article footer&quot;,&quot;name&quot;:&quot;Mon actu&quot;,&quot;type&quot;:&quot;cta&quot;}}\" target=\"_blank\">Mon Actu<\/a>.<\/p>\n","protected":false},"excerpt":{"rendered":"Par R\u00e9daction Paris Publi\u00e9 le 3 ao\u00fbt 2025 \u00e0 17h00 Le creux de l\u2019\u00e9t\u00e9. Dans les infrastructures souterraines,&hellip;\n","protected":false},"author":2,"featured_media":293877,"comment_status":"","ping_status":"","sticky":false,"template":"","format":"standard","meta":{"footnotes":""},"categories":[1592],"tags":[1111,11,1777,674,1011,27,662,12,626,625,25,2215,104,2803],"class_list":{"0":"post-293876","1":"post","2":"type-post","3":"status-publish","4":"format-standard","5":"has-post-thumbnail","7":"category-ile-de-france","8":"tag-actu","9":"tag-actualites","10":"tag-eu","11":"tag-europe","12":"tag-fr","13":"tag-france","14":"tag-ile-de-france","15":"tag-news","16":"tag-paris","17":"tag-ratp","18":"tag-republique-francaise","19":"tag-sncf","20":"tag-societe","21":"tag-transport"},"share_on_mastodon":{"url":"https:\/\/pubeurope.com\/@fr\/114965694665525393","error":""},"_links":{"self":[{"href":"https:\/\/www.europesays.com\/fr\/wp-json\/wp\/v2\/posts\/293876","targetHints":{"allow":["GET"]}}],"collection":[{"href":"https:\/\/www.europesays.com\/fr\/wp-json\/wp\/v2\/posts"}],"about":[{"href":"https:\/\/www.europesays.com\/fr\/wp-json\/wp\/v2\/types\/post"}],"author":[{"embeddable":true,"href":"https:\/\/www.europesays.com\/fr\/wp-json\/wp\/v2\/users\/2"}],"replies":[{"embeddable":true,"href":"https:\/\/www.europesays.com\/fr\/wp-json\/wp\/v2\/comments?post=293876"}],"version-history":[{"count":0,"href":"https:\/\/www.europesays.com\/fr\/wp-json\/wp\/v2\/posts\/293876\/revisions"}],"wp:featuredmedia":[{"embeddable":true,"href":"https:\/\/www.europesays.com\/fr\/wp-json\/wp\/v2\/media\/293877"}],"wp:attachment":[{"href":"https:\/\/www.europesays.com\/fr\/wp-json\/wp\/v2\/media?parent=293876"}],"wp:term":[{"taxonomy":"category","embeddable":true,"href":"https:\/\/www.europesays.com\/fr\/wp-json\/wp\/v2\/categories?post=293876"},{"taxonomy":"post_tag","embeddable":true,"href":"https:\/\/www.europesays.com\/fr\/wp-json\/wp\/v2\/tags?post=293876"}],"curies":[{"name":"wp","href":"https:\/\/api.w.org\/{rel}","templated":true}]}}