{"id":293878,"date":"2025-08-03T16:07:11","date_gmt":"2025-08-03T16:07:11","guid":{"rendered":"https:\/\/www.europesays.com\/fr\/293878\/"},"modified":"2025-08-03T16:07:11","modified_gmt":"2025-08-03T16:07:11","slug":"un-homme-de-28-ans-meurt-fauche-par-une-voiture-au-bord-dune-route-departementale-le-conducteur-est-toujours-en-fuite","status":"publish","type":"post","link":"https:\/\/www.europesays.com\/fr\/293878\/","title":{"rendered":"Un homme de 28 ans meurt fauch\u00e9 par une voiture au bord d&rsquo;une route d\u00e9partementale, le conducteur est toujours en fuite"},"content":{"rendered":"<p class=\"article__intro\">Le drame s&rsquo;est produit dans la nuit du samedi 2 au dimanche 3 ao\u00fbt : un homme de 28 ans a \u00e9t\u00e9 fauch\u00e9 par une voiture au niveau de Courcelles-Epayelles dans l&rsquo;Oise. L&rsquo;automobiliste a pris la fuite. Une enqu\u00eate est en cours pour d\u00e9terminer les circonstances exactes du drame.<\/p>\n<p>\n      La Quotidienne Soci\u00e9t\u00e9\n    <\/p>\n<p>\n      De la vie quotidienne aux grands enjeux, recevez tous les jours les sujets qui font la soci\u00e9t\u00e9 locale, comme la justice, l\u2019\u00e9ducation, la sant\u00e9 et la famille.\n    <\/p>\n<p>    France T\u00e9l\u00e9visions utilise votre adresse e-mail afin de vous envoyer la newsletter \u00ab\u00a0La Quotidienne Soci\u00e9t\u00e9\u00a0\u00bb. Vous pouvez vous d\u00e9sinscrire \u00e0 tout moment via le lien en bas de cette newsletter. <a target=\"_blank\" href=\"https:\/\/www.francetelevisions.fr\/groupe\/confidentialite\/politique-de-confidentialite\/politique-de-confidentialite-de-france-televisions-6503\" rel=\"nofollow noopener\">Notre politique de confidentialit\u00e9<\/a><\/p>\n<p>Un homme de 28 ans a \u00e9t\u00e9 fauch\u00e9 par une voiture, qui a ensuite pris la fuite, dans la nuit du samedi 2 au dimanche 3 ao\u00fbt 2025.<\/p>\n<p>Les faits se seraient produits \u00e0 Courcelles-Epayelles (Oise), entre Rollot et Tricot sur la route d\u00e9partementale 27 aux alentours de 4h30 du matin.<\/p>\n<p>Selon <a href=\"https:\/\/www.courrier-picard.fr\/id650080\/article\/2025-08-03\/un-pieton-tue-en-bord-de-route-entre-la-somme-et-loise-une-voiture-en-fuite\" target=\"_blank\" rel=\"noopener nofollow\">nos confr\u00e8res du Courrier Picard<\/a>, l&rsquo;automobiliste a pris la fuite et reste recherch\u00e9 par la police.<\/p>\n<\/p>\n<p>Sur place, nos \u00e9quipes de France 3 Picardie ont constat\u00e9 que les gendarmes tentaient de visionner les cam\u00e9ras de surveillance. Le maire de Rollot, Michel Choisy, affirme que la victime partait de la f\u00eate municipale, une information confirm\u00e9e par la vid\u00e9osurveillance, et rentrait chez son oncle \u00e0 Tricot.<\/p>\n<p>N\u00e9anmoins, il n&rsquo;y a pas de cam\u00e9ras \u00e0 Courcelles-Epayelles, ce qui rend plus difficile la traque de la voiture soup\u00e7onn\u00e9e d&rsquo;avoir fauch\u00e9 le jeune homme.\u00a0<\/p>\n<p>Une proc\u00e9dure a \u00e9t\u00e9 ouverte pour \u00ab\u00a0homicide routier\u00a0\u00bb et l&rsquo;enqu\u00eate a \u00e9t\u00e9 confi\u00e9e \u00e0 la brigade de recherches de Clermont. Les investigations sont en cours \u00ab\u00a0pour d\u00e9terminer les circonstances de l&rsquo;accident et pour identifier le conducteur du v\u00e9hicule\u00a0\u00bb, souligne le procureur de la R\u00e9publique de Beauvais, Fr\u00e9d\u00e9ric Trinh aupr\u00e8s du Courrier Picard.<\/p>\n<p>Le corps de la victime a \u00e9t\u00e9 transport\u00e9 \u00e0 l&rsquo;institut m\u00e9dico-l\u00e9gal de Creil.<\/p>\n<p><a data-article-figure=\"\" href=\"https:\/\/france3-regions.franceinfo.fr\/image\/OObt57yCUSxk6Z7PSf4gfSxbuR4\/1920x1080\/regions\/2025\/08\/03\/download-688f7127adbf3155685563.jpg\" data-pswp-width=\"1920\" data-pswp-height=\"1080\" target=\"_blank\" rel=\"nofollow noopener\"><\/p>\n<p>          <img width=\"600\" height=\"400\" class=\"article-image lazy\" data-src=\"https:\/\/www.europesays.com\/fr\/wp-content\/uploads\/2025\/08\/download-688f7127adbf3155685563.jpg\" alt=\"Une enqu\u00eate est en cours pour d\u00e9terminer les circonstances exactes du drame.\" fetchpriority=\"high\" as=\"image\"\/><\/p>\n<p>\n            Une enqu\u00eate est en cours pour d\u00e9terminer les circonstances exactes du drame.<br \/>\n                           \u2022<br \/>\n                                      \u00a9 Cl\u00e9mence Rousseau \/ FTV\n                      <\/p>\n<p><\/a><\/p>\n<p>On d\u00e9nombre actuellement 26 d\u00e9c\u00e8s sur les routes de l&rsquo;Oise. \u00ab\u00a0Ce triste bilan souligne l&rsquo;enjeu majeur de ces op\u00e9rations : prot\u00e9ger chaque vie\u00a0\u00bb, notait la pr\u00e9fecture dans un communiqu\u00e9 au d\u00e9but de l&rsquo;\u00e9t\u00e9.<\/p>\n<p>Elle appelle d&rsquo;ailleurs \u00e0 la prudence, en particulier en p\u00e9riode estivale et lors des week-ends \u00ab\u00a0de chass\u00e9-crois\u00e9\u00a0\u00bb class\u00e9s noirs sur les routes.\u00a0<\/p>\n<p>Les contr\u00f4les se multiplient en cette p\u00e9riode pour \u00e9viter des drames. Fin juillet par exemple, lors d&rsquo;une op\u00e9ration men\u00e9e par des gendarmes, \u00ab\u00a0plusieurs conducteurs roulant \u00e0 plus de 120 km\/h sur une route limit\u00e9e \u00e0 90 km\/h ont fait l&rsquo;objet de sanctions\u00a0\u00bb.<\/p>\n<p>Avec Cl\u00e9mence Rousseau, Paul Thiry \/ FTV<\/p>\n","protected":false},"excerpt":{"rendered":"Le drame s&rsquo;est produit dans la nuit du samedi 2 au dimanche 3 ao\u00fbt : un homme de&hellip;\n","protected":false},"author":2,"featured_media":293879,"comment_status":"","ping_status":"","sticky":false,"template":"","format":"standard","meta":{"footnotes":""},"categories":[1888],"tags":[1111,1928,11,1927,1777,674,1011,27,12,1926,626,1925,25],"class_list":{"0":"post-293878","1":"post","2":"type-post","3":"status-publish","4":"format-standard","5":"has-post-thumbnail","7":"category-paris","8":"tag-actu","9":"tag-actu-paris","10":"tag-actualites","11":"tag-actualites-paris","12":"tag-eu","13":"tag-europe","14":"tag-fr","15":"tag-france","16":"tag-news","17":"tag-news-paris","18":"tag-paris","19":"tag-paris-news","20":"tag-republique-francaise"},"share_on_mastodon":{"url":"https:\/\/pubeurope.com\/@fr\/114965698563023236","error":""},"_links":{"self":[{"href":"https:\/\/www.europesays.com\/fr\/wp-json\/wp\/v2\/posts\/293878","targetHints":{"allow":["GET"]}}],"collection":[{"href":"https:\/\/www.europesays.com\/fr\/wp-json\/wp\/v2\/posts"}],"about":[{"href":"https:\/\/www.europesays.com\/fr\/wp-json\/wp\/v2\/types\/post"}],"author":[{"embeddable":true,"href":"https:\/\/www.europesays.com\/fr\/wp-json\/wp\/v2\/users\/2"}],"replies":[{"embeddable":true,"href":"https:\/\/www.europesays.com\/fr\/wp-json\/wp\/v2\/comments?post=293878"}],"version-history":[{"count":0,"href":"https:\/\/www.europesays.com\/fr\/wp-json\/wp\/v2\/posts\/293878\/revisions"}],"wp:featuredmedia":[{"embeddable":true,"href":"https:\/\/www.europesays.com\/fr\/wp-json\/wp\/v2\/media\/293879"}],"wp:attachment":[{"href":"https:\/\/www.europesays.com\/fr\/wp-json\/wp\/v2\/media?parent=293878"}],"wp:term":[{"taxonomy":"category","embeddable":true,"href":"https:\/\/www.europesays.com\/fr\/wp-json\/wp\/v2\/categories?post=293878"},{"taxonomy":"post_tag","embeddable":true,"href":"https:\/\/www.europesays.com\/fr\/wp-json\/wp\/v2\/tags?post=293878"}],"curies":[{"name":"wp","href":"https:\/\/api.w.org\/{rel}","templated":true}]}}