{"id":293880,"date":"2025-08-03T16:08:13","date_gmt":"2025-08-03T16:08:13","guid":{"rendered":"https:\/\/www.europesays.com\/fr\/293880\/"},"modified":"2025-08-03T16:08:13","modified_gmt":"2025-08-03T16:08:13","slug":"les-oeuvres-de-niki-de-saint-phalle-et-de-jean-tinguely-reunies-dans-une-exposition-a-paris","status":"publish","type":"post","link":"https:\/\/www.europesays.com\/fr\/293880\/","title":{"rendered":"les \u0153uvres de Niki de Saint Phalle et de Jean Tinguely r\u00e9unies dans une exposition \u00e0 Paris"},"content":{"rendered":"<p class=\"c-chapo \">\n  Le Grand Palais, \u00e0 Paris, accueille une exposition organis\u00e9e par le Centre Pompidou (ferm\u00e9 pour travaux), consacr\u00e9e aux artistes Niki de Saint Phalle et Jean Tinguely. C&rsquo;est la premi\u00e8re fois que leurs \u0153uvres sont expos\u00e9es ensemble.\n<\/p>\n<p>            lire plus tard<\/p>\n<p id=\"dialog__title\" class=\"dialog__title\">Pour sauvegarder cet article, connectez-vous ou cr\u00e9ez un compte franceinfo<\/p>\n<p class=\"dialog__description\">Sans paiement. Sans abonnement.<\/p>\n<p>        Fermer la fen\u00eatre d\u2019activation des notifications France Info<\/p>\n<p>            cr\u00e9er votre compte<\/p>\n<p>            se connecter<\/p>\n<p>        Fermer la fen\u00eatre de pr\u00e9sentation<\/p>\n<p>    <img loading=\"lazy\" decoding=\"async\" class=\"signature__image lazyload\" width=\"100\" height=\"100\" data- alt=\"\" src=\"https:\/\/www.europesays.com\/fr\/wp-content\/uploads\/2025\/07\/anne-chepeau-65e601666d9ec483359792.png\"\/><\/p>\n<p>    Publi\u00e9 le 03\/08\/2025 08:44<\/p>\n<p>        Temps de lecture : 2min<\/p>\n<p>    <img decoding=\"async\"  alt=\"&quot;L'enfer un petit d\u00e9but&quot;, datant de 1984, est l'\u0153uvre la plus spectaculaire de Jean Tinguely dans l'exposition. Paris, ao\u00fbt 2025 (ANNE CHEPEAU \/ FRANCEINFO \/ RADIO FRANCE)\" width=\"432\" height=\"243\" src=\"https:\/\/www.europesays.com\/fr\/wp-content\/uploads\/2025\/08\/lenfer-688e11af4714d972649623.jpg\" fetchpriority=\"high\"\/><\/p>\n<p>      \u00ab\u00a0L&rsquo;enfer un petit d\u00e9but\u00a0\u00bb, datant de 1984, est l&rsquo;\u0153uvre la plus spectaculaire de Jean Tinguely dans l&rsquo;exposition. Paris, ao\u00fbt 2025 (ANNE CHEPEAU \/ FRANCEINFO \/ RADIO FRANCE)<\/p>\n<p>Niki de Saint Phalle en r\u00eavait. Pour la premi\u00e8re fois en France, elle est expos\u00e9e avec celui qui fut son compagnon, Jean Tinguely. D&rsquo;elle, on connait ses c\u00e9l\u00e8bres nanas color\u00e9es, de lui ses curieuses machines en mouvement, mais leurs \u0153uvres respectives vont bien au-del\u00e0.<br \/>\u00ab\u00a0C&rsquo;\u00e9taient des magiciens. Ils parlaient de quelque chose, et quelques jours plus tard \u00e7a existait\u00a0!, se souvient Bloum Cardenas, la petite-fille de Niki de Saint Phalle. Elle a amen\u00e9 une forme d&rsquo;humour \u00e0 Jean, et il lui a permis de r\u00e9aliser ses ambitions grandioses, \u00e9normes. Niki \u00e9tait une artiste qui voulait \u00eatre architecte. C&rsquo;est vraiment touchant comme ils ont toujours \u00e9t\u00e9 l\u00e0 l&rsquo;un pour l&rsquo;autre.\u00a0\u00bb<\/p>\n<p>Un duo d&rsquo;artistes auquel l&rsquo;exposition associe leur ind\u00e9fectible soutien, Pontus Hulten, premier directeur du mus\u00e9e national d&rsquo;art moderne au Centre Pompidou. Avec son aide, ils vont cr\u00e9er des \u0153uvres spectaculaires, comme cette nana g\u00e9ante dans laquelle on entrait par l&rsquo;entrejambe pour d\u00e9couvrir tout un monde anim\u00e9 et ludique. Il en reste quelques fragments et des photos.<\/p>\n<p>    <img decoding=\"async\" class=\"cms-media-image lazyload\" alt=\"Les \" nanas=\"\" demeurent=\"\" les=\"\" plus=\"\" c=\"\" de=\"\" niki=\"\" saint=\"\" phalle.=\"\" ici=\"\" rosy=\"\" une=\"\" ses=\"\" premi=\"\" noires.=\"\" paris=\"\" ao=\"\" chepeau=\"\" franceinfo=\"\" radio=\"\" france=\"\" width=\"720\" height=\"404.68858131488\" data- src=\"https:\/\/www.europesays.com\/fr\/wp-content\/uploads\/2025\/08\/nanas-688e12fd5af33616294610.jpg\"\/><\/p>\n<p>      Les \u00ab\u00a0nanas\u00a0\u00bb demeurent les \u0153uvres les plus c\u00e9l\u00e8bres de Niki de Saint Phalle. Ici \u00ab\u00a0Black Rosy\u00a0\u00bb, une de ses premi\u00e8res nanas noires. Paris, ao\u00fbt 2025 (ANNE CHEPEAU \/ FRANCEINFO \/ RADIO FRANCE)<\/p>\n<p>Dans l&rsquo;exposition, on retrouve les pi\u00e8ces iconiques de Niki de Saint Phalle, notamment ses c\u00e9l\u00e8bres tirs du d\u00e9but des ann\u00e9es 60. \u00ab\u00a0Elle confectionnait des panneaux en mettant des poches de peinture cach\u00e9es sous des couches de pl\u00e2tre, explique Sophie Duplaix, commissaire de l&rsquo;exposition. Puis elle mettait le panneau \u00e0 la verticale et tirait dessus. La peinture explosait et d\u00e9goulinait sur le panneau. C&rsquo;\u00e9tait un geste tr\u00e8s iconoclaste vis-\u00e0-vis de la peinture et de ce qui est traditionnellement associ\u00e9 aux femmes.\u00a0\u00bb<\/p>\n<p>Cette folle libert\u00e9 cr\u00e9ative marque aussi l&rsquo;\u0153uvre de Jean Tinguely, m\u00eame si le travail des deux artistes est tr\u00e8s diff\u00e9rent. Sa pi\u00e8ce la plus spectaculaire s&rsquo;intitule L&rsquo;enfer, un petit d\u00e9but. \u00ab\u00a0C&rsquo;est une grande plateforme, sur laquelle se trouvent tout un tas d&rsquo;objets h\u00e9t\u00e9roclites qu&rsquo;a utilis\u00e9s Tinguely pour composer une esp\u00e8ce de ballet visuel et sonore compl\u00e8tement fascinant, d\u00e9crit Sophie Duplaix. On a mis trois semaines \u00e0 l&rsquo;installer\u00a0!\u00a0\u00bb <\/p>\n<p>La plupart des cr\u00e9ations de Jean Tinguely sont aujourd\u2019hui trop fragiles pour \u00eatre activ\u00e9es. L&rsquo;exposition permet d\u2019en voir plusieurs en mouvement. Apr\u00e8s sa mort, Niki de Saint Phalle cr\u00e9e \u00e0 son tour des \u0153uvres anim\u00e9es, comme un portrait hommage intitul\u00e9 Jean II, pr\u00e9sent\u00e9 dans l\u2019exposition.<\/p>\n<p><strong>Exposition \u00ab\u00a0Niki de Saint Phalle, Jean Tinguely, Pontus Hulten\u00a0\u00bb, du 26 juin 2025 au 4 janvier 2026, au Grand Palais \u00e0 Paris.<\/strong><\/p>\n","protected":false},"excerpt":{"rendered":"Le Grand Palais, \u00e0 Paris, accueille une exposition organis\u00e9e par le Centre Pompidou (ferm\u00e9 pour travaux), consacr\u00e9e aux&hellip;\n","protected":false},"author":2,"featured_media":293881,"comment_status":"","ping_status":"","sticky":false,"template":"","format":"standard","meta":{"footnotes":""},"categories":[1888],"tags":[1111,1928,11,1927,1777,674,1011,27,12,1926,626,1925,25],"class_list":{"0":"post-293880","1":"post","2":"type-post","3":"status-publish","4":"format-standard","5":"has-post-thumbnail","7":"category-paris","8":"tag-actu","9":"tag-actu-paris","10":"tag-actualites","11":"tag-actualites-paris","12":"tag-eu","13":"tag-europe","14":"tag-fr","15":"tag-france","16":"tag-news","17":"tag-news-paris","18":"tag-paris","19":"tag-paris-news","20":"tag-republique-francaise"},"share_on_mastodon":{"url":"https:\/\/pubeurope.com\/@fr\/114965702693095107","error":""},"_links":{"self":[{"href":"https:\/\/www.europesays.com\/fr\/wp-json\/wp\/v2\/posts\/293880","targetHints":{"allow":["GET"]}}],"collection":[{"href":"https:\/\/www.europesays.com\/fr\/wp-json\/wp\/v2\/posts"}],"about":[{"href":"https:\/\/www.europesays.com\/fr\/wp-json\/wp\/v2\/types\/post"}],"author":[{"embeddable":true,"href":"https:\/\/www.europesays.com\/fr\/wp-json\/wp\/v2\/users\/2"}],"replies":[{"embeddable":true,"href":"https:\/\/www.europesays.com\/fr\/wp-json\/wp\/v2\/comments?post=293880"}],"version-history":[{"count":0,"href":"https:\/\/www.europesays.com\/fr\/wp-json\/wp\/v2\/posts\/293880\/revisions"}],"wp:featuredmedia":[{"embeddable":true,"href":"https:\/\/www.europesays.com\/fr\/wp-json\/wp\/v2\/media\/293881"}],"wp:attachment":[{"href":"https:\/\/www.europesays.com\/fr\/wp-json\/wp\/v2\/media?parent=293880"}],"wp:term":[{"taxonomy":"category","embeddable":true,"href":"https:\/\/www.europesays.com\/fr\/wp-json\/wp\/v2\/categories?post=293880"},{"taxonomy":"post_tag","embeddable":true,"href":"https:\/\/www.europesays.com\/fr\/wp-json\/wp\/v2\/tags?post=293880"}],"curies":[{"name":"wp","href":"https:\/\/api.w.org\/{rel}","templated":true}]}}