{"id":293890,"date":"2025-08-03T16:13:14","date_gmt":"2025-08-03T16:13:14","guid":{"rendered":"https:\/\/www.europesays.com\/fr\/293890\/"},"modified":"2025-08-03T16:13:14","modified_gmt":"2025-08-03T16:13:14","slug":"les-nouveaux-prix-officiels-de-la-switch-1","status":"publish","type":"post","link":"https:\/\/www.europesays.com\/fr\/293890\/","title":{"rendered":"les nouveaux prix officiels de la Switch 1"},"content":{"rendered":"<p>C&rsquo;est aujourd&rsquo;hui, le 3 ao\u00fbt 2025 et donc plus de 8 ans apr\u00e8s son lancement, que la Switch 1 augmente officiellement de prix aux USA pour combler un peu la probl\u00e9matique de la taxe Trump sans du coup trop impacter la situation de sa \u00ab\u00a0New Gen\u00a0\u00bb et m\u00eame motiver un peu plus les ind\u00e9cis de plusieurs ann\u00e9es \u00e0 franchir le pas pour la Switch 2\u00a0tant l&rsquo;\u00e9cart de prix se retrouve amoindri.<\/p>\n<p>Les prix d\u00e9finitifs viennent de tomber, et \u00e7a pique.<\/p>\n<p>&#8211; Switch OLED\u00a0: 399,99$ (449,99$ la Switch 2)<br \/>&#13;<br \/>\n&#8211; Switch Classique\u00a0: 339,99$<br \/>&#13;<br \/>\n&#8211; Switch Lite\u00a0: 229,99$<\/p>\n<p>&#8211; Paire de Joy-Con 1\u00a0: 89$\u00a0!!! (94,99$ les Joy-Cons 2)<br \/>&#13;<br \/>\n&#8211; Controler Pro\u00a0Switch 1\u00a0: 79,99$ (84,99$ le 2)<\/p>\n<p>Et pour ce qui concerne aussi (dans un sens) les joueurs Switch 2 :<\/p>\n<p>&#8211; Pad NSO NES\u00a0: 69,99$<br \/>&#13;<br \/>\n&#8211; Pad NSO SNES\u00a0: 34,99$<br \/>&#13;<br \/>\n&#8211; Pad NSO N64\u00a0: 54,99$<br \/>&#13;<br \/>\n&#8211; Pad NSO MegaDrive\u00a0: 54,99$<br \/>&#13;<br \/>\n&#8211; Amiibo\u00a0: 19,99$<br \/>&#13;<br \/>\n&#8211; Amiibo Double Pack\u00a0: 34,99$\/39,99$ au cas par cas<\/p>\n","protected":false},"excerpt":{"rendered":"C&rsquo;est aujourd&rsquo;hui, le 3 ao\u00fbt 2025 et donc plus de 8 ans apr\u00e8s son lancement, que la Switch&hellip;\n","protected":false},"author":2,"featured_media":293891,"comment_status":"","ping_status":"","sticky":false,"template":"","format":"standard","meta":{"footnotes":""},"categories":[1589],"tags":[11,73,1866,12,1864,1865,1863,308],"class_list":{"0":"post-293890","1":"post","2":"type-post","3":"status-publish","4":"format-standard","5":"has-post-thumbnail","7":"category-etats-unis","8":"tag-actualites","9":"tag-etats-unis","10":"tag-etats-unis-damerique","11":"tag-news","12":"tag-united-states","13":"tag-united-states-of-america","14":"tag-us","15":"tag-usa"},"share_on_mastodon":{"url":"https:\/\/pubeurope.com\/@fr\/114965722186951671","error":""},"_links":{"self":[{"href":"https:\/\/www.europesays.com\/fr\/wp-json\/wp\/v2\/posts\/293890","targetHints":{"allow":["GET"]}}],"collection":[{"href":"https:\/\/www.europesays.com\/fr\/wp-json\/wp\/v2\/posts"}],"about":[{"href":"https:\/\/www.europesays.com\/fr\/wp-json\/wp\/v2\/types\/post"}],"author":[{"embeddable":true,"href":"https:\/\/www.europesays.com\/fr\/wp-json\/wp\/v2\/users\/2"}],"replies":[{"embeddable":true,"href":"https:\/\/www.europesays.com\/fr\/wp-json\/wp\/v2\/comments?post=293890"}],"version-history":[{"count":0,"href":"https:\/\/www.europesays.com\/fr\/wp-json\/wp\/v2\/posts\/293890\/revisions"}],"wp:featuredmedia":[{"embeddable":true,"href":"https:\/\/www.europesays.com\/fr\/wp-json\/wp\/v2\/media\/293891"}],"wp:attachment":[{"href":"https:\/\/www.europesays.com\/fr\/wp-json\/wp\/v2\/media?parent=293890"}],"wp:term":[{"taxonomy":"category","embeddable":true,"href":"https:\/\/www.europesays.com\/fr\/wp-json\/wp\/v2\/categories?post=293890"},{"taxonomy":"post_tag","embeddable":true,"href":"https:\/\/www.europesays.com\/fr\/wp-json\/wp\/v2\/tags?post=293890"}],"curies":[{"name":"wp","href":"https:\/\/api.w.org\/{rel}","templated":true}]}}