{"id":293892,"date":"2025-08-03T16:14:11","date_gmt":"2025-08-03T16:14:11","guid":{"rendered":"https:\/\/www.europesays.com\/fr\/293892\/"},"modified":"2025-08-03T16:14:11","modified_gmt":"2025-08-03T16:14:11","slug":"kemi-badenoch-rompt-symboliquement-avec-le-nigeria","status":"publish","type":"post","link":"https:\/\/www.europesays.com\/fr\/293892\/","title":{"rendered":"Kemi Badenoch rompt symboliquement avec le Nigeria"},"content":{"rendered":"<p><img loading=\"lazy\" decoding=\"async\" width=\"696\" height=\"392\" class=\"entry-thumb\" src=\"https:\/\/www.europesays.com\/fr\/wp-content\/uploads\/2025\/08\/design-sans-titre-97-696x392.jpg\"   alt=\"Kemi Badenoch\" title=\"Kemi Badenoch\"\/>Instagram : kemibadenoch<\/p>\n<p>Kemi Badenoch, cheffe du Parti conservateur britannique, affirme ne plus se consid\u00e9rer comme Nig\u00e9riane, renon\u00e7ant symboliquement \u00e0 son passeport et \u00e0 une part de son identit\u00e9.<\/p>\n<p>Kemi Badenoch, figure montante du Parti conservateur britannique, a r\u00e9cemment cr\u00e9\u00e9 la pol\u00e9mique en d\u00e9clarant publiquement qu\u2019elle ne se consid\u00e8re plus comme Nig\u00e9riane. Dans un entretien sans d\u00e9tour, l\u2019actuelle cheffe du parti a affirm\u00e9 qu\u2019elle n\u2019avait pas renouvel\u00e9 son passeport nig\u00e9rian depuis le d\u00e9but des ann\u00e9es 2000 et qu\u2019elle ne s\u2019identifie plus \u00e0 ce pays o\u00f9 elle a pourtant grandi.<\/p>\n<p>Une Nig\u00e9riane de naissance, mais plus d\u2019identit\u00e9<\/p>\n<p>N\u00e9e \u00e0 Londres, Kemi Badenoch a pass\u00e9 son enfance au Nigeria, avant de s\u2019installer aux \u00c9tats-Unis, puis de revenir au Royaume-Uni \u00e0 l\u2019\u00e2ge de 16 ans. Si ses attaches culturelles et familiales avec le Nigeria demeurent, la ministre affirme d\u00e9sormais ne plus s\u2019y reconna\u00eetre. \u00ab Je suis Nig\u00e9riane par ascendance, par naissance, m\u00eame si je ne suis pas n\u00e9e l\u00e0-bas \u00e0 cause de mes parents\u2026 mais par identit\u00e9, je ne le suis pas vraiment \u00bb, a-t-elle d\u00e9clar\u00e9 dans le podcast Rosebud, anim\u00e9 par l\u2019ancien d\u00e9put\u00e9 Gyles Brandreth.<\/p>\n<p>L\u2019abandon volontaire de son passeport nig\u00e9rian vient ainsi symboliser une prise de distance assum\u00e9e : \u00ab Je n\u2019ai pas renouvel\u00e9 mon passeport nig\u00e9rian depuis le d\u00e9but des ann\u00e9es 2000. \u00bb<\/p>\n<p>Un attachement culturel mais une loyaut\u00e9 politique britannique<\/p>\n<p>Dans le m\u00eame entretien, Badenoch nuance tout de m\u00eame son propos : elle affirme rester \u00ab tr\u00e8s int\u00e9ress\u00e9e \u00bb par ce qui se passe au Nigeria, o\u00f9 elle a encore de nombreux proches. Mais pour elle, sa v\u00e9ritable maison est d\u00e9sormais ailleurs. \u00ab Ma maison, c\u2019est l\u00e0 o\u00f9 se trouve ma famille actuelle\u2026 et le Parti conservateur fait partie int\u00e9grante de ma famille \u00bb, a-t-elle insist\u00e9.<\/p>\n<p>Elle \u00e9voque aussi une exp\u00e9rience marquante lors d\u2019un retour au Nigeria apr\u00e8s le d\u00e9c\u00e8s de son p\u00e8re, o\u00f9 elle a d\u00fb faire face \u00e0 des <a href=\"https:\/\/www.afrik.com\/nigeria-le-visa-a-l-entree-en-vigueur-pour-les-africains\" target=\"_blank\" rel=\"noopener nofollow\">difficult\u00e9s administratives pour obtenir un visa<\/a>. Une anecdote qui semble avoir renforc\u00e9 son sentiment de d\u00e9tachement.<\/p>\n<p>Un discours qui divise<\/p>\n<p>Ces d\u00e9clarations n\u2019ont pas manqu\u00e9 de faire r\u00e9agir. L\u2019ann\u00e9e derni\u00e8re d\u00e9j\u00e0, elle avait \u00e9t\u00e9 accus\u00e9e par un vice-pr\u00e9sident nig\u00e9rian d\u2019avoir \u00ab d\u00e9nigr\u00e9 \u00bb le pays d\u2019Afrique de l\u2019Ouest. Aujourd\u2019hui, son rejet assum\u00e9 de cette identit\u00e9 nig\u00e9riane en choque certains, notamment dans la diaspora, o\u00f9 son parcours est souvent vu comme un symbole de r\u00e9ussite.<\/p>\n<p>Mais pour d\u2019autres, Badenoch incarne une forme de pragmatisme politique \u00e0 l\u2019anglaise, align\u00e9e sur une vision conservatrice de la citoyennet\u00e9 et de l\u2019int\u00e9gration.<\/p>\n<p>Identit\u00e9 choisie ou rupture d\u00e9finitive ?<\/p>\n<p>La prise de position de Kemi Badenoch pose une question plus large : peut-on renier une part de soi tout en s\u2019en r\u00e9clamant culturellement ? En refusant de se revendiquer Nig\u00e9riane, tout en reconnaissant l\u2019influence de ses ann\u00e9es pass\u00e9es \u00e0 Lagos sur sa pens\u00e9e politique, Badenoch s\u2019inscrit dans une d\u00e9marche ambivalente, \u00e0 la crois\u00e9e des trajectoires migratoires et des engagements id\u00e9ologiques.<\/p>\n<p>Quelles que soient les motivations profondes de sa d\u00e9claration, une chose est claire : Kemi Badenoch veut d\u00e9sormais \u00eatre per\u00e7ue uniquement comme une femme politique britannique, et non comme une enfant de la diaspora. Le Nigeria, lui, observe \u00e0 distance cette rupture avec l\u2019une de ses plus c\u00e9l\u00e8bres expatri\u00e9es.<\/p>\n<p><img loading=\"lazy\" decoding=\"async\" src=\"https:\/\/www.europesays.com\/fr\/wp-content\/uploads\/2025\/08\/1754237651_229_hqdefault.jpg\" alt=\"YouTube video\" width=\"480\" height=\"360\" data-pin-nopin=\"true\" nopin=\"nopin\"\/><\/p>\n","protected":false},"excerpt":{"rendered":"Instagram : kemibadenoch Kemi Badenoch, cheffe du Parti conservateur britannique, affirme ne plus se consid\u00e9rer comme Nig\u00e9riane, renon\u00e7ant&hellip;\n","protected":false},"author":2,"featured_media":293893,"comment_status":"","ping_status":"","sticky":false,"template":"","format":"standard","meta":{"footnotes":""},"categories":[1588],"tags":[11,1777,674,12,4778,473,1853,1851,1850,1852],"class_list":{"0":"post-293892","1":"post","2":"type-post","3":"status-publish","4":"format-standard","5":"has-post-thumbnail","7":"category-royaume-uni","8":"tag-actualites","9":"tag-eu","10":"tag-europe","11":"tag-news","12":"tag-nigeria","13":"tag-royaume-uni","14":"tag-royaume-uni-de-grande-bretagne-et-dirlande-du-nord","15":"tag-uk","16":"tag-united-kingdom","17":"tag-united-kingdom-of-great-britain-and-northern-ireland"},"share_on_mastodon":{"url":"https:\/\/pubeurope.com\/@fr\/114965726135030320","error":""},"_links":{"self":[{"href":"https:\/\/www.europesays.com\/fr\/wp-json\/wp\/v2\/posts\/293892","targetHints":{"allow":["GET"]}}],"collection":[{"href":"https:\/\/www.europesays.com\/fr\/wp-json\/wp\/v2\/posts"}],"about":[{"href":"https:\/\/www.europesays.com\/fr\/wp-json\/wp\/v2\/types\/post"}],"author":[{"embeddable":true,"href":"https:\/\/www.europesays.com\/fr\/wp-json\/wp\/v2\/users\/2"}],"replies":[{"embeddable":true,"href":"https:\/\/www.europesays.com\/fr\/wp-json\/wp\/v2\/comments?post=293892"}],"version-history":[{"count":0,"href":"https:\/\/www.europesays.com\/fr\/wp-json\/wp\/v2\/posts\/293892\/revisions"}],"wp:featuredmedia":[{"embeddable":true,"href":"https:\/\/www.europesays.com\/fr\/wp-json\/wp\/v2\/media\/293893"}],"wp:attachment":[{"href":"https:\/\/www.europesays.com\/fr\/wp-json\/wp\/v2\/media?parent=293892"}],"wp:term":[{"taxonomy":"category","embeddable":true,"href":"https:\/\/www.europesays.com\/fr\/wp-json\/wp\/v2\/categories?post=293892"},{"taxonomy":"post_tag","embeddable":true,"href":"https:\/\/www.europesays.com\/fr\/wp-json\/wp\/v2\/tags?post=293892"}],"curies":[{"name":"wp","href":"https:\/\/api.w.org\/{rel}","templated":true}]}}