{"id":293894,"date":"2025-08-03T16:15:16","date_gmt":"2025-08-03T16:15:16","guid":{"rendered":"https:\/\/www.europesays.com\/fr\/293894\/"},"modified":"2025-08-03T16:15:16","modified_gmt":"2025-08-03T16:15:16","slug":"nicoreni-brille-garden-of-eden-cale","status":"publish","type":"post","link":"https:\/\/www.europesays.com\/fr\/293894\/","title":{"rendered":"Nicoreni brille, Garden Of Eden, cale"},"content":{"rendered":"<p>C&rsquo;est un entra\u00eenement laur\u00e9at du Prix de l&rsquo;Arc de Triomphe qui a enlev\u00e9 le 167e Prix de Diane allemand (Preis Der Diana), groupe I sur 2.200 m\u00e8tres disput\u00e9 dimanche 3 ao\u00fbt sur l\u2019hippodrome de D\u00fcsseldorf. En effet, pour Peter Schiergen, \u00e0 l\u2019honneur dans la course phare fran\u00e7aise avec <strong>Danedream<\/strong> en 2011, la 3 ans <strong>Nicoreni<\/strong> s\u2019est impos\u00e9e tout \u00e0 la fin, sous la selle de Leon Wolff, dans le classique allemand o\u00f9 la fran\u00e7aise <strong>Kiamba<\/strong> \u00e9tait non partante. Dominant <strong>Innora<\/strong> (2e avec Lukas Delozier), <strong>Nyra<\/strong> (3e), puis <strong>Starlight<\/strong> <strong>Lips<\/strong> (4e avec Hugo Boutin), <strong>Nicoreni<\/strong> repr\u00e9sentait l\u2019Allemagne, ultra-dominatrice dans cette course o\u00f9 la favorite irlandaise <strong>Garden<\/strong> <strong>of Eden<\/strong> n\u2019a jamais \u00e9t\u00e9 mena\u00e7ante. Ryan Moore l\u2019avait pourtant pr\u00e9f\u00e9r\u00e9e \u00e0 <strong>January<\/strong> (2e) au d\u00e9part du Prix Rothschild dimanche \u00e0 Deauville.<\/p>\n","protected":false},"excerpt":{"rendered":"C&rsquo;est un entra\u00eenement laur\u00e9at du Prix de l&rsquo;Arc de Triomphe qui a enlev\u00e9 le 167e Prix de Diane&hellip;\n","protected":false},"author":2,"featured_media":293895,"comment_status":"","ping_status":"","sticky":false,"template":"","format":"standard","meta":{"footnotes":""},"categories":[1587],"tags":[11,672,1804,1805,1803,1777,674,1801,12,1802],"class_list":{"0":"post-293894","1":"post","2":"type-post","3":"status-publish","4":"format-standard","5":"has-post-thumbnail","7":"category-allemagne","8":"tag-actualites","9":"tag-allemagne","10":"tag-bundesrepublik-deutschland","11":"tag-de","12":"tag-deutschland","13":"tag-eu","14":"tag-europe","15":"tag-germany","16":"tag-news","17":"tag-republique-federale-dallemagne"},"share_on_mastodon":{"url":"https:\/\/pubeurope.com\/@fr\/114965730032799592","error":""},"_links":{"self":[{"href":"https:\/\/www.europesays.com\/fr\/wp-json\/wp\/v2\/posts\/293894","targetHints":{"allow":["GET"]}}],"collection":[{"href":"https:\/\/www.europesays.com\/fr\/wp-json\/wp\/v2\/posts"}],"about":[{"href":"https:\/\/www.europesays.com\/fr\/wp-json\/wp\/v2\/types\/post"}],"author":[{"embeddable":true,"href":"https:\/\/www.europesays.com\/fr\/wp-json\/wp\/v2\/users\/2"}],"replies":[{"embeddable":true,"href":"https:\/\/www.europesays.com\/fr\/wp-json\/wp\/v2\/comments?post=293894"}],"version-history":[{"count":0,"href":"https:\/\/www.europesays.com\/fr\/wp-json\/wp\/v2\/posts\/293894\/revisions"}],"wp:featuredmedia":[{"embeddable":true,"href":"https:\/\/www.europesays.com\/fr\/wp-json\/wp\/v2\/media\/293895"}],"wp:attachment":[{"href":"https:\/\/www.europesays.com\/fr\/wp-json\/wp\/v2\/media?parent=293894"}],"wp:term":[{"taxonomy":"category","embeddable":true,"href":"https:\/\/www.europesays.com\/fr\/wp-json\/wp\/v2\/categories?post=293894"},{"taxonomy":"post_tag","embeddable":true,"href":"https:\/\/www.europesays.com\/fr\/wp-json\/wp\/v2\/tags?post=293894"}],"curies":[{"name":"wp","href":"https:\/\/api.w.org\/{rel}","templated":true}]}}