{"id":293898,"date":"2025-08-03T16:17:10","date_gmt":"2025-08-03T16:17:10","guid":{"rendered":"https:\/\/www.europesays.com\/fr\/293898\/"},"modified":"2025-08-03T16:17:10","modified_gmt":"2025-08-03T16:17:10","slug":"qui-va-payer-laccord-ue-us-sur-les-droits-de-douane","status":"publish","type":"post","link":"https:\/\/www.europesays.com\/fr\/293898\/","title":{"rendered":"Qui va payer l&rsquo;accord UE\/US sur les droits de douane ?"},"content":{"rendered":"<p>Ce compromis a \u00e9t\u00e9 pr\u00e9sent\u00e9 comme une tentative d\u2019apaisement dans les relations commerciales transatlantiques apr\u00e8s les attaques de Donald Trump. Il pourrait toutefois engendrer des effets \u00e9conomiques non n\u00e9gligeables\u2026 surtout c\u00f4t\u00e9 am\u00e9ricain. Selon Ruben Nizard, \u00e9conomiste chez Coface, les consommateurs des \u00c9tats-Unis seront probablement les premiers touch\u00e9s. \u00ab\u00a0Plusieurs \u00e9tudes sugg\u00e8rent que l\u2019essentiel de ces hausses de droits de douane serait support\u00e9 par les Am\u00e9ricains\u00a0\u00bb, observe-t-il au Figaro. Les \u00c9tats-Unis sont d\u00e9pendants de certains produits europ\u00e9ens qui ne sont pas fabriqu\u00e9s localement.<\/p>\n<p> Une taxe \u00e0 la consommation qui ne dit pas son nom <\/p>\n<p>Prenons l\u2019exemple du vin fran\u00e7ais, particuli\u00e8rement pris\u00e9 outre-Atlantique. En fonction des d\u00e9cisions prises par les producteurs, les hausses de droits de douane pourraient se r\u00e9percuter directement sur les prix \u00e0 la consommation. Si les producteurs refusent de rogner sur leurs marges, ce sont les distributeurs \u2013 puis les clients finaux \u2013 qui absorberont le co\u00fbt. \u00ab\u00a0Ce sera probl\u00e9matique pour les consommateurs plus sensibles aux prix\u00a0\u00bb, avertit l\u2019\u00e9conomiste.<\/p>\n<p>M\u00eame diagnostic pour S\u00e9bastien Jean, de l\u2019Institut fran\u00e7ais des relations internationales\u00a0: \u00ab\u00a0Ces droits de douane additionnels sont un imp\u00f4t suppl\u00e9mentaire sur la consommation int\u00e9rieure am\u00e9ricaine.\u00a0\u00bb Selon lui, l\u2019accord pourrait aussi alimenter une inflation persistante et freiner la croissance, en entretenant une incertitude peu favorable \u00e0 l\u2019investissement.<\/p>\n<p>Si les m\u00e9nages europ\u00e9ens devraient \u00eatre relativement \u00e9pargn\u00e9s dans l\u2019imm\u00e9diat, les effets indirects de cet accord pourraient affaiblir certaines industries exportatrices du continent. A\u00e9ronautique, automobile, agriculture, chimie ou pharmacie\u00a0: autant de secteurs d\u00e9j\u00e0 fragilis\u00e9s, qui risquent d\u2019accuser le coup face \u00e0 cette nouvelle taxe d\u2019entr\u00e9e sur le march\u00e9 am\u00e9ricain.<\/p>\n<p>L\u2019export est absolument vital pour toutes ces fili\u00e8res. Or, des exportations 15\u00a0% plus ch\u00e8res pour vendre aux \u00c9tats-Unis pourrait provoquer une baisse des ventes, forcer des restructurations, voire entra\u00eener des suppressions d\u2019emplois. Certains voient m\u00eame une forme de recul strat\u00e9gique de la part de l\u2019UE, une perte d\u2019influence et de marge de man\u0153uvre pour l\u2019industrie europ\u00e9enne.<\/p>\n<p>L\u2019impact sur la croissance, d\u00e9j\u00e0 tr\u00e8s fragile en France comme en Europe, est \u00e9galement surveill\u00e9 de pr\u00e8s. Une augmentation des droits de douane de 10 points aurait d\u00e9j\u00e0 pu amputer de 0,2 \u00e0 0,3 point la croissance fran\u00e7aise dans les 18 mois, selon certaines \u00e9tudes. Avec ce nouvel accord \u00e0 15\u00a0%, la tendance pourrait s\u2019aggraver, dans un contexte o\u00f9 les pr\u00e9visions pour 2025 sont d\u00e9j\u00e0 faiblardes\u00a0: 0,6\u00a0% selon l\u2019Insee, contre 1,1\u00a0% pour 2024.<\/p>\n<p>C\u00f4t\u00e9 consommation, les effets directs devraient rester limit\u00e9s en Europe. Les achats de biens am\u00e9ricains par les m\u00e9nages fran\u00e7ais et europ\u00e9ens restent marginaux, ce qui devrait contenir l\u2019impact sur les prix.<\/p>\n<blockquote>\n<p class=\"text-base text-neutral-700 dark:text-neutral-300\">\ud83d\udfe3 Pour ne manquer aucune news sur le Journal du Geek, abonnez-vous sur <a href=\"https:\/\/news.google.com\/publications\/CAAqBwgKMNr_hAswwYyCAw?hl=fr&amp;gl=FR&amp;ceid=FR%3Afr\" target=\"_blank\" rel=\"nofollow noopener\">Google Actualit\u00e9s<\/a> et sur <a href=\"https:\/\/whatsapp.com\/channel\/0029VaClM5y4tRry12tb7D2h\" target=\"_blank\" rel=\"nofollow noopener\">notre WhatsApp<\/a>. Et si vous nous adorez, on a <a href=\"https:\/\/www.journaldugeek.com\/newsletter\/\" target=\"_blank\" rel=\"nofollow noopener\">une newsletter tous les matins<\/a>.<\/p>\n<\/blockquote>\n","protected":false},"excerpt":{"rendered":"Ce compromis a \u00e9t\u00e9 pr\u00e9sent\u00e9 comme une tentative d\u2019apaisement dans les relations commerciales transatlantiques apr\u00e8s les attaques de&hellip;\n","protected":false},"author":2,"featured_media":76998,"comment_status":"","ping_status":"","sticky":false,"template":"","format":"standard","meta":{"footnotes":""},"categories":[1586],"tags":[11,75,1777,674,1779,1011,27,12,25,1778,364],"class_list":{"0":"post-293898","1":"post","2":"type-post","3":"status-publish","4":"format-standard","5":"has-post-thumbnail","7":"category-europe","8":"tag-actualites","9":"tag-donald-trump","10":"tag-eu","11":"tag-europe","12":"tag-european-union","13":"tag-fr","14":"tag-france","15":"tag-news","16":"tag-republique-francaise","17":"tag-ue","18":"tag-union-europeenne"},"share_on_mastodon":{"url":"https:\/\/pubeurope.com\/@fr\/114965737953315801","error":""},"_links":{"self":[{"href":"https:\/\/www.europesays.com\/fr\/wp-json\/wp\/v2\/posts\/293898","targetHints":{"allow":["GET"]}}],"collection":[{"href":"https:\/\/www.europesays.com\/fr\/wp-json\/wp\/v2\/posts"}],"about":[{"href":"https:\/\/www.europesays.com\/fr\/wp-json\/wp\/v2\/types\/post"}],"author":[{"embeddable":true,"href":"https:\/\/www.europesays.com\/fr\/wp-json\/wp\/v2\/users\/2"}],"replies":[{"embeddable":true,"href":"https:\/\/www.europesays.com\/fr\/wp-json\/wp\/v2\/comments?post=293898"}],"version-history":[{"count":0,"href":"https:\/\/www.europesays.com\/fr\/wp-json\/wp\/v2\/posts\/293898\/revisions"}],"wp:featuredmedia":[{"embeddable":true,"href":"https:\/\/www.europesays.com\/fr\/wp-json\/wp\/v2\/media\/76998"}],"wp:attachment":[{"href":"https:\/\/www.europesays.com\/fr\/wp-json\/wp\/v2\/media?parent=293898"}],"wp:term":[{"taxonomy":"category","embeddable":true,"href":"https:\/\/www.europesays.com\/fr\/wp-json\/wp\/v2\/categories?post=293898"},{"taxonomy":"post_tag","embeddable":true,"href":"https:\/\/www.europesays.com\/fr\/wp-json\/wp\/v2\/tags?post=293898"}],"curies":[{"name":"wp","href":"https:\/\/api.w.org\/{rel}","templated":true}]}}