{"id":293905,"date":"2025-08-03T16:22:12","date_gmt":"2025-08-03T16:22:12","guid":{"rendered":"https:\/\/www.europesays.com\/fr\/293905\/"},"modified":"2025-08-03T16:22:12","modified_gmt":"2025-08-03T16:22:12","slug":"les-bleuets-dominent-les-polonais-et-conservent-leur-titre-mondial","status":"publish","type":"post","link":"https:\/\/www.europesays.com\/fr\/293905\/","title":{"rendered":"Les Bleuets dominent les Polonais et conservent leur titre mondial !"},"content":{"rendered":"<p style=\"text-align: justify;\"><strong>CHAMPIONNATS DU MONDE U19 MASCULIN DE VOLLEYBALL 2025 \u2013 Domin\u00e9s au premier set, les Bleuets ont mis en route et renvers\u00e9 la Pologne en finale. Comme en 2023, ils sont champions du monde !\u00a0<\/strong><\/p>\n<p style=\"text-align: justify;\">En 2023, <strong>l\u2019\u00e9quipe de France U19 gar\u00e7ons de volleyball<\/strong> avait remport\u00e9 <a href=\"https:\/\/dicodusport.fr\/blog\/volley-mondial-u19-masculin-les-bleuets-battent-liran-et-sont-champions-du-monde\/\" target=\"_blank\" rel=\"noopener\">le premier titre mondial de son histoire<\/a>. Deux ans plus tard, les joueurs avaient chang\u00e9, mais pas les r\u00e9sultats. Les Bleuets avaient d\u00e9livr\u00e9 une belle comp\u00e9tition, haussant leur niveau dans les moments importants \u2013 comme en demi-finale, et pouvaient viser un incroyable doubl\u00e9. Dernier obstacle sur leur route : la <strong>Pologne<\/strong>, une autre grande nation de volleyball, cet apr\u00e8s-midi en finale.<\/p>\n<p><a href=\"https:\/\/dicodusport.fr\/blog\/volley-mondial-u19-2025-h-les-bleuets-renversent-les-iraniens-et-retournent-en-finale\/\" class=\"vlp-link\" title=\"Volley Mondial U19 2025 (H) : Les Bleuets renversent les Iraniens et retournent en finale !\" target=\"_blank\" rel=\"noopener\"><img loading=\"lazy\" decoding=\"async\" style=\"max-width: 792px;\" width=\"792\" height=\"445\" class=\"attachment-800x445 size-800x445 perfmatters-lazy\" alt=\"Volley Mondial U19 2025 (H) Les Bleuets renversent les Iraniens et retournent en finale !\" src=\"https:\/\/www.europesays.com\/fr\/wp-content\/uploads\/2025\/08\/Volley-Mondial-U19-2025-H-Les-Bleuets-renversent-les-Iraniens-et-retournent-en-finale-.png\"  data-\/><\/p>\n<p>Volley Mondial U19 2025 (H) : Les Bleuets renversent les Iraniens et retournent en finale !<\/p>\n<p>CHAMPIONNATS DU MONDE U19 MASCULIN DE VOLLEYBALL 2025 &#8211; Bouscul\u00e9s pendant un set, les Bleuets ont laiss\u00e9 parler leur talent et passent en finale. Demain, ils joueront pour un incroyable doubl\u00e9.\u00a0<\/p>\n<p>Lire l&rsquo;article<\/p>\n<p>dicodusport.fr<\/p>\n<p>Au sommet, encore !<\/p>\n<p style=\"text-align: justify;\">Les Polonais se mettaient rapidement en action, mais pas de quoi effrayer les Bleuets, et notamment <strong>Adelin Nowaczyk<\/strong>, qui frappait vite en attaque. Le premier set partait sur une belle empoignade, le block polonais marquant quelques points, pas assez pour faire un \u00e9cart cependant, mais suffisant pour faire la course en t\u00eate, en attente d\u2019une erreur fran\u00e7aise. Une attaque mal ex\u00e9cut\u00e9e et une r\u00e9ception cafouill\u00e9e suffisaient pour l\u00e2cher la premi\u00e8re manche. La r\u00e9action \u00e9tait positive dans la deuxi\u00e8me, les Bleuets se constituant un petit p\u00e9cule, mais l\u2019abandonnaient \u00e0 la premi\u00e8re mont\u00e9e en tension polonaise. Heureusement, ils r\u00e9p\u00e9taient l\u2019op\u00e9ration, port\u00e9s par<strong> Andrej Jokanovic<\/strong>, et cette fois, la deuxi\u00e8me manche tombait dans leur escarcelle.<\/p>\n<blockquote class=\"twitter-tweet\">\n<p dir=\"ltr\" lang=\"fr\">MAIS PARDON NOA ?<\/p>\n<p>T\u2019ES TROP FORT !!!!!<br \/><a href=\"https:\/\/t.co\/TurFDVWi0D\">pic.twitter.com\/TurFDVWi0D<\/a><\/p>\n<p>\u2014 VolleyActu (@VolleyActu) <a href=\"https:\/\/twitter.com\/VolleyActu\/status\/1951992174884933978?ref_src=twsrc%5Etfw\" target=\"_blank\" rel=\"noopener\">August 3, 2025<\/a><\/p>\n<\/blockquote>\n<p style=\"text-align: justify;\">Sur leur lanc\u00e9e, ils prenaient les commandes du troisi\u00e8me set. Emmen\u00e9s par un toujours \u00e9poustouflant <strong>Noa Duflos-Rossi<\/strong>, ils creusaient rapidement l\u2019\u00e9cart contre des Polonais soudainement en manque d\u2019inspiration offensivement parlant. La troisi\u00e8me manche \u00e9tait une v\u00e9ritable formalit\u00e9, et on voyait mal les Bleuets ne pas \u00eatre titr\u00e9s. Mais la derni\u00e8re manche est souvent r\u00e9put\u00e9e comme la plus dure \u00e0 gagner.<\/p>\n<p style=\"text-align: justify;\">Sauf que ce sera presque la plus facile. Les Polonais n\u2019avaient plus d\u2019essence dans le moteur, et craquaient \u00e0 la premi\u00e8re hausse d\u2019intensit\u00e9 fran\u00e7aise. Et s\u2019ils tentaient un baroud d\u2019honneur, il n\u2019allait pas durer. <strong>Andrej Jokanovic\u00a0<\/strong>d\u00e9passait les 20 points, et comme de vieux briscards, les Bleuets concluaient sans r\u00e9ellement trembler et s\u2019imposaient <strong>22-25, 25-22, 25-15, 25-12<\/strong>. Deux ans apr\u00e8s, les U19 sont de nouveau champions du monde. Le volley fran\u00e7ais, encore une fois, est au sommet de la hi\u00e9rarchie mondiale !<\/p>\n<p>\t\t\t\t\t\t\t\t\t\t\t\t\t<script async src=\"https:\/\/platform.twitter.com\/widgets.js\" charset=\"utf-8\"><\/script><\/p>\n","protected":false},"excerpt":{"rendered":"CHAMPIONNATS DU MONDE U19 MASCULIN DE VOLLEYBALL 2025 \u2013 Domin\u00e9s au premier set, les Bleuets ont mis en&hellip;\n","protected":false},"author":2,"featured_media":293906,"comment_status":"","ping_status":"","sticky":false,"template":"","format":"standard","meta":{"footnotes":""},"categories":[1417],"tags":[2113,1011,27,43376,517,60,1470,1469],"class_list":{"0":"post-293905","1":"post","2":"type-post","3":"status-publish","4":"format-standard","5":"has-post-thumbnail","7":"category-volley","8":"tag-breve","9":"tag-fr","10":"tag-france","11":"tag-mondial-u19-volleyball","12":"tag-sport","13":"tag-sports","14":"tag-volley","15":"tag-volleyball"},"share_on_mastodon":{"url":"https:\/\/pubeurope.com\/@fr\/114965757628505999","error":""},"_links":{"self":[{"href":"https:\/\/www.europesays.com\/fr\/wp-json\/wp\/v2\/posts\/293905","targetHints":{"allow":["GET"]}}],"collection":[{"href":"https:\/\/www.europesays.com\/fr\/wp-json\/wp\/v2\/posts"}],"about":[{"href":"https:\/\/www.europesays.com\/fr\/wp-json\/wp\/v2\/types\/post"}],"author":[{"embeddable":true,"href":"https:\/\/www.europesays.com\/fr\/wp-json\/wp\/v2\/users\/2"}],"replies":[{"embeddable":true,"href":"https:\/\/www.europesays.com\/fr\/wp-json\/wp\/v2\/comments?post=293905"}],"version-history":[{"count":0,"href":"https:\/\/www.europesays.com\/fr\/wp-json\/wp\/v2\/posts\/293905\/revisions"}],"wp:featuredmedia":[{"embeddable":true,"href":"https:\/\/www.europesays.com\/fr\/wp-json\/wp\/v2\/media\/293906"}],"wp:attachment":[{"href":"https:\/\/www.europesays.com\/fr\/wp-json\/wp\/v2\/media?parent=293905"}],"wp:term":[{"taxonomy":"category","embeddable":true,"href":"https:\/\/www.europesays.com\/fr\/wp-json\/wp\/v2\/categories?post=293905"},{"taxonomy":"post_tag","embeddable":true,"href":"https:\/\/www.europesays.com\/fr\/wp-json\/wp\/v2\/tags?post=293905"}],"curies":[{"name":"wp","href":"https:\/\/api.w.org\/{rel}","templated":true}]}}