{"id":293907,"date":"2025-08-03T16:23:10","date_gmt":"2025-08-03T16:23:10","guid":{"rendered":"https:\/\/www.europesays.com\/fr\/293907\/"},"modified":"2025-08-03T16:23:10","modified_gmt":"2025-08-03T16:23:10","slug":"top-14-apres-les-tenebres-jespere-la-lumiere-une-nouvelle-histoire-a-ecrire-en-normandie-pour-le-stade-francais","status":"publish","type":"post","link":"https:\/\/www.europesays.com\/fr\/293907\/","title":{"rendered":"Top 14 &#8211; \u00ab\u00a0Apr\u00e8s les t\u00e9n\u00e8bres, j\u2019esp\u00e8re la lumi\u00e8re\u00a0\u00bb : Une nouvelle histoire \u00e0 \u00e9crire en Normandie pour le Stade fran\u00e7ais"},"content":{"rendered":"<p>\n                Apr\u00e8s avoir repris l\u2019entra\u00eenement le 15 juillet, le Stade fran\u00e7ais s\u2019appr\u00eate \u00e0 partir en stage de coh\u00e9sion en Normandie. Objectif : d\u00e9finir les contours de la nouvelle identit\u00e9 parisienne. Explications.\n            <\/p>\n<p>\u00ab\u00a0Post tenebra spero lucem\u00a0\u00bb. Quand on interroge le manager Paul Gustard, intronis\u00e9 en fin de saison derni\u00e8re apr\u00e8s le d\u00e9part de Laurent Labit, le technicien anglais, qui a fait sienne de cette locution latine, ne se voile pas la face. Il sait combien l\u2019exercice pr\u00e9c\u00e9dent fut douloureux et que le chantier de reconstruction est immense. \u00ab\u00a0Apr\u00e8s les t\u00e9n\u00e8bres, j\u2019esp\u00e8re la lumi\u00e8re\u00a0\u00bb, clame-t-il donc. Logique, forc\u00e9ment logique. Apr\u00e8s trois semaines de pr\u00e9paration physique intense, les Soldats roses prendront la direction mardi de Houlgate, petite station baln\u00e9aire normande. Il n\u2019y sera pas question de rugby. \u00ab\u00a0La quatri\u00e8me semaine de pr\u00e9saison est souvent un signal d\u2019alarme car le stress physique accumul\u00e9 peut entra\u00eener des \u00e9longations et des blessures, annonce l\u2019ancien entra\u00eeneur des Saracens. Nous souhaitons maintenir la dynamique des trois premi\u00e8res semaines et utiliser celle-ci comme une semaine de repos, tout en \u00e9tant productifs gr\u00e2ce \u00e0 des activit\u00e9s et \u00e0 une coh\u00e9sion hors du terrain.\u00a0\u00bb<\/p>\n<p>Pendant que d\u2019autres formations ont choisi la montagne pour optimiser le temps de pr\u00e9paration physique, le club de la capitale a donc opt\u00e9 pour un choix diam\u00e9tralement diff\u00e9rent. Gustard et son staff comptent sur ces quelques jours de travail loin de tout ballon pour co-construire le nouveau visage parisien. \u00ab\u00a0Nous sommes l\u00e0 pour continuer \u00e0 d\u00e9velopper notre identit\u00e9, \u00e0 forger nos valeurs et nos comportements, et \u00e0 fixer nos objectifs de performance, pr\u00e9cise Gustard. Il est important que les joueurs aient leur avis et se mettent d\u2019accord sur nos priorit\u00e9s. Nous sommes tous dans le m\u00eame bateau, mais ils sont les \u00ab\u00a0hommes sur le terrain\u00a0\u00bb et doivent d\u00e9cider et s\u2019engager \u00e0 atteindre les objectifs convenus. J\u2019ai clairement d\u00e9fini mes attentes concernant la planification et les objectifs du camp, mais je tiens \u00e9galement \u00e0 ce que nous passions du bon temps ensemble.\u00a0\u00bb<\/p>\n<blockquote><p>\n<strong>Nous connecter les uns aux autres<\/strong>\n<\/p><\/blockquote>\n<p>Paul Gustard est un anglo-saxon. Sa m\u00e9thode diff\u00e8re probablement. Les joueurs plancheront donc, stylo \u00e0 la main pour \u00e9crire une nouvelle page du Stade fran\u00e7ais. \u00ab\u00a0Le rugby est une affaire de plusieurs choses, mais \u00e0 la base, il y a six fondamentaux d\u2019entra\u00eenement : physique, tactique, technique, mental, \u00e9motionnel et social, ajoute encore Gustard. Dans la comp\u00e9tition du Top 14 et face \u00e0 la qualit\u00e9 des \u00e9quipes en comp\u00e9tition, on oublie parfois l\u2019importance des trois derniers \u00e9l\u00e9ments et on se concentre sur les trois premiers. Construire une \u00e9quipe performante n\u00e9cessite un \u00e9quilibre judicieux entre tous ces aspects, et nous utiliserons la Normandie pour d\u00e9velopper notre jeu et notre identit\u00e9, prendre du plaisir, nous connecter les uns aux autres et atteindre nos objectifs.\u00a0\u00bb Et de conclure : \u00ab\u00a0Je veux qu\u2019ils profitent de ce moment ensemble, apprennent \u00e0 se conna\u00eetre et se remettent physiquement de cette d\u00e9charge avant d\u2019attaquer la semaine de travail suivante avec brio.\u00a0\u00bb<\/p>\n","protected":false},"excerpt":{"rendered":"Apr\u00e8s avoir repris l\u2019entra\u00eenement le 15 juillet, le Stade fran\u00e7ais s\u2019appr\u00eate \u00e0 partir en stage de coh\u00e9sion en&hellip;\n","protected":false},"author":2,"featured_media":293908,"comment_status":"","ping_status":"","sticky":false,"template":"","format":"standard","meta":{"footnotes":""},"categories":[1416],"tags":[1011,27,479,1468,60],"class_list":{"0":"post-293907","1":"post","2":"type-post","3":"status-publish","4":"format-standard","5":"has-post-thumbnail","7":"category-rugby","8":"tag-fr","9":"tag-france","10":"tag-rugby","11":"tag-rugby-football","12":"tag-sports"},"share_on_mastodon":{"url":"https:\/\/pubeurope.com\/@fr\/114965761452334759","error":""},"_links":{"self":[{"href":"https:\/\/www.europesays.com\/fr\/wp-json\/wp\/v2\/posts\/293907","targetHints":{"allow":["GET"]}}],"collection":[{"href":"https:\/\/www.europesays.com\/fr\/wp-json\/wp\/v2\/posts"}],"about":[{"href":"https:\/\/www.europesays.com\/fr\/wp-json\/wp\/v2\/types\/post"}],"author":[{"embeddable":true,"href":"https:\/\/www.europesays.com\/fr\/wp-json\/wp\/v2\/users\/2"}],"replies":[{"embeddable":true,"href":"https:\/\/www.europesays.com\/fr\/wp-json\/wp\/v2\/comments?post=293907"}],"version-history":[{"count":0,"href":"https:\/\/www.europesays.com\/fr\/wp-json\/wp\/v2\/posts\/293907\/revisions"}],"wp:featuredmedia":[{"embeddable":true,"href":"https:\/\/www.europesays.com\/fr\/wp-json\/wp\/v2\/media\/293908"}],"wp:attachment":[{"href":"https:\/\/www.europesays.com\/fr\/wp-json\/wp\/v2\/media?parent=293907"}],"wp:term":[{"taxonomy":"category","embeddable":true,"href":"https:\/\/www.europesays.com\/fr\/wp-json\/wp\/v2\/categories?post=293907"},{"taxonomy":"post_tag","embeddable":true,"href":"https:\/\/www.europesays.com\/fr\/wp-json\/wp\/v2\/tags?post=293907"}],"curies":[{"name":"wp","href":"https:\/\/api.w.org\/{rel}","templated":true}]}}