{"id":293911,"date":"2025-08-03T16:26:24","date_gmt":"2025-08-03T16:26:24","guid":{"rendered":"https:\/\/www.europesays.com\/fr\/293911\/"},"modified":"2025-08-03T16:26:24","modified_gmt":"2025-08-03T16:26:24","slug":"du-carburant-non-fossile-obligatoire-des-2027","status":"publish","type":"post","link":"https:\/\/www.europesays.com\/fr\/293911\/","title":{"rendered":"du carburant non fossile obligatoire d\u00e8s 2027"},"content":{"rendered":"<p class=\"article-p mdl\">\u00c0 partir de 2027, le carburant de toutes les cat\u00e9gories de Grand Prix sera <strong>100% non fossile<\/strong> et ne sera donc plus obtenu par raffinage du p\u00e9trole brut, a-t-on appris mercredi 30 juillet dans un communiqu\u00e9 de la FIM. Ces nouveaux carburants utilis\u00e9s pourront \u00eatre des biocarburants ou des e-carburants obtenus par capture directe du CO2 dans l&rsquo;atmosph\u00e8re.<\/p>\n<p class=\"article-p mdl\">Le MotoGP avait d\u00e9j\u00e0 franchi une \u00e9tape importante dans cette direction en 2024 en imposant que les carburants contiennent au moins 40% de mati\u00e8res non fossiles. Cette transition se poursuivra d\u00e9sormais avec un passage obligatoire \u00e0 100% de carburants non fossiles d&rsquo;ici 2027 e<strong>n MotoGP mais aussi dans les cat\u00e9gories Moto2 et Moto3.<\/strong><br \/><strong\/><br \/>Cette transition vers des carburants propres interviendra en m\u00eame temps que le <strong>nouveau r\u00e8glement technique<\/strong> o\u00f9 la cylindr\u00e9e des MotoGP passera de 1000 \u00e0 850 cm3.\n<\/p>\n<p class=\"article-p mdl\">Apr\u00e8s les\u00a0<a class=\"link\" href=\"https:\/\/www.rtl.fr\/sport\/autres-sports\/24-heures-du-mans-un-carburant-sans-petrole-pour-les-62-engages-7900162322\" target=\"_blank\" rel=\"noopener\">24 heures du Mans\u00a0<\/a>qui depuis 2022 utilisent un carburant 100% renouvelable issu de r\u00e9sidus de raisin provenant de l&rsquo;agriculture viticole fran\u00e7aise et la Formule 1 qui d\u00e8s l\u2019an prochain imposera un carburant enti\u00e8rement renouvelable, la <strong>MotoGP<\/strong> marque elle aussi une rupture significative avec les carburants issus du raffinage du p\u00e9trole brut.<\/p>\n<p>    La r\u00e9daction vous recommande<\/p>\n<p class=\"s-newsletter__title\">\n                L\u2019actualit\u00e9 par la r\u00e9daction de RTL dans votre bo\u00eete mail.\n            <\/p>\n<p class=\"s-newsletter__subtitle\">\n                Gr\u00e2ce \u00e0 votre compte RTL abonnez-vous \u00e0 la newsletter RTL info pour suivre toute l&rsquo;actualit\u00e9 au quotidien\n            <\/p>\n<p>\n                                    Lire la suite\n                                <\/p>\n","protected":false},"excerpt":{"rendered":"\u00c0 partir de 2027, le carburant de toutes les cat\u00e9gories de Grand Prix sera 100% non fossile et&hellip;\n","protected":false},"author":2,"featured_media":293912,"comment_status":"","ping_status":"","sticky":false,"template":"","format":"standard","meta":{"footnotes":""},"categories":[1413],"tags":[4996,107,2619,1011,27,1457,1456,1458,60,4426],"class_list":{"0":"post-293911","1":"post","2":"type-post","3":"status-publish","4":"format-standard","5":"has-post-thumbnail","7":"category-moto","8":"tag-carburants","9":"tag-fil-info","10":"tag-fil-sport","11":"tag-fr","12":"tag-france","13":"tag-moto","14":"tag-motocycle","15":"tag-motogp","16":"tag-sports","17":"tag-transition-energetique"},"share_on_mastodon":{"url":"https:\/\/pubeurope.com\/@fr\/114965773230430509","error":""},"_links":{"self":[{"href":"https:\/\/www.europesays.com\/fr\/wp-json\/wp\/v2\/posts\/293911","targetHints":{"allow":["GET"]}}],"collection":[{"href":"https:\/\/www.europesays.com\/fr\/wp-json\/wp\/v2\/posts"}],"about":[{"href":"https:\/\/www.europesays.com\/fr\/wp-json\/wp\/v2\/types\/post"}],"author":[{"embeddable":true,"href":"https:\/\/www.europesays.com\/fr\/wp-json\/wp\/v2\/users\/2"}],"replies":[{"embeddable":true,"href":"https:\/\/www.europesays.com\/fr\/wp-json\/wp\/v2\/comments?post=293911"}],"version-history":[{"count":0,"href":"https:\/\/www.europesays.com\/fr\/wp-json\/wp\/v2\/posts\/293911\/revisions"}],"wp:featuredmedia":[{"embeddable":true,"href":"https:\/\/www.europesays.com\/fr\/wp-json\/wp\/v2\/media\/293912"}],"wp:attachment":[{"href":"https:\/\/www.europesays.com\/fr\/wp-json\/wp\/v2\/media?parent=293911"}],"wp:term":[{"taxonomy":"category","embeddable":true,"href":"https:\/\/www.europesays.com\/fr\/wp-json\/wp\/v2\/categories?post=293911"},{"taxonomy":"post_tag","embeddable":true,"href":"https:\/\/www.europesays.com\/fr\/wp-json\/wp\/v2\/tags?post=293911"}],"curies":[{"name":"wp","href":"https:\/\/api.w.org\/{rel}","templated":true}]}}