{"id":293913,"date":"2025-08-03T16:27:13","date_gmt":"2025-08-03T16:27:13","guid":{"rendered":"https:\/\/www.europesays.com\/fr\/293913\/"},"modified":"2025-08-03T16:27:13","modified_gmt":"2025-08-03T16:27:13","slug":"mclaren-intouchable-ferrari-gasly-quel-bilan-a-la-treve-estivale","status":"publish","type":"post","link":"https:\/\/www.europesays.com\/fr\/293913\/","title":{"rendered":"McLaren intouchable, Ferrari, Gasly&#8230; Quel bilan \u00e0 la tr\u00eave estivale ?"},"content":{"rendered":"<p class=\"article-p mdl\">Au sortir du <strong>Grand Prix de Hongrie<\/strong>, la Formule 1 est donc en vacances pour trois semaines et apr\u00e8s 14 grands prix, c\u2019est donc\u00a0Oscar Piastri\u00a0qui pointe en t\u00eate du classement des pilotes. L\u2019Australien poss\u00e8de 9 points d\u2019avance sur Lando Norris. \u00c0 la troisi\u00e8me place de ce classement, on retrouve Max Verstappen puis suivent Russell, Leclerc, Hamilton et Antonelli. Du c\u00f4t\u00e9 des Fran\u00e7ais,\u00a0Esteban Ocon\u00a0est 10\u1d49 Isack Hadjar 13\u1d49 et Pierre Gasly 14\u1d49.<\/p>\n<p class=\"article-p mdl\">\u00ab\u00a0McLaren tient solidement la t\u00eate, explique\u00a0Franck Montagny, ancien pilote de F1\u00a0et consultant Canal Plus.\u00a0On a assist\u00e9 \u00e0 un tr\u00e8s beau d\u00e9but de saison malheureusement, je pense que la fin de saison va \u00eatre un peu plus morne, car les deux McLaren vont s&rsquo;\u00e9chapper. Donc, on va avoir une belle bagarre Piastri-Norris, \u00e7a j&rsquo;en suis persuad\u00e9, jusqu&rsquo;\u00e0 la derni\u00e8re course.\u00a0\u00bb<\/p>\n<p class=\"article-p mdl\">Fr\u00e9d\u00e9ric Ferret, sp\u00e9cialiste de la F1 au journal l\u2019Equipe\u00a0pense la m\u00eame chose et pronostique un titre mondial qui va se jouer\u00a0\u00ab\u00a0\u00e0 60% Piastri et 40 Norris. Ce qui est s\u00fbr c\u2019est que je ne vois plus Max Verstappen revenir. Et je crains que m\u00eame si Mercedes donne la confiance n\u00e9cessaire \u00e0 George Russell en le ressignant pour l&rsquo;an prochain, il y a trop de points de retard pour permettre \u00e0 ces deux-l\u00e0 de revenir sur le duo\u00a0\u00bb.<\/p>\n<p class=\"article-p mdl\">Deuxi\u00e8me au classement constructeur,\u00a0\u00ab\u00a0Ferrari s\u2019est un peu rat\u00e9 en ce d\u00e9but de saison\u00a0\u00bb,\u00a0ajoute Franck Montagny. Quant \u00e0 Lewis Hamilton, 7\u00e8 au classement pilote, Fr\u00e9d\u00e9ric Ferret pense \u00ab\u00a0qu\u2019il va forc\u00e9ment y arriver, d&rsquo;autant qu&rsquo;on a vite oubli\u00e9 qu&rsquo;il y est d\u00e9j\u00e0 arriv\u00e9 lors de la course sprint en Chine, qu&rsquo;il a remport\u00e9 apr\u00e8s avoir sign\u00e9 la pole. Ce qui est certain, c&rsquo;est que la voiture est compliqu\u00e9e \u00e0 conduire, mais rien n&rsquo;est perdu et je pense que d&rsquo;ici \u00e0 la fin de l&rsquo;ann\u00e9e, on verra au moins un podium, \u00e7a j&rsquo;en suis certain, et pourquoi pas une victoire de Lewis ou de Charles Leclerc\u00a0\u00bb.<\/p>\n<blockquote class=\"article-quote\">\n<p class=\"article-quote-text icon icon-quote-v2\">La tr\u00eave estivale va faire du bien.<\/p>\n<p>Pierre Gasly, pilote de l&rsquo;\u00e9curie Alpine<\/p>\n<\/blockquote>\n<p class=\"article-p mdl\">Dans cette saison 2025 de plus en plus suivie par une communaut\u00e9 de fans sans cesse grandissante, les Fran\u00e7ais sont quant \u00e0 eux \u00e0 la peine. Apr\u00e8s un d\u00e9but r\u00e9ussi, le jeune Isack Hadjar marque le pas chez Racing Bulls, Esteban Ocon obtient des r\u00e9sultats en dent de scie chez Haas au volant d\u2019une monoplace en manque de fiabilit\u00e9, quant \u00e0 <strong>Pierre Gasly<\/strong>, il maintient \u00e0 lui seul l\u2019\u00e9curie Alpine, derni\u00e8re du championnat.<\/p>\n<p class=\"article-p mdl\">\u00ab\u00a0C&rsquo;est clair que cette tr\u00eave estivale va faire du bien, estime-t-il. C&rsquo;\u00e9tait un d\u00e9but de saison assez mouvement\u00e9, assez compliqu\u00e9 en termes de performances pour nous. On essaie de se battre tous les week-ends du mieux possible en cette ann\u00e9e o\u00f9 on le savait, on se concentre sur 2026 avec un \u00e9norme changement de r\u00e9glementation qui va potentiellement nous donner \u00e9norm\u00e9ment d&rsquo;opportunit\u00e9s en tant qu&rsquo;\u00e9quipe et m\u00eame nous en tant que pilote. Et j&rsquo;esp\u00e8re que les choix qu&rsquo;on a fait cette ann\u00e9e vont payer pour la saison prochaine\u00a0\u00bb.<\/p>\n<p class=\"article-p mdl\">Le championnat du Monde de Formule 1 reprendra le 31 ao\u00fbt prochain avec le Grand Prix des Pays-Bas \u00e0 Zandvoort. <strong>Il reste dix rendez-vous avant la fin de la saison<\/strong>.<\/p>\n<p>    La r\u00e9daction vous recommande<\/p>\n<p class=\"s-newsletter__title\">\n                L\u2019actualit\u00e9 par la r\u00e9daction de RTL dans votre bo\u00eete mail.\n            <\/p>\n<p class=\"s-newsletter__subtitle\">\n                Gr\u00e2ce \u00e0 votre compte RTL abonnez-vous \u00e0 la newsletter RTL info pour suivre toute l&rsquo;actualit\u00e9 au quotidien\n            <\/p>\n<p>\n                                    Lire la suite\n                                <\/p>\n","protected":false},"excerpt":{"rendered":"Au sortir du Grand Prix de Hongrie, la Formule 1 est donc en vacances pour trois semaines et&hellip;\n","protected":false},"author":2,"featured_media":293914,"comment_status":"","ping_status":"","sticky":false,"template":"","format":"standard","meta":{"footnotes":""},"categories":[1412],"tags":[1451,1452,1453,1454,1455,1011,27,2243,4475,2241,360,60],"class_list":{"0":"post-293913","1":"post","2":"type-post","3":"status-publish","4":"format-standard","5":"has-post-thumbnail","7":"category-f1","8":"tag-f1","9":"tag-formula-1","10":"tag-formula1","11":"tag-formule-1","12":"tag-formule1","13":"tag-fr","14":"tag-france","15":"tag-lando-norris","16":"tag-mclaren","17":"tag-oscar-piastri","18":"tag-replay-integral","19":"tag-sports"},"share_on_mastodon":{"url":"https:\/\/pubeurope.com\/@fr\/114965777553337018","error":""},"_links":{"self":[{"href":"https:\/\/www.europesays.com\/fr\/wp-json\/wp\/v2\/posts\/293913","targetHints":{"allow":["GET"]}}],"collection":[{"href":"https:\/\/www.europesays.com\/fr\/wp-json\/wp\/v2\/posts"}],"about":[{"href":"https:\/\/www.europesays.com\/fr\/wp-json\/wp\/v2\/types\/post"}],"author":[{"embeddable":true,"href":"https:\/\/www.europesays.com\/fr\/wp-json\/wp\/v2\/users\/2"}],"replies":[{"embeddable":true,"href":"https:\/\/www.europesays.com\/fr\/wp-json\/wp\/v2\/comments?post=293913"}],"version-history":[{"count":0,"href":"https:\/\/www.europesays.com\/fr\/wp-json\/wp\/v2\/posts\/293913\/revisions"}],"wp:featuredmedia":[{"embeddable":true,"href":"https:\/\/www.europesays.com\/fr\/wp-json\/wp\/v2\/media\/293914"}],"wp:attachment":[{"href":"https:\/\/www.europesays.com\/fr\/wp-json\/wp\/v2\/media?parent=293913"}],"wp:term":[{"taxonomy":"category","embeddable":true,"href":"https:\/\/www.europesays.com\/fr\/wp-json\/wp\/v2\/categories?post=293913"},{"taxonomy":"post_tag","embeddable":true,"href":"https:\/\/www.europesays.com\/fr\/wp-json\/wp\/v2\/tags?post=293913"}],"curies":[{"name":"wp","href":"https:\/\/api.w.org\/{rel}","templated":true}]}}