{"id":293919,"date":"2025-08-03T16:30:12","date_gmt":"2025-08-03T16:30:12","guid":{"rendered":"https:\/\/www.europesays.com\/fr\/293919\/"},"modified":"2025-08-03T16:30:12","modified_gmt":"2025-08-03T16:30:12","slug":"pas-pour-faire-de-la-tele-ce-pont-dor-f","status":"publish","type":"post","link":"https:\/\/www.europesays.com\/fr\/293919\/","title":{"rendered":"\u201cpas pour faire de la t\u00e9l\u00e9\u201d, ce pont d\u2019or f &#8230;"},"content":{"rendered":"<p>EN BREF<\/p>\n<ul class=\"bloc_resume_post_list\">\n<li>Depuis 2017, \u00ab\u00a0Affaire conclue\u00a0\u00bb avec Julia Vignali met en<br \/>\nsc\u00e8ne des ventes d\u00a0\u00bbobjets anciens entre particuliers et acheteurs<br \/>\nprofessionnels, dont Caroline Margeridon.<\/li>\n<li>Caroline Margeridon r\u00e9v\u00e8le avoir achet\u00e9 un bronze pour 39<br \/>\n000 euros, illustrant son s\u00e9rieux et son engagement dans<br \/>\nl&rsquo;\u00e9mission.<\/li>\n<li>Les \u00e9missions sp\u00e9ciales d'\u00a0\u00bbAffaire conclue\u00a0\u00bb d\u00e9voilent des<br \/>\nobjets insolites comme un camion de pompiers ou une Delorean,<br \/>\ncaptivant les t\u00e9l\u00e9spectateurs.<\/li>\n<\/ul>\n<p>Depuis 2017, Affaire conclue, anim\u00e9e par <a href=\"https:\/\/www.telestar.fr\/actu_tv\/julia-vignali-quitte-europe-1-sans-explication-mais-le-coeur-gros-1730179\" target=\"_blank\" rel=\"noopener\"><br \/>\nJulia Vignali<\/a>, captive chaque jour les t\u00e9l\u00e9spectateurs. Le<br \/>\nprogramme met en sc\u00e8ne des particuliers souhaitant vendre leurs<br \/>\nobjets anciens. Face \u00e0 eux, des acheteurs professionnels misent<br \/>\nleur propre argent pour acqu\u00e9rir ces pi\u00e8ces. Parmi les visages les<br \/>\nplus marquants de l\u2019\u00e9mission, <strong>Caroline Margeridon<\/strong>,<br \/>\nantiquaire de formation, se distingue par son engagement<br \/>\nconstant.<\/p>\n<p>Pr\u00e9sente depuis les d\u00e9buts du programme, <a href=\"https:\/\/www.telestar.fr\/actu_tv\/affaire-conclue-nquer-sa-race-caroline-margeridon-se-lache-sur-ses-methodes-dans-lemission-1724591\" target=\"_blank\" rel=\"noopener\"><br \/>\nl&rsquo;antiquaire<\/a> aborde chaque s\u00e9ance avec le s\u00e9rieux et la rigueur<br \/>\nd\u2019une v\u00e9ritable commer\u00e7ante passionn\u00e9e. Les \u00e9pisodes quotidiens<br \/>\nregorgent souvent de <strong>transactions<\/strong> vari\u00e9es. Les<br \/>\n\u00e9missions sp\u00e9ciales, quant \u00e0 elles, offrent souvent des d\u00e9couvertes<br \/>\ninattendues. Ces trouvailles \u00e9tonnantes captivent autant les<br \/>\nparticipants que les t\u00e9l\u00e9spectateurs.<\/p>\n<p>Caroline Margeridon d\u00e9voile le prix record de son achat dans<br \/>\nl&rsquo;\u00e9mission<\/p>\n<p data-start=\"102\" data-end=\"984\">Pour Caroline Margeridon,<br \/>\n<a href=\"https:\/\/www.telestar.fr\/actu_tv\/affaire-conclue-quand-lemission-revient-elle-pour-une-nouvelle-saison-sur-france-2-1732122\" target=\"_blank\" rel=\"noopener\"><br \/>\nAffaire conclue<\/a> ne se<br \/>\nr\u00e9sume pas \u00e0 un simple divertissement t\u00e9l\u00e9vis\u00e9. \u00ab\u00a0<strong>Je ne<br \/>\nfais pas Affaire conclue pour faire de la t\u00e9l\u00e9, on est de vrais<br \/>\nmarchands<\/strong>, on a de vraies boutiques avec des registres de<br \/>\ncommerce\u00a0\u00bb, tient-elle \u00e0 pr\u00e9ciser. Achetant entre quatre et<br \/>\ncinq lots \u00e0 chaque journ\u00e9e de tournage, elle assume pleinement ses<br \/>\nplacements : \u00ab\u00a0On ach\u00e8te avec notre argent et on revend.<br \/>\n<strong>Je n\u2019ai jamais perdu d\u2019argent sur les objets d\u2019Affaire<br \/>\nconclue<\/strong>\u00ab\u00a0,\u00a0affirme-t-elle sans d\u00e9tour. Preuve \u00e0<br \/>\nl\u2019appui, l\u2019objet le plus co\u00fbteux qu\u2019elle a acquis dans l\u2019\u00e9mission<br \/>\nest une sculpture en bronze pour laquelle elle a d\u00e9bours\u00e9<br \/>\n<strong>39 000 euros<\/strong>.<\/p>\n<p data-start=\"102\" data-end=\"984\">Un investissement cons\u00e9quent que<br \/>\nl\u2019ancienne candidate de <a href=\"https:\/\/www.telestar.fr\/serie_tv\/exclu-elsa-bois-dans-ici-tout-commence-mes-debuts-dans-la-serie-vont-ce-triste-constat-de-la-star-de-dals-1733515\" target=\"_blank\" rel=\"noopener\"><br \/>\nDanse avec les stars<\/a><br \/>\njustifie par la vocation commerciale du programme : \u00ab\u00a0Ce n\u2019est<br \/>\npas que pour la d\u00e9coration, Affaire conclue, c\u2019est vraiment un truc<br \/>\nde dingue\u00a0\u00bb. \u00c0 partir de la fin ao\u00fbt, les amateurs du programme<br \/>\npourront d\u00e9couvrir de nouveaux \u00e9pisodes, offrant une<br \/>\n<strong>plong\u00e9e in\u00e9dite dans les coulisses<\/strong>. Tourn\u00e9s<br \/>\njusqu\u2019\u00e0 la mi-juillet, ces \u00e9pisodes mettent en lumi\u00e8re une nouvelle<br \/>\nvague de vendeurs et d\u2019objets surprenants dans la c\u00e9l\u00e8bre salle des<br \/>\nventes. Une rentr\u00e9e pleine de promesses pour Caroline Margeridon et<br \/>\ntoute l\u2019\u00e9quipe, toujours en qu\u00eate de la perle rare.<\/p>\n<p>Les objets insolites d&rsquo;Affaire Conclue : une collection hors<br \/>\nnormes<\/p>\n<p data-start=\"1081\" data-end=\"1657\"><a href=\"https:\/\/www.telestar.fr\/actu_tv\/affaire-conclue-caroline-margeridon-derriere-de-nombreux-departs-son-attitude-hors-camera-fait-des-vagues-1723996https:\/\/www.telestar.fr\/actu_tv\/affaire-conclue-caroline-margeridon-derriere-de-nombreux-departs-son-attitude-hors-camera-fait-des-vagues-1723996\" target=\"_blank\" rel=\"noopener\"><br \/>\nCaroline Margeridon<\/a> revient avec enthousiasme sur les pi\u00e8ces<br \/>\nles plus surprenantes rencontr\u00e9es lors des \u00e9missions sp\u00e9ciales :<br \/>\n\u00ab\u00a0Quand on tournait les primes, on avait des <strong>objets<br \/>\nincroyables<\/strong> parce que contrairement aux quotidiennes,<br \/>\nl&rsquo;\u00e9quipe de casting cherche des choses improbables\u00a0\u00bb.<\/p>\n<p data-start=\"1081\" data-end=\"1657\">\u00ab\u00a0Alors on a eu un camion<br \/>\nde pompiers. Moi j&rsquo;ai voulu l&rsquo;acheter pour en faire un jacuzzi \u00e0<br \/>\nl&rsquo;int\u00e9rieur. On a eu un vrai avion, on a eu une voiture Delorean,<br \/>\nRetour vers le futur quand m\u00eame ! Ce sont des objets<br \/>\n<strong>improbables<\/strong>. On les a achet\u00e9s et surtout on les a<br \/>\nrevendus !\u00a0\u00bb, se r\u00e9jouit-elle.<\/p>\n","protected":false},"excerpt":{"rendered":"EN BREF Depuis 2017, \u00ab\u00a0Affaire conclue\u00a0\u00bb avec Julia Vignali met en sc\u00e8ne des ventes d\u00a0\u00bbobjets anciens entre particuliers&hellip;\n","protected":false},"author":2,"featured_media":293920,"comment_status":"","ping_status":"","sticky":false,"template":"","format":"standard","meta":{"footnotes":""},"categories":[1359],"tags":[9885,548,9884,58,59,1011,27,973],"class_list":{"0":"post-293919","1":"post","2":"type-post","3":"status-publish","4":"format-standard","5":"has-post-thumbnail","7":"category-people","8":"tag-affaire-conclue","9":"tag-article-simple","10":"tag-caroline-margeridon","11":"tag-divertissement","12":"tag-entertainment","13":"tag-fr","14":"tag-france","15":"tag-people"},"share_on_mastodon":{"url":"https:\/\/pubeurope.com\/@fr\/114965789015950491","error":""},"_links":{"self":[{"href":"https:\/\/www.europesays.com\/fr\/wp-json\/wp\/v2\/posts\/293919","targetHints":{"allow":["GET"]}}],"collection":[{"href":"https:\/\/www.europesays.com\/fr\/wp-json\/wp\/v2\/posts"}],"about":[{"href":"https:\/\/www.europesays.com\/fr\/wp-json\/wp\/v2\/types\/post"}],"author":[{"embeddable":true,"href":"https:\/\/www.europesays.com\/fr\/wp-json\/wp\/v2\/users\/2"}],"replies":[{"embeddable":true,"href":"https:\/\/www.europesays.com\/fr\/wp-json\/wp\/v2\/comments?post=293919"}],"version-history":[{"count":0,"href":"https:\/\/www.europesays.com\/fr\/wp-json\/wp\/v2\/posts\/293919\/revisions"}],"wp:featuredmedia":[{"embeddable":true,"href":"https:\/\/www.europesays.com\/fr\/wp-json\/wp\/v2\/media\/293920"}],"wp:attachment":[{"href":"https:\/\/www.europesays.com\/fr\/wp-json\/wp\/v2\/media?parent=293919"}],"wp:term":[{"taxonomy":"category","embeddable":true,"href":"https:\/\/www.europesays.com\/fr\/wp-json\/wp\/v2\/categories?post=293919"},{"taxonomy":"post_tag","embeddable":true,"href":"https:\/\/www.europesays.com\/fr\/wp-json\/wp\/v2\/tags?post=293919"}],"curies":[{"name":"wp","href":"https:\/\/api.w.org\/{rel}","templated":true}]}}