{"id":293921,"date":"2025-08-03T16:31:11","date_gmt":"2025-08-03T16:31:11","guid":{"rendered":"https:\/\/www.europesays.com\/fr\/293921\/"},"modified":"2025-08-03T16:31:11","modified_gmt":"2025-08-03T16:31:11","slug":"lestampe-japonaise-dhokusai-fascine-toujours","status":"publish","type":"post","link":"https:\/\/www.europesays.com\/fr\/293921\/","title":{"rendered":"l\u2019estampe japonaise d&rsquo;Hokusai fascine toujours !"},"content":{"rendered":"<p>Trente-six vues du mont Fuji. Tel est le titre de la s\u00e9rie d\u2019estampes r\u00e9alis\u00e9e par l\u2019artiste japonais Katsushika Hokusai au d\u00e9but des ann\u00e9es 1830, et dont fait partie celle-ci : La Grande Vague de Kanagawa. Rel\u00e9guant la montagne sacr\u00e9e \u00e0 l\u2019arri\u00e8re-plan, elle \u00e9clabousse le spectateur de son profond bleu de Prusse. L\u2019usage de ce pigment, nouvellement introduit au pays du Soleil-Levant, n\u2019est pas la seule raison du succ\u00e8s de l\u2019\u0153uvre. D\u2019aucuns avancent son esth\u00e9tisme math\u00e9matique : l\u2019inclinaison de la vague respecte des proportions dict\u00e9es par le nombre d\u2019or et son \u00e9cume est une fractale, une r\u00e9p\u00e9tition \u00e0 toutes les \u00e9chelles de la vague elle-m\u00eame. D\u2019autres appr\u00e9cient son symbolisme : le sombre oc\u00e9an s\u2019enroule sur le ciel clair, rappelant le yin et le yang, la lutte entre le bien et le mal. Port\u00e9e par la technique de l\u2019estampe (grav\u00e9e sur bois puis imprim\u00e9e \u00e0 des dizaines d\u2019exemplaires), cette vague d\u00e9ferle sur l\u2019Occident d\u00e8s le milieu du XIXe si\u00e8cle. Elle inspire alors des peintres tels que Van Gogh, Monet ou encore Rivi\u00e8re (on parle de japonisme), illustre la partition de La Mer de Debussy en 1905, avant que la publicit\u00e9 et la mode ne s\u2019en emparent (une marque de surf en a fait son logo). Aujourd\u2019hui mondialement c\u00e9l\u00e8bre, cette ic\u00f4ne de l\u2019art peut m\u00eame se targuer de poss\u00e9der son propre \u00e9moji.<\/p>\n<p>\u00c0 en croire une \u00e9tude britannique dat\u00e9e de 2019, non ! Car la vague d\u2019Hokusai aurait exactement la m\u00eame forme qu\u2019une vague sc\u00e9l\u00e9rate, caract\u00e9ris\u00e9e par une hauteur deux fois plus importante que (&#8230;)<\/p>\n<p>(&#8230;) <a href=\"https:\/\/www.caminteresse.fr\/culture\/katsushika-hokusai-11201308\/\" rel=\"nofollow noopener\" target=\"_blank\" data-ylk=\"slk:Cliquez ici pour voir la suite;elm:context_link;itc:0;sec:content-canvas\" class=\"link \">Cliquez ici pour voir la suite<\/a><\/p>\n<p><a href=\"https:\/\/www.caminteresse.fr\/culture\/quel-est-le-pays-le-plus-riche-dafrique-11191459\/\" rel=\"nofollow noopener\" target=\"_blank\" data-ylk=\"slk:Afrique : quel pays dispose de la plus grande richesse ?;elm:context_link;itc:0;sec:content-canvas\" class=\"link \">Afrique : quel pays dispose de la plus grande richesse ?<\/a><br \/><a href=\"https:\/\/www.caminteresse.fr\/culture\/la-grande-muraille-de-chine-est-elle-vraiment-visible-depuis-lespace-11197003\/\" rel=\"nofollow noopener\" target=\"_blank\" data-ylk=\"slk:La Grande Muraille de Chine est-elle vraiment visible depuis l\u2019espace ?;elm:context_link;itc:0;sec:content-canvas\" class=\"link \">La Grande Muraille de Chine est-elle vraiment visible depuis l\u2019espace ?<\/a><br \/><a href=\"https:\/\/www.caminteresse.fr\/culture\/quelle-est-la-difference-entre-un-pic-de-chaleur-une-vague-de-chaleur-et-une-canicule-11196304\/\" rel=\"nofollow noopener\" target=\"_blank\" data-ylk=\"slk:Quelle est la diff\u00e9rence entre un pic de chaleur, une vague de chaleur et une canicule ?;elm:context_link;itc:0;sec:content-canvas\" class=\"link \">Quelle est la diff\u00e9rence entre un pic de chaleur, une vague de chaleur et une canicule ?<\/a><br \/><a href=\"https:\/\/www.caminteresse.fr\/culture\/pourquoi-la-suede-rafle-presque-toujours-leurovision-11201590\/\" rel=\"nofollow noopener\" target=\"_blank\" data-ylk=\"slk:Pourquoi la Su\u00e8de rafle (presque) toujours l\u2019Eurovision ?;elm:context_link;itc:0;sec:content-canvas\" class=\"link \">Pourquoi la Su\u00e8de rafle (presque) toujours l\u2019Eurovision ?<\/a><br \/><a href=\"https:\/\/www.caminteresse.fr\/culture\/la-couleur-officielle-de-la-saint-patrick-na-pas-toujours-ete-le-vert-11200113\/\" rel=\"nofollow noopener\" target=\"_blank\" data-ylk=\"slk:La couleur officielle de la Saint-Patrick n\u2019a pas toujours \u00e9t\u00e9 le vert !;elm:context_link;itc:0;sec:content-canvas\" class=\"link \">La couleur officielle de la Saint-Patrick n\u2019a pas toujours \u00e9t\u00e9 le vert !<\/a><\/p>\n","protected":false},"excerpt":{"rendered":"Trente-six vues du mont Fuji. Tel est le titre de la s\u00e9rie d\u2019estampes r\u00e9alis\u00e9e par l\u2019artiste japonais Katsushika&hellip;\n","protected":false},"author":2,"featured_media":293922,"comment_status":"","ping_status":"","sticky":false,"template":"","format":"standard","meta":{"footnotes":""},"categories":[1358],"tags":[1348,1384,1385,1386,58,59,1011,27,43377,43379,43378],"class_list":{"0":"post-293921","1":"post","2":"type-post","3":"status-publish","4":"format-standard","5":"has-post-thumbnail","7":"category-arts-et-design","8":"tag-arts","9":"tag-arts-and-design","10":"tag-arts-et-design","11":"tag-design","12":"tag-divertissement","13":"tag-entertainment","14":"tag-fr","15":"tag-france","16":"tag-katsushika-hokusai","17":"tag-la-grande-vague-de-kanagawa","18":"tag-vague-scelerate"},"share_on_mastodon":{"url":"https:\/\/pubeurope.com\/@fr\/114965792953532666","error":""},"_links":{"self":[{"href":"https:\/\/www.europesays.com\/fr\/wp-json\/wp\/v2\/posts\/293921","targetHints":{"allow":["GET"]}}],"collection":[{"href":"https:\/\/www.europesays.com\/fr\/wp-json\/wp\/v2\/posts"}],"about":[{"href":"https:\/\/www.europesays.com\/fr\/wp-json\/wp\/v2\/types\/post"}],"author":[{"embeddable":true,"href":"https:\/\/www.europesays.com\/fr\/wp-json\/wp\/v2\/users\/2"}],"replies":[{"embeddable":true,"href":"https:\/\/www.europesays.com\/fr\/wp-json\/wp\/v2\/comments?post=293921"}],"version-history":[{"count":0,"href":"https:\/\/www.europesays.com\/fr\/wp-json\/wp\/v2\/posts\/293921\/revisions"}],"wp:featuredmedia":[{"embeddable":true,"href":"https:\/\/www.europesays.com\/fr\/wp-json\/wp\/v2\/media\/293922"}],"wp:attachment":[{"href":"https:\/\/www.europesays.com\/fr\/wp-json\/wp\/v2\/media?parent=293921"}],"wp:term":[{"taxonomy":"category","embeddable":true,"href":"https:\/\/www.europesays.com\/fr\/wp-json\/wp\/v2\/categories?post=293921"},{"taxonomy":"post_tag","embeddable":true,"href":"https:\/\/www.europesays.com\/fr\/wp-json\/wp\/v2\/tags?post=293921"}],"curies":[{"name":"wp","href":"https:\/\/api.w.org\/{rel}","templated":true}]}}