{"id":293923,"date":"2025-08-03T16:32:10","date_gmt":"2025-08-03T16:32:10","guid":{"rendered":"https:\/\/www.europesays.com\/fr\/293923\/"},"modified":"2025-08-03T16:32:10","modified_gmt":"2025-08-03T16:32:10","slug":"la-romanciere-psyche-presente-son-nouveau-roman-a-la-maison-de-la-presse-lundi","status":"publish","type":"post","link":"https:\/\/www.europesays.com\/fr\/293923\/","title":{"rendered":"La romanci\u00e8re Psych\u00e9 pr\u00e9sente son nouveau roman \u00e0 la maison de la presse lundi"},"content":{"rendered":"<p>            Par<br \/>\n        <strong><br \/>\n            <a href=\"https:\/\/actu.fr\/auteur\/redaction-pa\" title=\"Consulter tous les articles de R\u00e9daction Le Pays d&#039;Auge\" target=\"_blank\" rel=\"noopener\">R\u00e9daction Le Pays d&rsquo;Auge<\/a><br \/>\n        <\/strong><\/p>\n<p>        Publi\u00e9 le<\/p>\n<p>            3 ao\u00fbt 2025 \u00e0 18h00        <\/p>\n<p>La romanci\u00e8re Psych\u00e9, de son vrai nom Marie-Jeanne Bonnement, est notamment connue dans les environs de Pont-l\u2019\u00c9v\u00eaque (Calvados) pour <a href=\"https:\/\/actu.fr\/normandie\/pont-l-eveque_14514\/lautrice-psyche-en-dedicace-a-pont-leveque-pour-son-livre-maupassant-le-libertin_52800713.html\" target=\"_blank\" rel=\"noopener\">son ouvrage biographique Maupassant, le libertin<\/a>. Cette fois-ci, elle s\u2019est attel\u00e9e \u00e0 une tout autre \u0153uvre. Son nouvel ouvrage propose en effet de s\u2019embarquer, litt\u00e9ralement, dans une fresque m\u00ealant r\u00e9cit historique, aventure humaine et musique.<\/p>\n<p class=\" wall-content\">Bas\u00e9 sur une histoire vraie, Alors viendra un monde meilleur fait revivre l\u2019\u00e9pop\u00e9e de quatre g\u00e9n\u00e9rations de femmes. Des femmes exceptionnelles qui, des ann\u00e9es trente aux ann\u00e9es 2000 et de l\u2019\u00c9tat de Virginie \u00e0 Manhattan ou Harlem, seront engag\u00e9es dans une vie teint\u00e9e de foi et d\u2019amour. Dans ce r\u00e9cit romanesque, Kelly, l\u2019h\u00e9ro\u00efne, entra\u00eene le lecteur \u00e0 travers le monde au rythme du negro-spiritual et du gospel distill\u00e9s par le Golden Gate Quartet.<\/p>\n<p>Pr\u00e9face de Nicole Ameline, ancienne ministre<\/p>\n<p class=\" wall-content\">\u00ab C\u2019est en lisant une citation Pierre Guilbert, dit l\u2019abb\u00e9 Guilbert que j\u2019ai eu l\u2019id\u00e9e du titre de mon livre \u00bb, explique la romanci\u00e8re originaire de Bonnebosq et install\u00e9e \u00e0\u00a0Villers-sur-Mer. \u00ab C\u2019est une histoire fascinante et \u00e9mouvante, car je me suis bas\u00e9e sur des personnages qui ont vraiment exist\u00e9. \u00bb<\/p>\n<p class=\" wall-content\">Ce roman, \u00e9dit\u00e9 \u00e0 compte d\u2019auteur, est pr\u00e9fac\u00e9 par Nicole Ameline, ancienne ministre, pour qui ce roman est \u00ab une \u00e9pop\u00e9e spectaculaire \u00bb avec des \u00ab portraits de femmes inspirantes au c\u0153ur d\u2019un si\u00e8cle qui en changera le destin individuel et collectif\u2026 \u00bb<\/p>\n<p class=\" wall-content\">Psych\u00e9 invite donc \u00e0 venir la rencontrer, ce lundi 4 ao\u00fbt 2025, de 10 h \u00e0 12 h pour un moment d\u2019\u00e9changes et des d\u00e9dicaces \u00e0 la Maison de la presse de Pont-l\u2019\u00c9v\u00eaque. Elle sera \u00e9galement pr\u00e9sente au Festival litt\u00e9raire de Pont-l\u2019\u00c9v\u00eaque dont la 10e \u00e9dition se tiendra le samedi 27\u00a0septembre.<\/p>\n<p>Vid\u00e9os : en ce moment sur Actu<\/p>\n<p>S\u00e9ance de d\u00e9dicaces lundi 4 ao\u00fbt, de 10 h \u00e0 12 h \u00e0 la Maison de la presse<\/p>\n<p class=\" wall-content\">Suivez toute l\u2019actualit\u00e9 de vos villes et m\u00e9dias favoris en vous inscrivant \u00e0 <a href=\"https:\/\/moncompte.actu.fr\" title=\"D\u00e9couvez Mon Actu\" rel=\"nofollow noopener\" data-trk=\"{&quot;cta&quot;:{&quot;action&quot;:&quot;https:\\\/\\\/moncompte.actu.fr&quot;,&quot;category&quot;:&quot;mon compte&quot;,&quot;from&quot;:&quot;article footer&quot;,&quot;name&quot;:&quot;Mon actu&quot;,&quot;type&quot;:&quot;cta&quot;}}\" target=\"_blank\">Mon Actu<\/a>.<\/p>\n","protected":false},"excerpt":{"rendered":"Par R\u00e9daction Le Pays d&rsquo;Auge Publi\u00e9 le 3 ao\u00fbt 2025 \u00e0 18h00 La romanci\u00e8re Psych\u00e9, de son vrai&hellip;\n","protected":false},"author":2,"featured_media":293924,"comment_status":"","ping_status":"","sticky":false,"template":"","format":"standard","meta":{"footnotes":""},"categories":[1357],"tags":[1379,58,59,1011,27,1380,22922,104],"class_list":{"0":"post-293923","1":"post","2":"type-post","3":"status-publish","4":"format-standard","5":"has-post-thumbnail","7":"category-livres","8":"tag-books","9":"tag-divertissement","10":"tag-entertainment","11":"tag-fr","12":"tag-france","13":"tag-livres","14":"tag-pays-dauge","15":"tag-societe"},"share_on_mastodon":{"url":"https:\/\/pubeurope.com\/@fr\/114965796975886837","error":""},"_links":{"self":[{"href":"https:\/\/www.europesays.com\/fr\/wp-json\/wp\/v2\/posts\/293923","targetHints":{"allow":["GET"]}}],"collection":[{"href":"https:\/\/www.europesays.com\/fr\/wp-json\/wp\/v2\/posts"}],"about":[{"href":"https:\/\/www.europesays.com\/fr\/wp-json\/wp\/v2\/types\/post"}],"author":[{"embeddable":true,"href":"https:\/\/www.europesays.com\/fr\/wp-json\/wp\/v2\/users\/2"}],"replies":[{"embeddable":true,"href":"https:\/\/www.europesays.com\/fr\/wp-json\/wp\/v2\/comments?post=293923"}],"version-history":[{"count":0,"href":"https:\/\/www.europesays.com\/fr\/wp-json\/wp\/v2\/posts\/293923\/revisions"}],"wp:featuredmedia":[{"embeddable":true,"href":"https:\/\/www.europesays.com\/fr\/wp-json\/wp\/v2\/media\/293924"}],"wp:attachment":[{"href":"https:\/\/www.europesays.com\/fr\/wp-json\/wp\/v2\/media?parent=293923"}],"wp:term":[{"taxonomy":"category","embeddable":true,"href":"https:\/\/www.europesays.com\/fr\/wp-json\/wp\/v2\/categories?post=293923"},{"taxonomy":"post_tag","embeddable":true,"href":"https:\/\/www.europesays.com\/fr\/wp-json\/wp\/v2\/tags?post=293923"}],"curies":[{"name":"wp","href":"https:\/\/api.w.org\/{rel}","templated":true}]}}