{"id":293925,"date":"2025-08-03T16:33:12","date_gmt":"2025-08-03T16:33:12","guid":{"rendered":"https:\/\/www.europesays.com\/fr\/293925\/"},"modified":"2025-08-03T16:33:12","modified_gmt":"2025-08-03T16:33:12","slug":"avec-lannulation-du-late-show-de-stephen-colbert-seth-meyers-sinquiete-pour-lavenir-2","status":"publish","type":"post","link":"https:\/\/www.europesays.com\/fr\/293925\/","title":{"rendered":"Avec l\u2019annulation du \u00ab Late Show \u00bb de Stephen Colbert, Seth Meyers s\u2019inqui\u00e8te pour l\u2019avenir"},"content":{"rendered":"<p><strong>FUTUR INCERTAIN &#8211; L\u2019animateur craint que l\u2019\u00e9cosyst\u00e8me t\u00e9l\u00e9visuel ne puisse plus soutenir ce format d\u2019\u00e9mission<\/strong><\/p>\n<p>L\u2019annulation brutale du Late Show de Stephen Colbert <a href=\"https:\/\/www.20minutes.fr\/arts-stars\/people\/4165206-20250726-jon-stewart-denonce-antenne-vehemence-limogeage-stephen-colbert-cbs?at_medium=RSS%20feed&amp;at_campaign=ynews&amp;utm_source=yahoo&amp;utm_medium=rss&amp;utm_campaign=news_feed&amp;utm_content=in_article_link\" rel=\"nofollow noopener\" target=\"_blank\" data-ylk=\"slk:par CBS;elm:context_link;itc:0;sec:content-canvas\" class=\"link \">par CBS <\/a>a sem\u00e9 l\u2019inqui\u00e9tude chez ses confr\u00e8res. Seth Meyers n\u2019\u00e9chappe pas \u00e0 cette angoisse et a confi\u00e9 ses craintes \u00e0 Dax Shepard dans son podcast Armchair Expert.<\/p>\n<p>\u00ab Il y a cette chose bizarre o\u00f9 j\u2019ai l\u2019impression d\u2019\u00eatre pass\u00e9 de la peur de ne pas \u00eatre assez bon \u00e0 une peur qui \u00e9chappe \u00e9trangement \u00e0 mon contr\u00f4le, \u00e0 savoir qu\u2019\u00e0 un moment donn\u00e9, l\u2019\u00e9cosyst\u00e8me pourrait ne plus soutenir ce qu\u2019on fait \u00bb, a <a href=\"https:\/\/www.youtube.com\/watch?v=0T3jkrZ103E&amp;t=4078s&amp;at_medium=RSS%20feed&amp;at_campaign=ynews&amp;utm_source=yahoo&amp;utm_medium=rss&amp;utm_campaign=news_feed&amp;utm_content=in_article_link\" rel=\"nofollow noopener\" target=\"_blank\" data-ylk=\"slk:expliqu\u00e9;elm:context_link;itc:0;sec:content-canvas\" class=\"link \">expliqu\u00e9<\/a> l\u2019animateur du Late Night with Seth Meyers.<\/p>\n<p>Une philosophie de travail pragmatique<\/p>\n<p>Celui qui a fait ses armes dans le <a href=\"https:\/\/www.20minutes.fr\/arts-stars\/people\/4148590-20250414-aimee-lou-wood-denonce-mechancete-sketch-saturday-night-live?at_medium=RSS%20feed&amp;at_campaign=ynews&amp;utm_source=yahoo&amp;utm_medium=rss&amp;utm_campaign=news_feed&amp;utm_content=in_article_link\" rel=\"nofollow noopener\" target=\"_blank\" data-ylk=\"slk:Saturday Night Live;elm:context_link;itc:0;sec:content-canvas\" class=\"link \">Saturday Night Live<\/a> anime son talk-show depuis f\u00e9vrier 2014, avec pr\u00e8s de 1.700 \u00e9pisodes \u00e0 son actif, le tout produit par Broadway Video et Universal Television pour la cha\u00eene NBC. Or, malgr\u00e9 cette long\u00e9vit\u00e9, Seth Meyers reste lucide sur la pr\u00e9carit\u00e9 de sa situation <a href=\"https:\/\/www.20minutes.fr\/medias\/1320590-20140312-20140312-video-animateurs-talk-show-stars-tele-us?at_medium=RSS%20feed&amp;at_campaign=ynews&amp;utm_source=yahoo&amp;utm_medium=rss&amp;utm_campaign=news_feed&amp;utm_content=in_article_link\" rel=\"nofollow noopener\" target=\"_blank\" data-ylk=\"slk:dans l\u2019industrie;elm:context_link;itc:0;sec:content-canvas\" class=\"link \">dans l\u2019industrie<\/a> du divertissement.<\/p>\n<p>Face \u00e0 cette incertitude, l\u2019animateur a d\u00e9velopp\u00e9 une approche pragmatique. \u00ab S\u2019il y a une perc\u00e9e apr\u00e8s onze ans d\u2019\u00e9mission, c\u2019est juste de se pr\u00e9senter et de faire le travail \u00bb, a-t-il confi\u00e9. \u00ab C\u2019est la seule partie pour laquelle ils vous paient, c\u2019est la seule partie dans laquelle vous \u00eates bon. \u00bb Il reconna\u00eet aussi que \u00ab ce n\u2019est pas le meilleur moment pour faire ce que je fais, mais au moins j\u2019y suis arriv\u00e9. Le monde conna\u00eet Seth Meyers d\u2019une fa\u00e7on qui me satisfait \u00bb.<\/p>\n<p><a href=\"https:\/\/www.20minutes.fr\/arts-stars\/people\/4166184-20250803-annulation-late-show-stephen-colbert-seth-meyers-inquiete-avenir?at_medium=RSS%20feed&amp;at_campaign=ynews&amp;utm_source=yahoo&amp;utm_medium=rss&amp;utm_campaign=news_feed&amp;utm_content=read_more_link\" rel=\"nofollow noopener\" target=\"_blank\" data-ylk=\"slk:Lire la suite sur 20minutes;elm:context_link;itc:0;sec:content-canvas\" class=\"link \">Lire la suite sur 20minutes<\/a><\/p>\n<p>\u00c0 lire aussi :<br \/><a href=\"https:\/\/www.20minutes.fr\/arts-stars\/television\/4164441-20250719-donald-trump-ravi-arret-late-show-stephen-colbert?at_medium=RSS%20feed&amp;at_campaign=ynews&amp;utm_source=yahoo&amp;utm_medium=rss&amp;utm_campaign=news_feed&amp;utm_content=related_content_link\" rel=\"nofollow noopener\" target=\"_blank\" data-ylk=\"slk:Donald Trump \u00ab ravi \u00bb de l\u2019arr\u00eat du \u00ab Late Show \u00bb de Stephen Colbert;elm:context_link;itc:0;sec:content-canvas\" class=\"link \">Donald Trump \u00ab ravi \u00bb de l\u2019arr\u00eat du \u00ab Late Show \u00bb de Stephen Colbert<\/a><br \/><a href=\"https:\/\/www.20minutes.fr\/arts-stars\/television\/4164768-20250722-allez-faire-f-stephen-colbert-repond-donald-trump-apres-fin-programmee-late-show?at_medium=RSS%20feed&amp;at_campaign=ynews&amp;utm_source=yahoo&amp;utm_medium=rss&amp;utm_campaign=news_feed&amp;utm_content=related_content_link\" rel=\"nofollow noopener\" target=\"_blank\" data-ylk=\"slk:\u00ab Allez vous faire f* ! \u00bb\u2026 Stephen Colbert r\u00e9pond \u00e0 Donald Trump apr\u00e8s la fin programm\u00e9e de son \u00ab Late Show \u00bb;elm:context_link;itc:0;sec:content-canvas\" class=\"link \">\u00ab Allez vous faire f* ! \u00bb\u2026 Stephen Colbert r\u00e9pond \u00e0 Donald Trump apr\u00e8s la fin programm\u00e9e de son \u00ab Late Show \u00bb<\/a><\/p>\n","protected":false},"excerpt":{"rendered":"FUTUR INCERTAIN &#8211; L\u2019animateur craint que l\u2019\u00e9cosyst\u00e8me t\u00e9l\u00e9visuel ne puisse plus soutenir ce format d\u2019\u00e9mission L\u2019annulation brutale du&hellip;\n","protected":false},"author":2,"featured_media":293926,"comment_status":"","ping_status":"","sticky":false,"template":"","format":"standard","meta":{"footnotes":""},"categories":[1356],"tags":[43382,58,59,1011,27,43381,6035,39993,43380,39602,252,1364,43383],"class_list":{"0":"post-293925","1":"post","2":"type-post","3":"status-publish","4":"format-standard","5":"has-post-thumbnail","7":"category-television","8":"tag-dax-shepard","9":"tag-divertissement","10":"tag-entertainment","11":"tag-fr","12":"tag-france","13":"tag-lecosysteme","14":"tag-lanimateur","15":"tag-late-show","16":"tag-seth-meyers","17":"tag-stephen-colbert","18":"tag-television","19":"tag-tv","20":"tag-universal-television"},"share_on_mastodon":{"url":"https:\/\/pubeurope.com\/@fr\/114965800825517136","error":""},"_links":{"self":[{"href":"https:\/\/www.europesays.com\/fr\/wp-json\/wp\/v2\/posts\/293925","targetHints":{"allow":["GET"]}}],"collection":[{"href":"https:\/\/www.europesays.com\/fr\/wp-json\/wp\/v2\/posts"}],"about":[{"href":"https:\/\/www.europesays.com\/fr\/wp-json\/wp\/v2\/types\/post"}],"author":[{"embeddable":true,"href":"https:\/\/www.europesays.com\/fr\/wp-json\/wp\/v2\/users\/2"}],"replies":[{"embeddable":true,"href":"https:\/\/www.europesays.com\/fr\/wp-json\/wp\/v2\/comments?post=293925"}],"version-history":[{"count":0,"href":"https:\/\/www.europesays.com\/fr\/wp-json\/wp\/v2\/posts\/293925\/revisions"}],"wp:featuredmedia":[{"embeddable":true,"href":"https:\/\/www.europesays.com\/fr\/wp-json\/wp\/v2\/media\/293926"}],"wp:attachment":[{"href":"https:\/\/www.europesays.com\/fr\/wp-json\/wp\/v2\/media?parent=293925"}],"wp:term":[{"taxonomy":"category","embeddable":true,"href":"https:\/\/www.europesays.com\/fr\/wp-json\/wp\/v2\/categories?post=293925"},{"taxonomy":"post_tag","embeddable":true,"href":"https:\/\/www.europesays.com\/fr\/wp-json\/wp\/v2\/tags?post=293925"}],"curies":[{"name":"wp","href":"https:\/\/api.w.org\/{rel}","templated":true}]}}