{"id":293927,"date":"2025-08-03T16:34:11","date_gmt":"2025-08-03T16:34:11","guid":{"rendered":"https:\/\/www.europesays.com\/fr\/293927\/"},"modified":"2025-08-03T16:34:11","modified_gmt":"2025-08-03T16:34:11","slug":"la-popstar-dua-lipa-obtient-la-citoyennete-du-kosovo","status":"publish","type":"post","link":"https:\/\/www.europesays.com\/fr\/293927\/","title":{"rendered":"la popstar Dua Lipa obtient la citoyennet\u00e9 du Kosovo"},"content":{"rendered":"<p class=\"article-p mdl\">La chanteuse Dua Lipa, n\u00e9e \u00e0 Londres en 1995 de parents kosovars albanais, est devenue <strong>une<\/strong>\u00a0<strong>citoyenne du Kosovo<\/strong>, samedi 2 ao\u00fbt.\u00a0<\/p>\n<p class=\"article-p mdl\">\u00ab\u00a0Je suis tellement reconnaissante d\u2019avoir obtenu la citoyennet\u00e9 kosovare de la part de notre pr\u00e9sidente\u00a0\u00bb, a \u00e9crit sur Instagram celle qui a v\u00e9cu \u00e0 Pristina <strong>entre l&rsquo;\u00e2ge de 11 et 15 ans<\/strong>, rapporte\u00a0<a class=\"link\" href=\"https:\/\/www.bbc.com\/news\/articles\/cwypepyzqego\" target=\"_blank\" rel=\"noopener\">la BBC<\/a>.<\/p>\n<p class=\"article-p mdl\"><strong>\u00ab\u00a0Bienvenue chez toi, Dua\u00a0\u00bb<\/strong>, a d\u00e9clar\u00e9 la cheffe d&rsquo;\u00c9tat Vjosa Osmani, honor\u00e9e de pouvoir accorder la citoyennet\u00e9 \u00e0 \u00ab\u00a0l\u2019une des personnalit\u00e9s culturelles et artistiques les plus importantes de l\u2019histoire\u00a0\u00bb du\u00a0<a class=\"link\" href=\"https:\/\/www.rtl.fr\/actu\/international\/canal-attaque-au-kosovo-pristina-accuse-belgrade-qui-denonce-des-accusations-sans-fondement-7900446028\" title=\"Canal attaqu\u00e9 au Kosovo : Pristina accuse Belgrade, qui d\u00e9nonce des accusations &quot;sans fondement&quot;\" target=\"_blank\" rel=\"noopener\">Kosovo<\/a>.<\/p>\n<p class=\"article-p mdl\">\u00ab\u00a0Dua et le Kosovo ont toujours \u00e9t\u00e9 ins\u00e9parables. (&#8230;) Notre gratitude est infinie pour tout ce que Dua a fait et continue \u00e0 faire pour le Kosovo, pour notre jeunesse, pour notre art <strong>et pour l\u2019image internationale de notre pays<\/strong>\u00ab\u00a0, a ajout\u00e9 la pr\u00e9sidente.<\/p>\n<p class=\"article-p mdl\"><a class=\"link\" href=\"https:\/\/www.rtl.fr\/culture\/musique\/video-dua-lipa-reprend-moi-lolita-d-alizee-lors-de-son-show-a-paris-la-defense-arena-7900508746\" title=\"VID\u00c9O - Dua Lipa reprend &quot;Moi Lolita&quot; d&#039;Aliz\u00e9e lors de son show \u00e0 Paris La D\u00e9fense Arena\" target=\"_blank\" rel=\"noopener\">La chanteuse<\/a>, qui dispose \u00e9galement de la nationalit\u00e9 albanaise depuis 2022, a cofond\u00e9 <strong>un festival de musique de la capitale kosovare<\/strong>, le Sunny Hill Festival, qui se tenait ce week-end et lors duquel elle a interpr\u00e9t\u00e9 ses plus grands titres.\u00a0<\/p>\n<p>    La r\u00e9daction vous recommande<\/p>\n<p class=\"s-newsletter__title\">\n                L\u2019actualit\u00e9 par la r\u00e9daction de RTL dans votre bo\u00eete mail.\n            <\/p>\n<p class=\"s-newsletter__subtitle\">\n                Gr\u00e2ce \u00e0 votre compte RTL abonnez-vous \u00e0 la newsletter RTL info pour suivre toute l&rsquo;actualit\u00e9 au quotidien\n            <\/p>\n<p>\n                                    Lire la suite\n                                <\/p>\n","protected":false},"excerpt":{"rendered":"La chanteuse Dua Lipa, n\u00e9e \u00e0 Londres en 1995 de parents kosovars albanais, est devenue une\u00a0citoyenne du Kosovo,&hellip;\n","protected":false},"author":2,"featured_media":293928,"comment_status":"","ping_status":"","sticky":false,"template":"","format":"standard","meta":{"footnotes":""},"categories":[1355],"tags":[3734,2704,28489,58,59,107,1011,27,43384,1361,873],"class_list":{"0":"post-293927","1":"post","2":"type-post","3":"status-publish","4":"format-standard","5":"has-post-thumbnail","7":"category-musique","8":"tag-art","9":"tag-chanteuse","10":"tag-citoyens","11":"tag-divertissement","12":"tag-entertainment","13":"tag-fil-info","14":"tag-fr","15":"tag-france","16":"tag-identite-nationale","17":"tag-music","18":"tag-musique"},"share_on_mastodon":{"url":"https:\/\/pubeurope.com\/@fr\/114965804822620515","error":""},"_links":{"self":[{"href":"https:\/\/www.europesays.com\/fr\/wp-json\/wp\/v2\/posts\/293927","targetHints":{"allow":["GET"]}}],"collection":[{"href":"https:\/\/www.europesays.com\/fr\/wp-json\/wp\/v2\/posts"}],"about":[{"href":"https:\/\/www.europesays.com\/fr\/wp-json\/wp\/v2\/types\/post"}],"author":[{"embeddable":true,"href":"https:\/\/www.europesays.com\/fr\/wp-json\/wp\/v2\/users\/2"}],"replies":[{"embeddable":true,"href":"https:\/\/www.europesays.com\/fr\/wp-json\/wp\/v2\/comments?post=293927"}],"version-history":[{"count":0,"href":"https:\/\/www.europesays.com\/fr\/wp-json\/wp\/v2\/posts\/293927\/revisions"}],"wp:featuredmedia":[{"embeddable":true,"href":"https:\/\/www.europesays.com\/fr\/wp-json\/wp\/v2\/media\/293928"}],"wp:attachment":[{"href":"https:\/\/www.europesays.com\/fr\/wp-json\/wp\/v2\/media?parent=293927"}],"wp:term":[{"taxonomy":"category","embeddable":true,"href":"https:\/\/www.europesays.com\/fr\/wp-json\/wp\/v2\/categories?post=293927"},{"taxonomy":"post_tag","embeddable":true,"href":"https:\/\/www.europesays.com\/fr\/wp-json\/wp\/v2\/tags?post=293927"}],"curies":[{"name":"wp","href":"https:\/\/api.w.org\/{rel}","templated":true}]}}