{"id":293942,"date":"2025-08-03T16:42:10","date_gmt":"2025-08-03T16:42:10","guid":{"rendered":"https:\/\/www.europesays.com\/fr\/293942\/"},"modified":"2025-08-03T16:42:10","modified_gmt":"2025-08-03T16:42:10","slug":"letudiante-gazaouie-accusee-de-propos-antisemites-a-quitte-la-france-pour-le-qatar","status":"publish","type":"post","link":"https:\/\/www.europesays.com\/fr\/293942\/","title":{"rendered":"l\u2019\u00e9tudiante gazaouie accus\u00e9e de propos antis\u00e9mites a quitt\u00e9 la France pour le Qatar"},"content":{"rendered":"<p>Des messages glorifiant Hitler et appelant \u00e0 l\u2019ex\u00e9cution des otages isra\u00e9liens avaient \u00e9t\u00e9 trouv\u00e9s sur les r\u00e9seaux sociaux de cette \u00e9tudiante, \u00e0 qui Sciences Po Lille avait attribu\u00e9 une bourse.<\/p>\n<p class=\"fig-paragraph\">Ce devrait \u00eatre le dernier rebondissement de cette affaire qui avait secou\u00e9 Sciences Po Lille. Dimanche 3 ao\u00fbt,\u00a0<a href=\"http:\/\/www.lefigaro.fr\/vox\/monde\/mathieu-bock-cote-avec-l-affaire-nour-atallah-decouvre-t-on-vraiment-que-les-attentats-du-7-octobre-furent-celebres-a-gaza-et-ailleurs-20250801\" data-fig-type=\"Article\" data-gtm-custom-categorie=\"navigation\" data-gtm-custom-action=\"crossclick\" data-gtm-custom-label=\"Contextuel\" data-gtm-event=\"customEventSPE\" data-fig-domain=\"LEFIGARO\" rel=\"nofollow noopener\" target=\"_blank\">Nour Atallah<\/a>, \u00e9tudiante gazaouie qui devait \u00eatre accueillie par l\u2019institut d\u2019\u00e9tude politique dans le cadre d\u2019une bourse avant que ne soient r\u00e9v\u00e9l\u00e9es d\u2019anciennes publications antis\u00e9mites sur ses r\u00e9seaux sociaux, a quitt\u00e9 la France dimanche pour le Qatar, a annonc\u00e9 le minist\u00e8re des Affaires \u00e9trang\u00e8res.<\/p>\n<p class=\"fig-paragraph\">\u00abLe ministre de l\u2019Europe et des Affaires \u00e9trang\u00e8res, Jean-No\u00ebl Barrot, a soulign\u00e9 le caract\u00e8re inacceptable des propos relay\u00e9s avant son entr\u00e9e sur le territoire fran\u00e7ais par Mme Nour Atallah, \u00e9tudiante gazaouie. Mme Atallah ne pouvait demeurer sur le territoire national. Elle a quitt\u00e9 la France aujourd\u2019hui pour rejoindre le Qatar et y poursuivre ses \u00e9tudes\u00bb, \u00e9crit le Quai d\u2019Orsay dans un communiqu\u00e9. Le minist\u00e8re \u00abremercie les autorit\u00e9s qatariennes pour leur coop\u00e9ration d\u00e9terminante\u00bb. \u00abNour Atallah a quitt\u00e9 le territoire national. Elle n\u2019y avait pas sa place. Je l\u2019avais dit, nous l\u2019avons fait\u00bb, a affirm\u00e9 Jean-No\u00ebl Barrot dans un message sur le r\u00e9seau social X.<\/p>\n<p>                                    <a class=\"fig-a11y-skip a11y-hidden\" href=\"#fig-a11y-skip-main-inarticle\"><br \/>\n        Passer la publicit\u00e9<br \/>\n    <\/a><\/p>\n<p>Apologie du terrorisme et de crime contre l\u2019humanit\u00e9<\/p>\n<p class=\"fig-paragraph\">La jeune femme, b\u00e9n\u00e9ficiaire d\u2019un visa \u00e9tudiant et d\u2019une bourse du gouvernement dans le cadre d\u2019un programme destin\u00e9 aux \u00e9tudiants gazaouis, devait int\u00e9grer Sciences Po Lille \u00e0 la rentr\u00e9e. Elle \u00e9tait arriv\u00e9e en France le 11 juillet. Mais l\u2019\u00e9tudiante avait vu son inscription annul\u00e9e apr\u00e8s la d\u00e9couverte des messages antis\u00e9mites, appelant notamment \u00e0 tuer les juifs. Jugeant ses propos \u00abinacceptables\u00bb\u00a0et \u00abinqui\u00e9tants\u00bb, le ministre de l\u2019Int\u00e9rieur Bruno Retailleau avait donn\u00e9 instruction au pr\u00e9fet de saisir la justice. \u00abLes propagandistes du Hamas n\u2019ont rien \u00e0 faire dans notre pays\u00bb, avait-il pr\u00e9cis\u00e9.<\/p>\n<p class=\"fig-paragraph\">Jeudi 31 juillet, le parquet de Lille avait annonc\u00e9 l\u2019ouverture d\u2019une enqu\u00eate pour \u00abapologie du terrorisme, apologie de crime contre l\u2019humanit\u00e9 avec utilisation d\u2019un service de communication au public en ligne\u00bb. La diplomatie fran\u00e7aise avait quant \u00e0 elle pr\u00e9cis\u00e9 que Nour Atallah avait \u00abvocation \u00e0 quitter le territoire national\u00bb.<\/p>\n<p class=\"fig-paragraph\">La vive pol\u00e9mique suscit\u00e9e par cette affaire a amen\u00e9 Jean-No\u00ebl Barrot \u00e0 annoncer vendredi que la France gelait tous ses programmes d\u2019\u00e9vacuation depuis Gaza dans l\u2019attente des conclusions d\u2019une enqu\u00eate sur les failles qui ont emp\u00each\u00e9 la d\u00e9tection de ces publications. Interrog\u00e9 par l\u2019AFP, le Quai d\u2019Orsay n\u2019a pas pr\u00e9cis\u00e9 combien de personnes \u00e9taient concern\u00e9es par cette d\u00e9cision, invoquant des raisons de confidentialit\u00e9. Par ailleurs, \u00abtous les profils qui sont entr\u00e9s en France vont faire l\u2019objet d\u2019une nouvelle v\u00e9rification\u00bb, a-t-il ajout\u00e9, alors que la France a accueilli des centaines de Gazaouis depuis le d\u00e9clenchement de la guerre entre Isra\u00ebl et le Hamas.<\/p>\n","protected":false},"excerpt":{"rendered":"Des messages glorifiant Hitler et appelant \u00e0 l\u2019ex\u00e9cution des otages isra\u00e9liens avaient \u00e9t\u00e9 trouv\u00e9s sur les r\u00e9seaux sociaux&hellip;\n","protected":false},"author":2,"featured_media":293943,"comment_status":"","ping_status":"","sticky":false,"template":"","format":"standard","meta":{"footnotes":""},"categories":[4],"tags":[11,1011,27,665,12,25],"class_list":{"0":"post-293942","1":"post","2":"type-post","3":"status-publish","4":"format-standard","5":"has-post-thumbnail","7":"category-france","8":"tag-actualites","9":"tag-fr","10":"tag-france","11":"tag-gaza","12":"tag-news","13":"tag-republique-francaise"},"share_on_mastodon":{"url":"https:\/\/pubeurope.com\/@fr\/114965836241545327","error":""},"_links":{"self":[{"href":"https:\/\/www.europesays.com\/fr\/wp-json\/wp\/v2\/posts\/293942","targetHints":{"allow":["GET"]}}],"collection":[{"href":"https:\/\/www.europesays.com\/fr\/wp-json\/wp\/v2\/posts"}],"about":[{"href":"https:\/\/www.europesays.com\/fr\/wp-json\/wp\/v2\/types\/post"}],"author":[{"embeddable":true,"href":"https:\/\/www.europesays.com\/fr\/wp-json\/wp\/v2\/users\/2"}],"replies":[{"embeddable":true,"href":"https:\/\/www.europesays.com\/fr\/wp-json\/wp\/v2\/comments?post=293942"}],"version-history":[{"count":0,"href":"https:\/\/www.europesays.com\/fr\/wp-json\/wp\/v2\/posts\/293942\/revisions"}],"wp:featuredmedia":[{"embeddable":true,"href":"https:\/\/www.europesays.com\/fr\/wp-json\/wp\/v2\/media\/293943"}],"wp:attachment":[{"href":"https:\/\/www.europesays.com\/fr\/wp-json\/wp\/v2\/media?parent=293942"}],"wp:term":[{"taxonomy":"category","embeddable":true,"href":"https:\/\/www.europesays.com\/fr\/wp-json\/wp\/v2\/categories?post=293942"},{"taxonomy":"post_tag","embeddable":true,"href":"https:\/\/www.europesays.com\/fr\/wp-json\/wp\/v2\/tags?post=293942"}],"curies":[{"name":"wp","href":"https:\/\/api.w.org\/{rel}","templated":true}]}}