{"id":293950,"date":"2025-08-03T16:47:26","date_gmt":"2025-08-03T16:47:26","guid":{"rendered":"https:\/\/www.europesays.com\/fr\/293950\/"},"modified":"2025-08-03T16:47:26","modified_gmt":"2025-08-03T16:47:26","slug":"meurthe-et-moselle-a-la-decouverte-de-la-cite-des-paysages-sur-la-colline-de-sion","status":"publish","type":"post","link":"https:\/\/www.europesays.com\/fr\/293950\/","title":{"rendered":"Meurthe-et-Moselle. \u00c0 la d\u00e9couverte de la Cit\u00e9 des paysages, sur la colline de Sion"},"content":{"rendered":"<p>La <a href=\"https:\/\/www.estrepublicain.fr\/p\/colline-de-sion\" target=\"_blank\" rel=\"noopener\">colline de Sion<\/a> a \u00e9t\u00e9 rendue c\u00e9l\u00e8bre par l\u2019acad\u00e9micien Maurice Barr\u00e8s dans son ouvrage La colline inspir\u00e9e. Ce chef-d\u2019\u0153uvre avait re\u00e7u, \u00e0 l\u2019\u00e9poque, le Grand prix des meilleurs romans du demi-si\u00e8cle. C\u2019est dans ces <a href=\"https:\/\/www.estrepublicain.fr\/p\/colline-de-sion\" target=\"_blank\" rel=\"noopener\">lieux charg\u00e9s d\u2019histoire<\/a> \u00a0que la Cit\u00e9 des paysages prend place. Aujourd\u2019hui nous embarquons dans les expositions d\u2019un lieu habit\u00e9 depuis 7\u00a0000 ans.<\/p>\n<p>  Parcours mus\u00e9al<\/p>\n<p>La visite commence par un retour aux sources. \u00ab\u00a0Les visiteurs appr\u00e9cient particuli\u00e8rement cette premi\u00e8re pi\u00e8ce d\u00e9di\u00e9e \u00e0 l\u2019occupation humaine de Sion\u00a0\u00bb, explique \u00c9lodie Jacquel, en charge de la communication. Un film de quelques minutes passe en revue les si\u00e8cles d\u2019histoire du site, de sa formation g\u00e9ologique \u00e0 l\u2019arriv\u00e9e des premiers habitants et comment ils ont fa\u00e7onn\u00e9 les paysages.<\/p>\n<p><a href=\"https:\/\/www.estrepublicain.fr\/culture-loisirs\/2025\/05\/05\/la-cite-des-paysages-devoile-un-musee-repense-entre-nature-et-nouvelles-technologies\" target=\"_blank\" rel=\"noopener\">Maquettes, projections, jeux interactifs,\u2026<\/a> \u00a0le mus\u00e9e a \u00e9t\u00e9 con\u00e7u pour apprendre de fa\u00e7on ludique. Il est m\u00eame possible de participer \u00e0 une exp\u00e9rience sur l\u2019impact de l\u2019Homme dans la nature. Vous devez faire des choix en fonction des n\u00e9cessit\u00e9s humaines et des impr\u00e9vus climatiques sur un territoire donn\u00e9. Est-il souhaitable d\u2019installer une voie rapide traversant une for\u00eat en raison de la forte demande de mobilit\u00e9\u00a0? \u00c0 vous de choisir\u2026<\/p>\n<p>Ce contenu est bloqu\u00e9 car vous n&rsquo;avez pas accept\u00e9 les cookies et autres traceurs.<\/p>\n<p>En cliquant sur \u00ab J\u2019accepte \u00bb, les cookies et autres traceurs seront d\u00e9pos\u00e9s et vous pourrez visualiser les contenus  (<a href=\"\" class=\"consentModule_policy\" target=\"_blank\" title=\"Consulter la politique de protection des donn\u00e9es du fournisseur\">plus d&rsquo;informations<\/a>).<\/p>\n<p>En cliquant sur \u00ab J\u2019accepte tous les cookies \u00bb, vous autorisez des d\u00e9p\u00f4ts de cookies et autres traceurs pour le stockage de vos donn\u00e9es sur nos sites et applications \u00e0 des fins de personnalisation et de ciblage publicitaire.<\/p>\n<p class=\"consentModule_secondaryText\">Vous gardez la possibilit\u00e9 de retirer votre consentement \u00e0 tout moment en consultant notre <a href=\"https:\/\/www.estrepublicain.fr\/protection-des-donnees\" target=\"_blank\" title=\"Consulter notre politique de protection des donn\u00e9es\" rel=\"noopener\">politique de protection des donn\u00e9es<\/a>. <br \/>&#13;<br \/>\n            <a href=\"https:\/\/www.estrepublicain.fr\/culture-loisirs\/2025\/08\/02\/javascript:Didomi.notice.show()\" class=\"consentModule_cmp\" target=\"_blank\" rel=\"noopener\">G\u00e9rer mes choix<\/a>&#13;\n        <\/p>\n<p>&#13;<br \/>\n                        J&rsquo;accepte&#13;<br \/>\n            J&rsquo;accepte tous les cookies&#13;\n        <\/p>\n<p>  \u00c9v\u00e8nements et animations<\/p>\n<p>La Cit\u00e9 des paysages propose \u00e9galement des expositions temporaires. Jusqu\u2019au 23\u00a0septembre, le premier \u00e9tage accueil Nos empreintes , exposition qui parcourt l\u2019histoire de Sion \u00e0 travers l\u2019arch\u00e9ologie. Une quarantaine d\u2019objets, dont la majorit\u00e9 est issue des fouilles r\u00e9alis\u00e9es sur la colline, raconte la vie rurale d\u2019autrefois et les \u00e9changes commerciaux qui s\u2019y sont d\u00e9roul\u00e9s. Le tout enrichi par une vingtaine de points d\u2019int\u00e9r\u00eats situ\u00e9s \u00e0 l\u2019ext\u00e9rieur, autour de l\u2019ancien couvent.<\/p>\n<p>Et ce n\u2019est pas fini. Le centre culturel organise, durant toute la saison, des conf\u00e9rences et activit\u00e9s de sensibilisation \u00e0 la nature. En septembre, les f\u00eates de l\u2019automne investiront les lieux avec un march\u00e9 du terroir, <a href=\"https:\/\/www.estrepublicain.fr\/culture-loisirs\/2024\/09\/22\/la-fete-de-la-pomme-rassemble-autour-des-vergers-du-saintois\" target=\"_blank\" rel=\"noopener\">des th\u00e9matiques autour de la pomme<\/a> ou encore une balade \u00e0 la recherche de pigments naturels afin d\u2019esquisser le paysage parcouru dans la journ\u00e9e.<\/p>\n<p>Ici, il y en a donc pour tous les go\u00fbts\u00a0: \u00e9picurien avec les ateliers culinaires, sportif avec le trail de la colline, contemplateurs d\u2019\u00e9toiles avec la rencontre des clubs d\u2019astronomie ou encore les adeptes du potager avec le jardin-verger de la cit\u00e9. Difficile de ne pas trouver son bonheur.<\/p>\n","protected":false},"excerpt":{"rendered":"La colline de Sion a \u00e9t\u00e9 rendue c\u00e9l\u00e8bre par l\u2019acad\u00e9micien Maurice Barr\u00e8s dans son ouvrage La colline inspir\u00e9e.&hellip;\n","protected":false},"author":2,"featured_media":293951,"comment_status":"","ping_status":"","sticky":false,"template":"","format":"standard","meta":{"footnotes":""},"categories":[9635],"tags":[1111,11,7782,18599,1687,1704,1777,674,2271,3326,1011,27,775,31022,1702,12,25,36716],"class_list":{"0":"post-293950","1":"post","2":"type-post","3":"status-publish","4":"format-standard","5":"has-post-thumbnail","7":"category-nancy","8":"tag-actu","9":"tag-actualites","10":"tag-balades-et-randonnees","11":"tag-cc-du-pays-du-saintois-54b","12":"tag-culture-loisirs","13":"tag-edition-nancy-et-agglomeration","14":"tag-eu","15":"tag-europe","16":"tag-exposition-arts-plastiques","17":"tag-fete-locale","18":"tag-fr","19":"tag-france","20":"tag-grand-est","21":"tag-le-guide-de-lete-lorraine","22":"tag-nancy","23":"tag-news","24":"tag-republique-francaise","25":"tag-saxon-sion"},"share_on_mastodon":{"url":"https:\/\/pubeurope.com\/@fr\/114965855889318912","error":""},"_links":{"self":[{"href":"https:\/\/www.europesays.com\/fr\/wp-json\/wp\/v2\/posts\/293950","targetHints":{"allow":["GET"]}}],"collection":[{"href":"https:\/\/www.europesays.com\/fr\/wp-json\/wp\/v2\/posts"}],"about":[{"href":"https:\/\/www.europesays.com\/fr\/wp-json\/wp\/v2\/types\/post"}],"author":[{"embeddable":true,"href":"https:\/\/www.europesays.com\/fr\/wp-json\/wp\/v2\/users\/2"}],"replies":[{"embeddable":true,"href":"https:\/\/www.europesays.com\/fr\/wp-json\/wp\/v2\/comments?post=293950"}],"version-history":[{"count":0,"href":"https:\/\/www.europesays.com\/fr\/wp-json\/wp\/v2\/posts\/293950\/revisions"}],"wp:featuredmedia":[{"embeddable":true,"href":"https:\/\/www.europesays.com\/fr\/wp-json\/wp\/v2\/media\/293951"}],"wp:attachment":[{"href":"https:\/\/www.europesays.com\/fr\/wp-json\/wp\/v2\/media?parent=293950"}],"wp:term":[{"taxonomy":"category","embeddable":true,"href":"https:\/\/www.europesays.com\/fr\/wp-json\/wp\/v2\/categories?post=293950"},{"taxonomy":"post_tag","embeddable":true,"href":"https:\/\/www.europesays.com\/fr\/wp-json\/wp\/v2\/tags?post=293950"}],"curies":[{"name":"wp","href":"https:\/\/api.w.org\/{rel}","templated":true}]}}