{"id":293952,"date":"2025-08-03T16:48:10","date_gmt":"2025-08-03T16:48:10","guid":{"rendered":"https:\/\/www.europesays.com\/fr\/293952\/"},"modified":"2025-08-03T16:48:10","modified_gmt":"2025-08-03T16:48:10","slug":"enfant-disparu-en-mer-dans-le-nord-les-recherches-ne-reprendront-pas-une-enquete-ouverte","status":"publish","type":"post","link":"https:\/\/www.europesays.com\/fr\/293952\/","title":{"rendered":"Enfant disparu en mer dans le Nord\u00a0: les recherches ne reprendront pas, une enqu\u00eate ouverte"},"content":{"rendered":"<p>Elles ne reprendront pas. Les recherches pour retrouver <a href=\"https:\/\/dunkerque.maville.com\/actu\/actudet_-un-enfant-disparu-en-mer-dans-le-nord-les-recherches-interrompues-en-debut-de-soiree-_12679-6922640_actu.Htm\" target=\"_blank\" rel=\"noopener\">un enfant d\u2019une dizaine d\u2019ann\u00e9es disparu en mer \u00e0 Gravelines<\/a> (Nord) depuis samedi 2\u00a0ao\u00fbt 2025 ont \u00e9t\u00e9 d\u00e9finitivement arr\u00eat\u00e9es, a indiqu\u00e9 la pr\u00e9fecture maritime de la Manche et de la mer du Nord (Pr\u00e9mar) ce dimanche 3\u00a0ao\u00fbt au matin.<\/p>\n<p><strong>\u00ab\u00a0Malgr\u00e9 l\u2019engagement intensif des moyens a\u00e9riens, nautiques et terrestres, l\u2019enfant disparu en mer reste introuvable. Les moyens engag\u00e9s ont permis de couvrir l\u2019int\u00e9gralit\u00e9 des zones de recherches\u00a0\u00bb<\/strong>, pr\u00e9cise la pr\u00e9fecture dans un communiqu\u00e9. Une enqu\u00eate pour \u00ab\u00a0disparition inqui\u00e9tante\u00a0\u00bb a \u00e9t\u00e9 confi\u00e9e \u00e0 la police de Dunkerque, ajoute-t-elle.<\/p>\n<p><strong>Lire aussi\u00a0:<\/strong> <a href=\"https:\/\/rennes.maville.com\/actu\/actudet_-pres-de-200-morts-par-noyades-depuis-le-1er-juin-un-total-en-forte-hausse-par-rapport-a-2024-_54135-6921225_actu.Htm\" target=\"_blank\" rel=\"noopener\">Pr\u00e8s de 200\u00a0morts par noyades depuis le 1er\u00a0juin, un total en forte hausse par rapport \u00e0 2024<\/a><\/p>\n<p>Deux enfants secourus<\/p>\n<p>Samedi, <strong>\u00ab\u00a0une op\u00e9ration a \u00e9t\u00e9 d\u00e9clench\u00e9e vers 16\u00a0h suite au signalement de trois enfants en difficult\u00e9 sur la plage de Gravelines\u00a0\u00bb<\/strong>, avait indiqu\u00e9 la Pr\u00e9mar. Selon le parquet de Dunkerque, ils \u00e9taient \u00e2g\u00e9s de 11, 12 et 13\u00a0ans et \u00e9taient partis p\u00eacher \u00e0 proximit\u00e9 de la jet\u00e9e des huttes de Gravelines, un lieu tr\u00e8s pris\u00e9 des amateurs de p\u00eache mais assez difficile d\u2019acc\u00e8s, indique  <a href=\"https:\/\/france3-regions.franceinfo.fr\/hauts-de-france\/nord-0\/dunkerque\/enfant-disparu-en-mer-a-gravelines-ce-qu-il-s-est-passe-3196977.html\" target=\"_blank\" rel=\"noopener\">France 3\u00a0Hauts-de-France<\/a> .<\/p>\n<p>Les deux plus jeunes ont r\u00e9ussi \u00e0 regagner la terre ferme et ont \u00e9t\u00e9 hospitalis\u00e9s pour des blessures l\u00e9g\u00e8res. Les recherches pour retrouver le troisi\u00e8me enfant avaient \u00e9t\u00e9 suspendues samedi vers 19\u00a0h\u00a045.\u00a0Elles ont notamment mobilis\u00e9 un h\u00e9licopt\u00e8re de la Marine nationale et des moyens nautiques du Service d\u00e9partemental d\u2019incendie et de secours (SDIS) du Nord et de la <a href=\"https:\/\/brest.maville.com\/actu\/actudet_-reportage.-marins-en-peril-bateaux-en-danger...-les-anges-gardiens-de-la-mer-s-exercent-toute-l-annee-_6-6776914_actu.Htm\" target=\"_blank\" rel=\"noopener\">Soci\u00e9t\u00e9 nationale de sauvetage en mer<\/a> (SNSM).<\/p>\n<p>\u00a0<\/p>\n","protected":false},"excerpt":{"rendered":"Elles ne reprendront pas. Les recherches pour retrouver un enfant d\u2019une dizaine d\u2019ann\u00e9es disparu en mer \u00e0 Gravelines&hellip;\n","protected":false},"author":2,"featured_media":293953,"comment_status":"","ping_status":"","sticky":false,"template":"","format":"standard","meta":{"footnotes":""},"categories":[9619],"tags":[1111,11,5796,847,1067,1777,674,1011,27,6127,12,1308,12884,882,10468,43385,25,2310],"class_list":{"0":"post-293952","1":"post","2":"type-post","3":"status-publish","4":"format-standard","5":"has-post-thumbnail","7":"category-toulon","8":"tag-actu","9":"tag-actualites","10":"tag-disparu","11":"tag-enfant","12":"tag-enquete","13":"tag-eu","14":"tag-europe","15":"tag-fr","16":"tag-france","17":"tag-mer","18":"tag-news","19":"tag-nord","20":"tag-ouverte","21":"tag-provence-alpes-cote-dazur","22":"tag-recherches","23":"tag-reprendront","24":"tag-republique-francaise","25":"tag-toulon"},"share_on_mastodon":{"url":"https:\/\/pubeurope.com\/@fr\/114965859800466995","error":""},"_links":{"self":[{"href":"https:\/\/www.europesays.com\/fr\/wp-json\/wp\/v2\/posts\/293952","targetHints":{"allow":["GET"]}}],"collection":[{"href":"https:\/\/www.europesays.com\/fr\/wp-json\/wp\/v2\/posts"}],"about":[{"href":"https:\/\/www.europesays.com\/fr\/wp-json\/wp\/v2\/types\/post"}],"author":[{"embeddable":true,"href":"https:\/\/www.europesays.com\/fr\/wp-json\/wp\/v2\/users\/2"}],"replies":[{"embeddable":true,"href":"https:\/\/www.europesays.com\/fr\/wp-json\/wp\/v2\/comments?post=293952"}],"version-history":[{"count":0,"href":"https:\/\/www.europesays.com\/fr\/wp-json\/wp\/v2\/posts\/293952\/revisions"}],"wp:featuredmedia":[{"embeddable":true,"href":"https:\/\/www.europesays.com\/fr\/wp-json\/wp\/v2\/media\/293953"}],"wp:attachment":[{"href":"https:\/\/www.europesays.com\/fr\/wp-json\/wp\/v2\/media?parent=293952"}],"wp:term":[{"taxonomy":"category","embeddable":true,"href":"https:\/\/www.europesays.com\/fr\/wp-json\/wp\/v2\/categories?post=293952"},{"taxonomy":"post_tag","embeddable":true,"href":"https:\/\/www.europesays.com\/fr\/wp-json\/wp\/v2\/tags?post=293952"}],"curies":[{"name":"wp","href":"https:\/\/api.w.org\/{rel}","templated":true}]}}