{"id":293954,"date":"2025-08-03T16:49:42","date_gmt":"2025-08-03T16:49:42","guid":{"rendered":"https:\/\/www.europesays.com\/fr\/293954\/"},"modified":"2025-08-03T16:49:42","modified_gmt":"2025-08-03T16:49:42","slug":"design-parade-2025-les-jeunes-talents-recompenses-a-hyeres-et-toulon","status":"publish","type":"post","link":"https:\/\/www.europesays.com\/fr\/293954\/","title":{"rendered":"Design Parade 2025 : les jeunes talents r\u00e9compens\u00e9s \u00e0 Hy\u00e8res et Toulon"},"content":{"rendered":"<p>                    Le Grand Prix Design Parade Toulon<\/p>\n<p><strong>Le Grand Prix Design Parade Toulon Van Cleef &amp; Arpels a \u00e9t\u00e9 d\u00e9cern\u00e9 \u00e0 Thomas Takada.\u00a0<\/strong><\/p>\n<p>Ce prix, dot\u00e9 de 5 000 euros offerts par Van Cleef &amp; Arpels, inclut \u00e9galement un projet de collaboration avec Delisle pour la cr\u00e9ation d\u2019une pi\u00e8ce d\u2019exception d\u2019une valeur de 10 000 euros. Le laur\u00e9at b\u00e9n\u00e9ficiera \u00e9galement de la cr\u00e9ation d\u2019un sol d\u00e9coratif pour Codimat Collection, d\u2019un accompagnement en conseil en image et relations presse par l\u2019agence Perrier Communication, et d\u2019une r\u00e9sidence de recherche \u00e0 l\u2019Atelier M\u00e9riguet-Carr\u00e8re. Une pi\u00e8ce d\u2019une valeur de 10 000 euros sera r\u00e9alis\u00e9e avec l\u2019Atelier Fran\u00e7ois Pouenat, et une r\u00e9sidence de recherche et d\u00e9veloppement sera effectu\u00e9e \u00e0 l\u2019atelier Relax Factory. Enfin, le laur\u00e9at participera au concours en tant que membre du jury et b\u00e9n\u00e9ficiera d\u2019une exposition personnelle \u00e0 Toulon \u00e0 l\u2019\u00e9t\u00e9 2026.<\/p>\n<p>Le Prix Visual Merchandising<\/p>\n<p><strong>Le Prix Visual Merchandising d\u00e9cern\u00e9 par CHANEL a \u00e9t\u00e9 attribu\u00e9 \u00e0 Thomas Takada. <\/strong>Ce prix, dot\u00e9 de 20 000 euros, r\u00e9compense un projet de vitrine li\u00e9 au th\u00e8me de la M\u00e9diterran\u00e9e. Les maquettes des finalistes seront expos\u00e9es dans l\u2019Ancien \u00c9v\u00each\u00e9 de Toulon jusqu\u2019\u00e0 l\u2019automne 2025.<\/p>\n<p>Le Prix Manufactures Nationales \u2013 Mobilier National<\/p>\n<p><strong>Le Prix Manufactures Nationales \u2013 Mobilier National a \u00e9t\u00e9 d\u00e9cern\u00e9 \u00e0 Malo Gagliardini. <\/strong>Ce prix offre l\u2019opportunit\u00e9 de d\u00e9velopper un projet cr\u00e9atif avec l\u2019ARC (Atelier de Recherche et de Cr\u00e9ation) de l\u2019institution. Le prototype sera pr\u00e9sent\u00e9 l\u2019ann\u00e9e suivante au sein d\u2019une exposition sc\u00e9nographi\u00e9e par le finaliste.<\/p>\n<p>Le Prix Villa Swagatam x \u00c6quo<\/p>\n<p><strong>Le Prix Villa Swagatam x \u00c6quo a \u00e9t\u00e9 d\u00e9cern\u00e9 \u00e0 Marie Gastini. <\/strong>Ce prix permet au laur\u00e9at de d\u00e9couvrir les savoir-faire artisanaux en Inde lors d\u2019une r\u00e9sidence de production. Le r\u00e9sultat de cette rencontre sera d\u00e9voil\u00e9 \u00e0 la prochaine \u00e9dition de la India Art Fair \u00e0 Delhi en f\u00e9vrier 2026.<\/p>\n<p>Le Prix du Public de la Ville de Toulon<\/p>\n<p><strong>Le Prix du Public de la Ville de Toulon a \u00e9t\u00e9 d\u00e9cern\u00e9 \u00e0 Magali Lamoureux &amp; Joanne Riachi. <\/strong>Ce prix r\u00e9compense les cr\u00e9ations qui ont su captiver le public.<br \/>\u00a0<\/p>\n","protected":false},"excerpt":{"rendered":"Le Grand Prix Design Parade Toulon Le Grand Prix Design Parade Toulon Van Cleef &amp; Arpels a \u00e9t\u00e9&hellip;\n","protected":false},"author":2,"featured_media":293955,"comment_status":"","ping_status":"","sticky":false,"template":"","format":"standard","meta":{"footnotes":""},"categories":[9619],"tags":[1111,11,1777,674,1011,27,12,882,25,2310],"class_list":{"0":"post-293954","1":"post","2":"type-post","3":"status-publish","4":"format-standard","5":"has-post-thumbnail","7":"category-toulon","8":"tag-actu","9":"tag-actualites","10":"tag-eu","11":"tag-europe","12":"tag-fr","13":"tag-france","14":"tag-news","15":"tag-provence-alpes-cote-dazur","16":"tag-republique-francaise","17":"tag-toulon"},"share_on_mastodon":{"url":"https:\/\/pubeurope.com\/@fr\/114965863737337691","error":""},"_links":{"self":[{"href":"https:\/\/www.europesays.com\/fr\/wp-json\/wp\/v2\/posts\/293954","targetHints":{"allow":["GET"]}}],"collection":[{"href":"https:\/\/www.europesays.com\/fr\/wp-json\/wp\/v2\/posts"}],"about":[{"href":"https:\/\/www.europesays.com\/fr\/wp-json\/wp\/v2\/types\/post"}],"author":[{"embeddable":true,"href":"https:\/\/www.europesays.com\/fr\/wp-json\/wp\/v2\/users\/2"}],"replies":[{"embeddable":true,"href":"https:\/\/www.europesays.com\/fr\/wp-json\/wp\/v2\/comments?post=293954"}],"version-history":[{"count":0,"href":"https:\/\/www.europesays.com\/fr\/wp-json\/wp\/v2\/posts\/293954\/revisions"}],"wp:featuredmedia":[{"embeddable":true,"href":"https:\/\/www.europesays.com\/fr\/wp-json\/wp\/v2\/media\/293955"}],"wp:attachment":[{"href":"https:\/\/www.europesays.com\/fr\/wp-json\/wp\/v2\/media?parent=293954"}],"wp:term":[{"taxonomy":"category","embeddable":true,"href":"https:\/\/www.europesays.com\/fr\/wp-json\/wp\/v2\/categories?post=293954"},{"taxonomy":"post_tag","embeddable":true,"href":"https:\/\/www.europesays.com\/fr\/wp-json\/wp\/v2\/tags?post=293954"}],"curies":[{"name":"wp","href":"https:\/\/api.w.org\/{rel}","templated":true}]}}