{"id":293962,"date":"2025-08-03T16:57:14","date_gmt":"2025-08-03T16:57:14","guid":{"rendered":"https:\/\/www.europesays.com\/fr\/293962\/"},"modified":"2025-08-03T16:57:14","modified_gmt":"2025-08-03T16:57:14","slug":"grenoble-un-atelier-pour-creer-son-herbier-a-suspendre","status":"publish","type":"post","link":"https:\/\/www.europesays.com\/fr\/293962\/","title":{"rendered":"Grenoble. Un atelier pour cr\u00e9er son herbier \u00e0 suspendre"},"content":{"rendered":"<p>Tout l\u2019\u00e9t\u00e9, jusqu\u2019au 27\u00a0ao\u00fbt, des animations gratuites sont propos\u00e9es au parc Paul-Mistral. Samedi 2\u00a0ao\u00fbt, les participants ont pu cr\u00e9er leur propre herbier \u00e0 suspendre (tableau fait \u00e0 partir de plantes s\u00e9ch\u00e9es et coll\u00e9es N.D.L.R.). Cinq sessions gratuites \u00e9taient pr\u00e9vues sur inscription, pour tous les publics. L\u2019animation \u00e9tait assur\u00e9e par la fleuriste Sweet Verveine.<\/p>\n","protected":false},"excerpt":{"rendered":"Tout l\u2019\u00e9t\u00e9, jusqu\u2019au 27\u00a0ao\u00fbt, des animations gratuites sont propos\u00e9es au parc Paul-Mistral. Samedi 2\u00a0ao\u00fbt, les participants ont pu&hellip;\n","protected":false},"author":2,"featured_media":293963,"comment_status":"","ping_status":"","sticky":false,"template":"","format":"standard","meta":{"footnotes":""},"categories":[9566],"tags":[1111,11,2430,1687,112,1777,674,1011,27,2731,2732,12,25],"class_list":{"0":"post-293962","1":"post","2":"type-post","3":"status-publish","4":"format-standard","5":"has-post-thumbnail","7":"category-grenoble","8":"tag-actu","9":"tag-actualites","10":"tag-auvergne-rhone-alpes","11":"tag-culture-loisirs","12":"tag-edition-grenoble-agglomeration","13":"tag-eu","14":"tag-europe","15":"tag-fr","16":"tag-france","17":"tag-grenoble","18":"tag-grenoble-bassin","19":"tag-news","20":"tag-republique-francaise"},"share_on_mastodon":{"url":"https:\/\/pubeurope.com\/@fr\/114965895191172381","error":""},"_links":{"self":[{"href":"https:\/\/www.europesays.com\/fr\/wp-json\/wp\/v2\/posts\/293962","targetHints":{"allow":["GET"]}}],"collection":[{"href":"https:\/\/www.europesays.com\/fr\/wp-json\/wp\/v2\/posts"}],"about":[{"href":"https:\/\/www.europesays.com\/fr\/wp-json\/wp\/v2\/types\/post"}],"author":[{"embeddable":true,"href":"https:\/\/www.europesays.com\/fr\/wp-json\/wp\/v2\/users\/2"}],"replies":[{"embeddable":true,"href":"https:\/\/www.europesays.com\/fr\/wp-json\/wp\/v2\/comments?post=293962"}],"version-history":[{"count":0,"href":"https:\/\/www.europesays.com\/fr\/wp-json\/wp\/v2\/posts\/293962\/revisions"}],"wp:featuredmedia":[{"embeddable":true,"href":"https:\/\/www.europesays.com\/fr\/wp-json\/wp\/v2\/media\/293963"}],"wp:attachment":[{"href":"https:\/\/www.europesays.com\/fr\/wp-json\/wp\/v2\/media?parent=293962"}],"wp:term":[{"taxonomy":"category","embeddable":true,"href":"https:\/\/www.europesays.com\/fr\/wp-json\/wp\/v2\/categories?post=293962"},{"taxonomy":"post_tag","embeddable":true,"href":"https:\/\/www.europesays.com\/fr\/wp-json\/wp\/v2\/tags?post=293962"}],"curies":[{"name":"wp","href":"https:\/\/api.w.org\/{rel}","templated":true}]}}