{"id":293966,"date":"2025-08-03T16:59:12","date_gmt":"2025-08-03T16:59:12","guid":{"rendered":"https:\/\/www.europesays.com\/fr\/293966\/"},"modified":"2025-08-03T16:59:12","modified_gmt":"2025-08-03T16:59:12","slug":"tournoi-europeen-u21-la-reserve-de-lasse-echoue-en-finale-face-a-rennes-au-tournoi-de-ploufragan","status":"publish","type":"post","link":"https:\/\/www.europesays.com\/fr\/293966\/","title":{"rendered":"Tournoi europ\u00e9en U21. La r\u00e9serve de l\u2019ASSE \u00e9choue en finale face \u00e0 Rennes au tournoi de Ploufragan"},"content":{"rendered":"<p>D\u00e9cid\u00e9ment, le tournoi breton ne veut pas sourire aux Verts. Deux ans apr\u00e8s s\u2019\u00eatre inclin\u00e9 aux tirs au but en finale face au Paris FC, le club st\u00e9phanois retrouvait le m\u00eame stade de la comp\u00e9tition, face au Stade Rennais. <a href=\"https:\/\/www.leprogres.fr\/sport\/2025\/08\/02\/les-verts-en-finale-a-ploufragan\" target=\"_blank\" rel=\"noopener\">Forts d\u2019une phase de poules s\u00e9rieuse<\/a> (deux victoires et une d\u00e9faite), les hommes de Sylvain Gibert arrivaient en confiance.<\/p>\n<p>Globalement dominateurs durant le premier acte, ils ont encaiss\u00e9 l\u2019unique but de la partie sur un penalty de Do Marcolino (14e) contre le cours du jeu. Poussant jusque dans les derniers instants, les St\u00e9phanois sont tomb\u00e9s sur un mur avec Bellazoug dans le but rennais.<\/p>\n<p>\u00c9lu meilleur gardien du tournoi, ce dernier a donc emp\u00each\u00e9 une nouvelle fois les St\u00e9phanois de remporter ce tournoi. Il reste deux matchs amicaux aux Verts, contre Sochaux (le 12\u00a0ao\u00fbt) et Grenoble (le 16\u00a0ao\u00fbt) pour pr\u00e9parer la reprise du N3 le 23\u00a0ao\u00fbt.<\/p>\n","protected":false},"excerpt":{"rendered":"D\u00e9cid\u00e9ment, le tournoi breton ne veut pas sourire aux Verts. Deux ans apr\u00e8s s\u2019\u00eatre inclin\u00e9 aux tirs au&hellip;\n","protected":false},"author":2,"featured_media":293967,"comment_status":"","ping_status":"","sticky":false,"template":"","format":"standard","meta":{"footnotes":""},"categories":[2821],"tags":[1111,11,4000,829,7539,1777,674,63,1011,27,12,584,25,4001,7538,517],"class_list":{"0":"post-293966","1":"post","2":"type-post","3":"status-publish","4":"format-standard","5":"has-post-thumbnail","7":"category-rennes","8":"tag-actu","9":"tag-actualites","10":"tag-asse-as-saint-etienne-football","11":"tag-bretagne","12":"tag-edition-loire-sud","13":"tag-eu","14":"tag-europe","15":"tag-football","16":"tag-fr","17":"tag-france","18":"tag-news","19":"tag-rennes","20":"tag-republique-francaise","21":"tag-saint-etienne","22":"tag-saint-etienne-ville","23":"tag-sport"},"share_on_mastodon":{"url":"https:\/\/pubeurope.com\/@fr\/114965903208789796","error":""},"_links":{"self":[{"href":"https:\/\/www.europesays.com\/fr\/wp-json\/wp\/v2\/posts\/293966","targetHints":{"allow":["GET"]}}],"collection":[{"href":"https:\/\/www.europesays.com\/fr\/wp-json\/wp\/v2\/posts"}],"about":[{"href":"https:\/\/www.europesays.com\/fr\/wp-json\/wp\/v2\/types\/post"}],"author":[{"embeddable":true,"href":"https:\/\/www.europesays.com\/fr\/wp-json\/wp\/v2\/users\/2"}],"replies":[{"embeddable":true,"href":"https:\/\/www.europesays.com\/fr\/wp-json\/wp\/v2\/comments?post=293966"}],"version-history":[{"count":0,"href":"https:\/\/www.europesays.com\/fr\/wp-json\/wp\/v2\/posts\/293966\/revisions"}],"wp:featuredmedia":[{"embeddable":true,"href":"https:\/\/www.europesays.com\/fr\/wp-json\/wp\/v2\/media\/293967"}],"wp:attachment":[{"href":"https:\/\/www.europesays.com\/fr\/wp-json\/wp\/v2\/media?parent=293966"}],"wp:term":[{"taxonomy":"category","embeddable":true,"href":"https:\/\/www.europesays.com\/fr\/wp-json\/wp\/v2\/categories?post=293966"},{"taxonomy":"post_tag","embeddable":true,"href":"https:\/\/www.europesays.com\/fr\/wp-json\/wp\/v2\/tags?post=293966"}],"curies":[{"name":"wp","href":"https:\/\/api.w.org\/{rel}","templated":true}]}}