{"id":293972,"date":"2025-08-03T17:03:11","date_gmt":"2025-08-03T17:03:11","guid":{"rendered":"https:\/\/www.europesays.com\/fr\/293972\/"},"modified":"2025-08-03T17:03:11","modified_gmt":"2025-08-03T17:03:11","slug":"je-nai-vu-aucune-signalisation-il-y-avait-encore-des-baigneurs-dans-leau-a-nice-malgre-linterdiction-prise-par-la-ville","status":"publish","type":"post","link":"https:\/\/www.europesays.com\/fr\/293972\/","title":{"rendered":"\u00ab\u00a0Je n\u2019ai vu aucune signalisation\u00a0\u00bb: il y avait encore des baigneurs dans l\u2019eau \u00e0 Nice, malgr\u00e9 l&rsquo;interdiction prise par la Ville"},"content":{"rendered":"<p>Pourquoi y avait-il encore des baigneurs dans l\u2019eau, ce samedi 2 ao\u00fbt \u00e0 19 heures, malgr\u00e9 <a href=\"https:\/\/www.nicematin.com\/climat\/baignade-interdite-et-fermeture-du-sentier-littoral-996649\" rel=\"nofollow noopener\" target=\"_blank\">l\u2019arr\u00eat\u00e9 d\u2019interdiction de baignade pris par la Ville de Nice \u00e0 partir 16 heures<\/a>? Les touristes interrog\u00e9s ont jur\u00e9 la main sur le c\u0153ur qu\u2019ils n\u2019\u00e9taient pas au courant. \u00ab\u00a0Je n\u2019ai vu aucune signalisation\u00a0\u00bb, clame Indra, 46 ans, d\u2019Inde. Il y avait pourtant l\u2019arr\u00eat\u00e9 municipal accroch\u00e9 sur une feuille A4 \u00e0 l\u2019entr\u00e9e de la plage. \u00ab\u00a0Ce n\u2019est pas tr\u00e8s visible. Ils devraient nous pr\u00e9venir avec une signal\u00e9tique beaucoup plus grosse et visible\u2026 Et traduire les explications en plusieurs langues, lance Virginie, 40 ans, de Lille. Y a plein d\u2019autres communes en France o\u00f9 c\u2019est beaucoup plus clair.\u00a0\u00bb<\/p>\n<p>\u00a0\u00bb Une indication dans d\u2019autres langues \u00e0 l\u2019\u00e9tude\u00a0\u00bb<\/p>\n<p>\u00ab\u00a0Les arr\u00eat\u00e9s municipaux affich\u00e9s sur les plages ont une taille r\u00e9glementaire et doivent \u00eatre r\u00e9dig\u00e9s en fran\u00e7ais, conform\u00e9ment \u00e0 la r\u00e9glementation nationale, se justifie la Ville. Une indication dans d\u2019autres langues lors de l\u2019interdiction d\u2019acc\u00e8s aux plages et aux baignades est actuellement \u00e0 l\u2019\u00e9tude.\u00a0\u00bb<\/p>\n<p>\u00ab\u00a0\u00c0 18 heures les drapeaux rouges \u00e9taient bien pr\u00e9sents\u00a0\u00bb, raconte Benjamin qui faisait son footing sur la Prom\u2019. Pourtant, \u00e0 19 heures plus aucun drapeau. Selon la Soci\u00e9t\u00e9 nationale de sauvetage en mer (SNSM), \u00ab\u00a0les drapeaux de plage rectangulaires sont hiss\u00e9s pr\u00e8s du poste de secours en plage pour avertir des conditions de baignade li\u00e9es \u00e0 l\u2019\u00e9tat de la mer et \u00e0 la m\u00e9t\u00e9o. Drapeau rouge: baignade interdite. Si aucun drapeau n\u2019est hiss\u00e9 sur le m\u00e2t: le poste de secours n\u2019est alors pas ouvert et il n\u2019y a pas de sauveteur pour assurer la s\u00e9curit\u00e9 des baigneurs.\u00a0\u00bb \u00ab\u00a0Ne pourrait-on pas laisser les drapeaux rouges en place durant toute la dur\u00e9e de l\u2019alerte?\u00a0\u00bb, s\u2019interroge Palesa, 26 ans, d\u2019Afrique-du-Sud. \u00ab\u00a0Les drapeaux sont \u00e0 la charge du service d\u00e9partemental d\u2019incendie et de secours qui est responsable de leur gestion\u00a0\u00bb, affirme la Ville.<\/p>\n<p>\u00a0\u00bb Nous disposons de deux types de dispositifs sonores\u00a0\u00bb<\/p>\n<p>D\u2019autres se demandent si la Ville de Nice ne pourrait pas actionner des haut-parleurs sur la promenade des Anglais pour avertir du danger. \u00ab\u00a0Les autorit\u00e9s pourraient annoncer au micro un message en fran\u00e7ais et en anglais. Personne ne pourrait passer \u00e0 c\u00f4t\u00e9 de l\u2019information\u00a0\u00bb, raconte John, 65 ans, des \u00c9tats-Unis. \u00ab\u00a0\u00c0 Cannes, ils ont un syst\u00e8me d\u2019alerte par haut-parleurs\u00a0\u00bb, lance Eddy, habitant de Cagnes-sur-Mer. La cit\u00e9 des festivals a install\u00e9 18 haut-parleurs sur la Croisette. C\u2019est la police municipale qui actionne l\u00e0-bas des messages pr\u00e9enregistr\u00e9s en fran\u00e7ais et en anglais.<\/p>\n<p>\u00ab\u00a0Nous disposons de deux types de dispositifs sonores, pr\u00e9sente la Ville de Nice. Des haut-parleurs install\u00e9s sur les trottoirs de la promenade des Anglais, diffusant des messages enregistr\u00e9s en plusieurs langues, adapt\u00e9s aux diff\u00e9rents types de danger, si la situation l\u2019exige. Et des haut-parleurs mobiles, embarqu\u00e9s dans les v\u00e9hicules de la police municipale, avec une port\u00e9e d\u2019environ un kilom\u00e8tre. Samedi 2 ao\u00fbt 2025, d\u00e8s 16 heures, heure \u00e0 laquelle les drapeaux ont \u00e9t\u00e9 hiss\u00e9s, 13 \u00e9quipages de la police municipale, ainsi qu\u2019une embarcation maritime, ont \u00e9t\u00e9 mobilis\u00e9s pour diffuser le message sur les plages.\u00a0\u00bb<\/p>\n","protected":false},"excerpt":{"rendered":"Pourquoi y avait-il encore des baigneurs dans l\u2019eau, ce samedi 2 ao\u00fbt \u00e0 19 heures, malgr\u00e9 l\u2019arr\u00eat\u00e9 d\u2019interdiction&hellip;\n","protected":false},"author":2,"featured_media":293973,"comment_status":"","ping_status":"","sticky":false,"template":"","format":"standard","meta":{"footnotes":""},"categories":[2819],"tags":[1111,11,1777,674,1011,27,12,2401,882,25,656],"class_list":{"0":"post-293972","1":"post","2":"type-post","3":"status-publish","4":"format-standard","5":"has-post-thumbnail","7":"category-nice","8":"tag-actu","9":"tag-actualites","10":"tag-eu","11":"tag-europe","12":"tag-fr","13":"tag-france","14":"tag-news","15":"tag-nice","16":"tag-provence-alpes-cote-dazur","17":"tag-republique-francaise","18":"tag-securite"},"share_on_mastodon":{"url":"https:\/\/pubeurope.com\/@fr\/114965918764843703","error":""},"_links":{"self":[{"href":"https:\/\/www.europesays.com\/fr\/wp-json\/wp\/v2\/posts\/293972","targetHints":{"allow":["GET"]}}],"collection":[{"href":"https:\/\/www.europesays.com\/fr\/wp-json\/wp\/v2\/posts"}],"about":[{"href":"https:\/\/www.europesays.com\/fr\/wp-json\/wp\/v2\/types\/post"}],"author":[{"embeddable":true,"href":"https:\/\/www.europesays.com\/fr\/wp-json\/wp\/v2\/users\/2"}],"replies":[{"embeddable":true,"href":"https:\/\/www.europesays.com\/fr\/wp-json\/wp\/v2\/comments?post=293972"}],"version-history":[{"count":0,"href":"https:\/\/www.europesays.com\/fr\/wp-json\/wp\/v2\/posts\/293972\/revisions"}],"wp:featuredmedia":[{"embeddable":true,"href":"https:\/\/www.europesays.com\/fr\/wp-json\/wp\/v2\/media\/293973"}],"wp:attachment":[{"href":"https:\/\/www.europesays.com\/fr\/wp-json\/wp\/v2\/media?parent=293972"}],"wp:term":[{"taxonomy":"category","embeddable":true,"href":"https:\/\/www.europesays.com\/fr\/wp-json\/wp\/v2\/categories?post=293972"},{"taxonomy":"post_tag","embeddable":true,"href":"https:\/\/www.europesays.com\/fr\/wp-json\/wp\/v2\/tags?post=293972"}],"curies":[{"name":"wp","href":"https:\/\/api.w.org\/{rel}","templated":true}]}}