{"id":293974,"date":"2025-08-03T17:04:12","date_gmt":"2025-08-03T17:04:12","guid":{"rendered":"https:\/\/www.europesays.com\/fr\/293974\/"},"modified":"2025-08-03T17:04:12","modified_gmt":"2025-08-03T17:04:12","slug":"en-bord-de-loire-a-nantes-les-pins-sculptes-plantent-le-decor","status":"publish","type":"post","link":"https:\/\/www.europesays.com\/fr\/293974\/","title":{"rendered":"En bord de Loire \u00e0 Nantes, les pins sculpt\u00e9s plantent le d\u00e9cor"},"content":{"rendered":"<p>Cet \u00e9t\u00e9, des jardiniers du Service des espaces verts de Nantes nous font d\u00e9couvrir leurs arbres pr\u00e9f\u00e9r\u00e9s. Aujourd\u2019hui, le choix de <a href=\"https:\/\/nantes.maville.com\/actu\/actudet_-saint-sebastien-sur-loire.-une-formation-pour-entretenir-les-arbres-sur-les-iles-_8-5550172_actu.Htm\" target=\"_blank\" rel=\"noopener\">Karl Hervouet, <\/a>responsable de l\u2019\u00e9quipe des arboristes-grimpeurs. <\/p>\n<p>\t<img decoding=\"async\" src=\"https:\/\/www.europesays.com\/fr\/wp-content\/uploads\/2025\/08\/P35388344D6923169G_px_640_.jpg\" alt=\"photo karl hervouet, responsable de l\u2019\u00e9quipe d\u2019arboristes-grimpeurs de la ville de nantes.  \u00a9  ouest-france\" width=\"640\" title=\" Karl Hervouet, responsable de l\u2019\u00e9quipe d\u2019arboristes-grimpeurs de la Ville de Nantes.   Ouest-France \"\/><\/p>\n<p class=\"elmt-legende\"> Karl Hervouet, responsable de l\u2019\u00e9quipe d\u2019arboristes-grimpeurs de la Ville de Nantes.   Ouest-France <\/p>\n<p>C\u2019est quoi cet arbre\u00a0?<\/p>\n<p>Ou plut\u00f4t cette sc\u00e8ne\u00a0: l\u2019un des quatre \u00eelots de pins diss\u00e9min\u00e9s dans la ville, ici au sud de l\u2019\u00eele Beaulieu, pr\u00e8s du pont L\u00e9opold-Sedar-Senghor. &#8230;<\/p>\n<p>\u00a0<\/p>\n","protected":false},"excerpt":{"rendered":"Cet \u00e9t\u00e9, des jardiniers du Service des espaces verts de Nantes nous font d\u00e9couvrir leurs arbres pr\u00e9f\u00e9r\u00e9s. Aujourd\u2019hui,&hellip;\n","protected":false},"author":2,"featured_media":293975,"comment_status":"","ping_status":"","sticky":false,"template":"","format":"standard","meta":{"footnotes":""},"categories":[2818],"tags":[1111,11,3944,3055,1777,674,1011,27,3367,766,12,2636,43387,43389,25,43388],"class_list":{"0":"post-293974","1":"post","2":"type-post","3":"status-publish","4":"format-standard","5":"has-post-thumbnail","7":"category-nantes","8":"tag-actu","9":"tag-actualites","10":"tag-bord","11":"tag-decor","12":"tag-eu","13":"tag-europe","14":"tag-fr","15":"tag-france","16":"tag-loire","17":"tag-nantes","18":"tag-news","19":"tag-pays-de-la-loire","20":"tag-pins","21":"tag-plantent","22":"tag-republique-francaise","23":"tag-sculptes"},"share_on_mastodon":{"url":"https:\/\/pubeurope.com\/@fr\/114965922809865271","error":""},"_links":{"self":[{"href":"https:\/\/www.europesays.com\/fr\/wp-json\/wp\/v2\/posts\/293974","targetHints":{"allow":["GET"]}}],"collection":[{"href":"https:\/\/www.europesays.com\/fr\/wp-json\/wp\/v2\/posts"}],"about":[{"href":"https:\/\/www.europesays.com\/fr\/wp-json\/wp\/v2\/types\/post"}],"author":[{"embeddable":true,"href":"https:\/\/www.europesays.com\/fr\/wp-json\/wp\/v2\/users\/2"}],"replies":[{"embeddable":true,"href":"https:\/\/www.europesays.com\/fr\/wp-json\/wp\/v2\/comments?post=293974"}],"version-history":[{"count":0,"href":"https:\/\/www.europesays.com\/fr\/wp-json\/wp\/v2\/posts\/293974\/revisions"}],"wp:featuredmedia":[{"embeddable":true,"href":"https:\/\/www.europesays.com\/fr\/wp-json\/wp\/v2\/media\/293975"}],"wp:attachment":[{"href":"https:\/\/www.europesays.com\/fr\/wp-json\/wp\/v2\/media?parent=293974"}],"wp:term":[{"taxonomy":"category","embeddable":true,"href":"https:\/\/www.europesays.com\/fr\/wp-json\/wp\/v2\/categories?post=293974"},{"taxonomy":"post_tag","embeddable":true,"href":"https:\/\/www.europesays.com\/fr\/wp-json\/wp\/v2\/tags?post=293974"}],"curies":[{"name":"wp","href":"https:\/\/api.w.org\/{rel}","templated":true}]}}