{"id":293978,"date":"2025-08-03T17:07:11","date_gmt":"2025-08-03T17:07:11","guid":{"rendered":"https:\/\/www.europesays.com\/fr\/293978\/"},"modified":"2025-08-03T17:07:11","modified_gmt":"2025-08-03T17:07:11","slug":"alternative-trains-bordeaux-et-bayonne-sur-la-meme-voie","status":"publish","type":"post","link":"https:\/\/www.europesays.com\/fr\/293978\/","title":{"rendered":"ALTERNATIVE &#8211; Trains : Bordeaux et Bayonne sur la m\u00eame voie"},"content":{"rendered":"<p>Le 31 juillet, Pierre Hurmic, maire de Bordeaux, et Jean-Ren\u00e9 Etchegaray, maire de Bayonne et pr\u00e9sident de la Communaut\u00e9 d\u2019agglom\u00e9ration Pays Basque, ont conjointement adress\u00e9 une lettre au ministre des Transports, Philippe Tabarot. <br \/>\u00a0<br \/>Alors que les incertitudes grandissent autour de la Ligne Nouvelle Sud-Ouest (ex-GPSO), les deux \u00e9lus rappellent que la France n\u2019a rien entrepris de concret depuis pr\u00e8s de vingt ans pour relier efficacement l\u2019Espagne par le rail. Pire, elle maintient, \u00e0 leurs yeux, une illusion co\u00fbteuse et peu adapt\u00e9e aux enjeux climatiques, \u00e9conomiques et territoriaux actuels.<br \/>\u00a0<br \/>S&rsquo;appuyant sur les conclusions de la conf\u00e9rence \u00ab Ambition France Transports \u00bb, qui souligne l\u2019urgence d\u2019investir dans la r\u00e9g\u00e9n\u00e9ration du r\u00e9seau existant, ils r\u00e9clament une requalification rapide de la ligne actuelle \u00e0 220\u2013250 km\/h. Un axe strat\u00e9gique qui avait autrefois permis des records de vitesse et qui pourrait aujourd\u2019hui renouer avec l\u2019excellence ferroviaire.<br \/>\u00a0<br \/>Le projet de LGV, quant \u00e0 lui, a vu ses chances de financement europ\u00e9en fondre : il ne figure pas dans les dossiers retenus par la Commission dans le cadre du m\u00e9canisme pour l\u2019interconnexion en Europe. Une r\u00e9alit\u00e9 budg\u00e9taire qui renforce la position des signataires, soutenue par plus de 600 \u00e9lus. Le message est clair : la modernisation de l\u2019existant est la seule voie d\u2019avenir.<br \/>\u00a0<br \/>Affaire \u00e0 suivre\u2026 <\/p>\n","protected":false},"excerpt":{"rendered":"Le 31 juillet, Pierre Hurmic, maire de Bordeaux, et Jean-Ren\u00e9 Etchegaray, maire de Bayonne et pr\u00e9sident de la&hellip;\n","protected":false},"author":2,"featured_media":293979,"comment_status":"","ping_status":"","sticky":false,"template":"","format":"standard","meta":{"footnotes":""},"categories":[2817],"tags":[1111,11,1997,1777,674,1011,27,12,2219,9203,11480,25,5811,2803],"class_list":{"0":"post-293978","1":"post","2":"type-post","3":"status-publish","4":"format-standard","5":"has-post-thumbnail","7":"category-bordeaux","8":"tag-actu","9":"tag-actualites","10":"tag-bordeaux","11":"tag-eu","12":"tag-europe","13":"tag-fr","14":"tag-france","15":"tag-news","16":"tag-nouvelle-aquitaine","17":"tag-pays-basque","18":"tag-politiques","19":"tag-republique-francaise","20":"tag-trains","21":"tag-transport"},"share_on_mastodon":{"url":"https:\/\/pubeurope.com\/@fr\/114965934564357340","error":""},"_links":{"self":[{"href":"https:\/\/www.europesays.com\/fr\/wp-json\/wp\/v2\/posts\/293978","targetHints":{"allow":["GET"]}}],"collection":[{"href":"https:\/\/www.europesays.com\/fr\/wp-json\/wp\/v2\/posts"}],"about":[{"href":"https:\/\/www.europesays.com\/fr\/wp-json\/wp\/v2\/types\/post"}],"author":[{"embeddable":true,"href":"https:\/\/www.europesays.com\/fr\/wp-json\/wp\/v2\/users\/2"}],"replies":[{"embeddable":true,"href":"https:\/\/www.europesays.com\/fr\/wp-json\/wp\/v2\/comments?post=293978"}],"version-history":[{"count":0,"href":"https:\/\/www.europesays.com\/fr\/wp-json\/wp\/v2\/posts\/293978\/revisions"}],"wp:featuredmedia":[{"embeddable":true,"href":"https:\/\/www.europesays.com\/fr\/wp-json\/wp\/v2\/media\/293979"}],"wp:attachment":[{"href":"https:\/\/www.europesays.com\/fr\/wp-json\/wp\/v2\/media?parent=293978"}],"wp:term":[{"taxonomy":"category","embeddable":true,"href":"https:\/\/www.europesays.com\/fr\/wp-json\/wp\/v2\/categories?post=293978"},{"taxonomy":"post_tag","embeddable":true,"href":"https:\/\/www.europesays.com\/fr\/wp-json\/wp\/v2\/tags?post=293978"}],"curies":[{"name":"wp","href":"https:\/\/api.w.org\/{rel}","templated":true}]}}