{"id":293980,"date":"2025-08-03T17:08:12","date_gmt":"2025-08-03T17:08:12","guid":{"rendered":"https:\/\/www.europesays.com\/fr\/293980\/"},"modified":"2025-08-03T17:08:12","modified_gmt":"2025-08-03T17:08:12","slug":"ces-toiles-depoque-refont-surface-a-toulouse-apres-70-ans-doubli-leur-histoire-est-fascinante","status":"publish","type":"post","link":"https:\/\/www.europesays.com\/fr\/293980\/","title":{"rendered":"Ces toiles d&rsquo;\u00e9poque refont surface \u00e0 Toulouse apr\u00e8s 70 ans d&rsquo;oubli, leur histoire est fascinante"},"content":{"rendered":"<p>            Par<br \/>\n        <strong><br \/>\n            <a href=\"https:\/\/actu.fr\/auteur\/enzo-legros\" title=\"Consulter tous les articles de Enzo Legros\" target=\"_blank\" rel=\"noopener\">Enzo Legros<\/a><br \/>\n        <\/strong><\/p>\n<p>        Publi\u00e9 le<\/p>\n<p>            3 ao\u00fbt 2025 \u00e0 15h12        <\/p>\n<p>Des toiles allong\u00e9es sur plusieurs m\u00e8tres au sol, des \u0153uvres dans un piteux \u00e9tat et surtout inconnues. Depuis le d\u00e9but de l\u2019\u00e9t\u00e9, beaucoup de visiteurs <a href=\"https:\/\/actu.fr\/tag\/couvent-des-jacobins\" target=\"_blank\" rel=\"noopener\">du Couvent des Jacobins<\/a> de Toulouse se posent une question\u2009: quelles sont ces peintures expos\u00e9es dans le r\u00e9fectoire de l\u2019\u00e9glise\u2009? La r\u00e9ponse \u00e0 cette question m\u00e9lange <strong>histoire locale m\u00e9connue<\/strong> et <strong>raret\u00e9<\/strong> artistique exceptionnelle. On vous explique pourquoi.<\/p>\n<p>Des toiles oubli\u00e9es pendant 70\u00a0ans<\/p>\n<p class=\" wall-content\">Les peintures d\u00e9pos\u00e9es sous le regard de tous depuis d\u00e9but juillet ont \u00e9t\u00e9 peintes par l\u2019artiste toulousain Paul Gervais, entre la seconde moiti\u00e9 du XIXe si\u00e8cle et le d\u00e9but de la Premi\u00e8re Guerre mondiale, une p\u00e9riode aussi surnomm\u00e9e \u00ab\u2009la Belle \u00e9poque\u2009\u00bb.<\/p>\n<p class=\" wall-content\">\u00ab\u2009J\u2019ai retrouv\u00e9 ces toiles qui n\u2019avaient <strong>jamais \u00e9t\u00e9 d\u00e9roul\u00e9es en 70\u00a0ans<\/strong> et qui se trouvaient autrefois au boulevard de Strasbourg, <a href=\"https:\/\/actu.fr\/toulouse\/\" target=\"_blank\" rel=\"noopener\">\u00e0 Toulouse<\/a>\u2009\u00bb, explique Pierre Catalo, charg\u00e9 de conservation au Couvent des Jacobins.<\/p>\n<p>    <img   decoding=\"async\" loading=\"lazy\" src=\"https:\/\/www.europesays.com\/fr\/wp-content\/uploads\/2025\/08\/dsc-8315-min-960x640.jpg\" alt=\"Les toiles de Paul Gervais n'avaient pas \u00e9t\u00e9 d\u00e9roul\u00e9es depuis 70 ans.\" width=\"960\" height=\"640\"\/><br \/>\n    Les toiles de Paul Gervais n\u2019avaient pas \u00e9t\u00e9 d\u00e9roul\u00e9es depuis 70\u00a0ans. (\u00a9Christian Nitard)<\/p>\n<p class=\" wall-content\">Plus pr\u00e9cis\u00e9ment, ces peintures se trouvaient au Caf\u00e9 Sion, un \u00e9tablissement majoritairement fr\u00e9quent\u00e9 par la bourgeoisie toulousaine de la \u00ab\u2009Belle \u00e9poque\u2009\u00bb. Apr\u00e8s la disparition du caf\u00e9, les \u0153uvres avaient \u00e9t\u00e9 rang\u00e9es dans le sous-sol du Couvent des Jacobins,<strong> avant d\u2019\u00eatre oubli\u00e9es<\/strong> pendant des dizaines d\u2019ann\u00e9es.<\/p>\n<p>Des restes rares du pass\u00e9<\/p>\n<p class=\" wall-content\">Aujourd\u2019hui, il ne reste plus \u00ab\u2009qu\u2019un passage assez glauque\u2009\u00bb sur l\u2019emplacement de l\u2019ancien Caf\u00e9 Sion, indique Pierre Catalo. Les seuls restes de ce lieu de vie historique de la Ville rose sont <strong>d\u2019une grande raret\u00e9<\/strong>. \u00ab\u2009Ces toiles sont les seuls d\u00e9cors du patrimoine encore existants\u2009\u00bb, ajoute m\u00eame le conservateur.<\/p>\n<p class=\" wall-content\">Les rendre connus aux yeux de tous \u00e9tait donc une opportunit\u00e9 de mettre en lumi\u00e8re <strong>une partie m\u00e9connue de l\u2019histoire de Toulouse<\/strong>. \u00ab\u2009C\u2019est une p\u00e9riode o\u00f9 l\u2019industrie est fleurissante et Toulouse va suivre la tendance des grands travaux type haussmannien, il fallait des lieux pour divertir la bourgeoisie\u2009\u00bb, raconte Pierre Catalo.<\/p>\n<p>Inviter le public dans les coulisses de la conservation<\/p>\n<p class=\" wall-content\">D\u00e9rouler ces pi\u00e8ces d\u2019art face aux yeux du grand public \u00e9tait aussi un moyen d\u2019emmener les visiteurs dans les coulisses du Couvent des Jacobins. Jusqu\u2019au 28 septembre, des visites guid\u00e9es permettent aux spectateurs de comprendre pourquoi les toiles sont aujourd\u2019hui dans un \u00e9tat d\u00e9plorable. \u00ab\u2009Il y a des parties qui se sont d\u00e9sagr\u00e9g\u00e9es car elles avaient \u00e9t\u00e9 plac\u00e9es pr\u00e8s d\u2019une source de chauffage\u2009\u00bb, illustre Pierre Catalo.<\/p>\n<p class=\" wall-content\">\u00c0 la fin du mois de septembre, les peintures seront de nouveau enroul\u00e9es, cette fois dans de meilleures conditions de conservation. Elles ne seront pas restaur\u00e9es faute de budget, mais un reconditionnement pourrait avoir lieu pour les remettre en \u00e9tat. \u00ab\u00a0Si on ne les avait pas d\u00e9roul\u00e9es cette ann\u00e9e, <strong>les toiles n\u2019auraient peut-\u00eatre jamais \u00e9t\u00e9 rouvertes\u00a0\u00bb<\/strong>, confie le conservateur de ces bijoux d\u2019histoire locaux.\u00a0<\/p>\n<p>Des visites guid\u00e9es \u00ab\u00a0flashs\u00a0\u00bb de 30 minutes ont lieu le matin en semaine, et des visites plus d\u00e9taill\u00e9es de 45 minutes se d\u00e9roulent l\u2019apr\u00e8s-midi. Dans les deux cas, il faut r\u00e9server \u00e0 l\u2019avance <a href=\"https:\/\/billetterie.couvent-jacobins.toulouse.fr\/selection\/timeslotpass?productId=10229241105105\" target=\"_blank\" rel=\"noopener\">sur le site de la mairie de Toulouse<\/a>. Le prix du ticket est \u00e0 cinq euros pour les adultes et \u00e0 3 euros pour les moins de 18 ans et les \u00e9tudiants.\u00a0<\/p>\n<p class=\" wall-content\">Suivez toute l\u2019actualit\u00e9 de vos villes et m\u00e9dias favoris en vous inscrivant \u00e0 <a href=\"https:\/\/moncompte.actu.fr\" title=\"D\u00e9couvez Mon Actu\" rel=\"nofollow noopener\" data-trk=\"{&quot;cta&quot;:{&quot;action&quot;:&quot;https:\\\/\\\/moncompte.actu.fr&quot;,&quot;category&quot;:&quot;mon compte&quot;,&quot;from&quot;:&quot;article footer&quot;,&quot;name&quot;:&quot;Mon actu&quot;,&quot;type&quot;:&quot;cta&quot;}}\" target=\"_blank\">Mon Actu<\/a>.<\/p>\n<ul class=\"ac-article-tag wall-content\">\n<li><a href=\"https:\/\/actu.fr\/tag\/couvent-des-jacobins\" data-trk=\"{&quot;cta&quot;:{&quot;action&quot;:&quot;couvent des Jacobins&quot;,&quot;category&quot;:&quot;tag&quot;,&quot;from&quot;:&quot;article footer&quot;,&quot;name&quot;:&quot;couvent des Jacobins&quot;,&quot;type&quot;:&quot;cta&quot;}}\" target=\"_blank\" rel=\"noopener\">#couvent des Jacobins<\/a><\/li>\n<li><a href=\"https:\/\/actu.fr\/tag\/sortir-a-toulouse\" data-trk=\"{&quot;cta&quot;:{&quot;action&quot;:&quot;Sortir \\u00e0 Toulouse&quot;,&quot;category&quot;:&quot;tag&quot;,&quot;from&quot;:&quot;article footer&quot;,&quot;name&quot;:&quot;Sortir \\u00e0 Toulouse&quot;,&quot;type&quot;:&quot;cta&quot;}}\" target=\"_blank\" rel=\"noopener\">#Sortir \u00e0 Toulouse<\/a><\/li>\n<\/ul>\n","protected":false},"excerpt":{"rendered":"Par Enzo Legros Publi\u00e9 le 3 ao\u00fbt 2025 \u00e0 15h12 Des toiles allong\u00e9es sur plusieurs m\u00e8tres au sol,&hellip;\n","protected":false},"author":2,"featured_media":293981,"comment_status":"","ping_status":"","sticky":false,"template":"","format":"standard","meta":{"footnotes":""},"categories":[2816],"tags":[1111,11,7930,1777,674,1349,1011,27,1652,12,2680,25,1341,2312],"class_list":{"0":"post-293980","1":"post","2":"type-post","3":"status-publish","4":"format-standard","5":"has-post-thumbnail","7":"category-toulouse","8":"tag-actu","9":"tag-actualites","10":"tag-couvent-des-jacobins","11":"tag-eu","12":"tag-europe","13":"tag-expositions","14":"tag-fr","15":"tag-france","16":"tag-loisirs-culture","17":"tag-news","18":"tag-occitanie","19":"tag-republique-francaise","20":"tag-sortir-a-toulouse","21":"tag-toulouse"},"share_on_mastodon":{"url":"https:\/\/pubeurope.com\/@fr\/114965938396395640","error":""},"_links":{"self":[{"href":"https:\/\/www.europesays.com\/fr\/wp-json\/wp\/v2\/posts\/293980","targetHints":{"allow":["GET"]}}],"collection":[{"href":"https:\/\/www.europesays.com\/fr\/wp-json\/wp\/v2\/posts"}],"about":[{"href":"https:\/\/www.europesays.com\/fr\/wp-json\/wp\/v2\/types\/post"}],"author":[{"embeddable":true,"href":"https:\/\/www.europesays.com\/fr\/wp-json\/wp\/v2\/users\/2"}],"replies":[{"embeddable":true,"href":"https:\/\/www.europesays.com\/fr\/wp-json\/wp\/v2\/comments?post=293980"}],"version-history":[{"count":0,"href":"https:\/\/www.europesays.com\/fr\/wp-json\/wp\/v2\/posts\/293980\/revisions"}],"wp:featuredmedia":[{"embeddable":true,"href":"https:\/\/www.europesays.com\/fr\/wp-json\/wp\/v2\/media\/293981"}],"wp:attachment":[{"href":"https:\/\/www.europesays.com\/fr\/wp-json\/wp\/v2\/media?parent=293980"}],"wp:term":[{"taxonomy":"category","embeddable":true,"href":"https:\/\/www.europesays.com\/fr\/wp-json\/wp\/v2\/categories?post=293980"},{"taxonomy":"post_tag","embeddable":true,"href":"https:\/\/www.europesays.com\/fr\/wp-json\/wp\/v2\/tags?post=293980"}],"curies":[{"name":"wp","href":"https:\/\/api.w.org\/{rel}","templated":true}]}}