{"id":293986,"date":"2025-08-03T17:12:11","date_gmt":"2025-08-03T17:12:11","guid":{"rendered":"https:\/\/www.europesays.com\/fr\/293986\/"},"modified":"2025-08-03T17:12:11","modified_gmt":"2025-08-03T17:12:11","slug":"une-espece-venimeuse-et-dangereuse-detectee","status":"publish","type":"post","link":"https:\/\/www.europesays.com\/fr\/293986\/","title":{"rendered":"une esp\u00e8ce venimeuse et dangereuse d\u00e9tect\u00e9e"},"content":{"rendered":"<p>            Par<br \/>\n        <strong><br \/>\n            <a href=\"https:\/\/actu.fr\/auteur\/fabien-binacchi\" title=\"Consulter tous les articles de Fabien Binacchi\" target=\"_blank\" rel=\"noopener\">Fabien Binacchi<\/a><br \/>\n        <\/strong><\/p>\n<p>        Publi\u00e9 le<\/p>\n<p>            3 ao\u00fbt 2025 \u00e0 11h54        <\/p>\n<p>Il s\u2019est approch\u00e9 tr\u00e8s pr\u00e8s du bord. Ce vendredi 1er\u00a0ao\u00fbt 2025, dans l\u2019apr\u00e8s-midi, puis \u00e0 nouveau samedi matin, un sp\u00e9cimen d\u2019<strong>une\u00a0esp\u00e8ce de poisson venimeux<\/strong> a troubl\u00e9 la qui\u00e9tude de <strong>la plage de la Pointe rouge<\/strong>, au sud de <a href=\"https:\/\/actu.fr\/marseille\/\" target=\"_blank\" rel=\"noopener\">Marseille<\/a>. Pour s\u00e9curiser les baigneurs, le drapeau rouge a d\u00fb \u00eatre hiss\u00e9 le temps que l\u2019animal s\u2019\u00e9loigne.<\/p>\n<p class=\" wall-content\">On vous explique.<\/p>\n<p>Une piq\u00fbre tr\u00e8s douloureuse<\/p>\n<p class=\" wall-content\">L\u2019alerte a \u00e9t\u00e9 donn\u00e9e vers 16h ce vendredi 1er\u00a0ao\u00fbt 2025, indique l\u2019adjoint \u00e0 la mer Herv\u00e9 Menchon, confirmant une information de <a href=\"https:\/\/www.frequence-sud.fr\/art-105400-baignade_interdite_ce_vendredi_apres-midi_a_la_pointe_rouge_a_cause_d_une_raie_pastenague_marseille\" target=\"_blank\" rel=\"noopener\">frequence-sud.fr.<\/a> Les drapeaux rouge, interdisant la baignade, et violet, flottent sur la plage de Pointe rouge. Ce dernier informe d\u2019un danger, et notamment de <strong>la pr\u00e9sence d\u2019esp\u00e8ces aquatiques dangereuses.<\/strong><\/p>\n<p>    <a href=\"https:\/\/www.google.com\/maps\/embed?pb=!1m18!1m12!1m3!1d2690.617785339093!2d5.368506925719077!3d43.24468532875724!2m3!1f0!2f0!3f0!3m2!1i1024!2i768!4f13.1!3m3!1m2!1s0x12c9c70b1d487acf%3A0x3b7a8f363a6d4555!2sPlage%20de%20la%20Point%C3%A9%20Rouge!5e1!3m2!1sfr!2sfr!4v1754213818147!5m2!1sfr!2sfr\" title=\"Ouvrie le lien\" target=\"_blank\" rel=\"noopener\">Cliquez ici pour visualiser le contenu<\/a><\/p>\n<p class=\" wall-content\">Une raie pastenague (Dasyatis pastinaca) est venue s\u2019aventurer un peu trop pr\u00e8s des baigneurs. L\u2019esp\u00e8ce est notamment r\u00e9put\u00e9e pour sa piq\u00fbre tr\u00e8s douloureuse. Elle \u00ab\u2009peut provoquer <strong>des troubles neurologiques graves chez des sujets fragiles<\/strong>\u2009: enfants, femmes enceintes, personnes \u00e2g\u00e9es ou pr\u00e9sentant des probl\u00e8mes de sant\u00e9 [cardiaques]\u2009\u00bb, alertait la pr\u00e9fecture voisine du Var en 2018, suite \u00e0 plusieurs visites sur ses c\u00f4tes.<\/p>\n<p class=\" wall-content\">\n<p class=\" wall-content\">La raie pastenague poss\u00e8de en effet <strong>un dard arm\u00e9 de crochets<\/strong> pouvant injecter un venin aux propri\u00e9t\u00e9s h\u00e9molytiques et neurotoxiques.<\/p>\n<p>Elle peut attaquer en cas de menace<\/p>\n<p class=\" wall-content\">Aucune blessure n\u2019a heureusement \u00e9t\u00e9 d\u00e9plor\u00e9e. L\u2019esp\u00e8ce n\u2019est pas agressive et n\u2019attaque que si elle se sent menac\u00e9e, lorsqu\u2019on marche dessus notamment <strong>(la plupart des piq\u00fbres sont constat\u00e9es sur les membres inf\u00e9rieurs)<\/strong>.<\/p>\n<blockquote class=\"ac-article-quote wall-content\">\n<p>La pastenague est craintive et discr\u00e8te, il ne faut pas l&#8217;emb\u00eater, les fermetures sont l\u00e0 pour emp\u00eacher qu&rsquo;on aille la mettre en danger et qu&rsquo;elle ait alors un r\u00e9flexe de d\u00e9fense. Il faut vraiment la diff\u00e9rencier des autres esp\u00e8ces.<\/p>\n<p>    <strong>Herv\u00e9 Menchon<\/strong>\n            <\/p><\/blockquote>\n<p class=\" wall-content\">Vendredi apr\u00e8s-midi, la plage a pu rouvrir quelques heures plus tard, apr\u00e8s son d\u00e9part vers le large. Mais, rebelote, ce samedi 2\u00a0ao\u00fbt. Le m\u00eame sp\u00e9cimen ou un autre est revenu et \u00e0 m\u00eame n\u00e9cessit\u00e9 l\u2019intervention du Bataillon des marins-Pompiers. La baignade a \u00e9t\u00e9 interdite de 10h30 \u00e0 11h40, pr\u00e9cise Herv\u00e9 Menchon \u00e0 actu Marseille.<\/p>\n<p>Pr\u00e8s du bord pour mettre bas\u2009?<\/p>\n<p class=\" wall-content\">Mais alors pourquoi ces visites \u00e0 r\u00e9p\u00e9tition\u2009? Serait-il possible que ces animaux s\u2019approchent du bord pour mettre bas\u2009? \u00ab\u2009Il n\u2019y a pas de preuve, mais <strong>c\u2019est possible vu le cycle de l\u2019animal<\/strong>\u2009\u00bb, explique l\u2019\u00e9lu, \u00e9galement d\u00e9l\u00e9gu\u00e9 \u00e0 la biodiversit\u00e9.<\/p>\n<p class=\" wall-content\">Lui se r\u00e9jouit en tout cas que la \u00ab\u2009mer soit vivante\u2009\u00bb.<\/p>\n<p class=\" wall-content\">\u00ab\u2009Ces visiteuses nous montrent aussi, d\u2019une certaine mani\u00e8re, que <strong>la biodiversit\u00e9 marine reprend sa place dans la rade de Marseille,<\/strong> m\u00eame en p\u00e9riode baln\u00e9aire, ce qui est plut\u00f4t une excellente nouvelle\u2009\u00bb, avait-il d\u00e9j\u00e0 expliqu\u00e9 \u00e0 actu Marseille, apr\u00e8s la venue, d\u00e9j\u00e0 \u00e0 la mi-juin, de raies sur les plages du Prado. Il s\u2019agissait alors, selon les observateurs de pastenague ou plut\u00f4t de mobula, une autre esp\u00e8ce prot\u00e9g\u00e9e.<\/p>\n<p class=\" wall-content\">En tout cas, il y a des r\u00e8gles \u00e0 respecter en cas d\u2019observation, rappelle l\u2019adjoint au maire\u2009: \u00ab\u2009ne pas approcher ni toucher la raie, notamment au niveau de sa queue venimeuse\u2009\u00bb et <strong>\u00ab\u2009signaler sa pr\u00e9sence aux postes de secours sur la plage\u2009\u00bb.<\/strong><\/p>\n<p class=\" wall-content\">Suivez toute l\u2019actualit\u00e9 de vos villes et m\u00e9dias favoris en vous inscrivant \u00e0 <a href=\"https:\/\/moncompte.actu.fr\" title=\"D\u00e9couvez Mon Actu\" rel=\"nofollow noopener\" data-trk=\"{&quot;cta&quot;:{&quot;action&quot;:&quot;https:\\\/\\\/moncompte.actu.fr&quot;,&quot;category&quot;:&quot;mon compte&quot;,&quot;from&quot;:&quot;article footer&quot;,&quot;name&quot;:&quot;Mon actu&quot;,&quot;type&quot;:&quot;cta&quot;}}\" target=\"_blank\">Mon Actu<\/a>.<\/p>\n","protected":false},"excerpt":{"rendered":"Par Fabien Binacchi Publi\u00e9 le 3 ao\u00fbt 2025 \u00e0 11h54 Il s\u2019est approch\u00e9 tr\u00e8s pr\u00e8s du bord. Ce&hellip;\n","protected":false},"author":2,"featured_media":293987,"comment_status":"","ping_status":"","sticky":false,"template":"","format":"standard","meta":{"footnotes":""},"categories":[2814],"tags":[1111,11,1777,674,1011,27,884,12,8302,882,25,104],"class_list":{"0":"post-293986","1":"post","2":"type-post","3":"status-publish","4":"format-standard","5":"has-post-thumbnail","7":"category-marseille","8":"tag-actu","9":"tag-actualites","10":"tag-eu","11":"tag-europe","12":"tag-fr","13":"tag-france","14":"tag-marseille","15":"tag-news","16":"tag-plages","17":"tag-provence-alpes-cote-dazur","18":"tag-republique-francaise","19":"tag-societe"},"share_on_mastodon":{"url":"https:\/\/pubeurope.com\/@fr\/114965954206334709","error":""},"_links":{"self":[{"href":"https:\/\/www.europesays.com\/fr\/wp-json\/wp\/v2\/posts\/293986","targetHints":{"allow":["GET"]}}],"collection":[{"href":"https:\/\/www.europesays.com\/fr\/wp-json\/wp\/v2\/posts"}],"about":[{"href":"https:\/\/www.europesays.com\/fr\/wp-json\/wp\/v2\/types\/post"}],"author":[{"embeddable":true,"href":"https:\/\/www.europesays.com\/fr\/wp-json\/wp\/v2\/users\/2"}],"replies":[{"embeddable":true,"href":"https:\/\/www.europesays.com\/fr\/wp-json\/wp\/v2\/comments?post=293986"}],"version-history":[{"count":0,"href":"https:\/\/www.europesays.com\/fr\/wp-json\/wp\/v2\/posts\/293986\/revisions"}],"wp:featuredmedia":[{"embeddable":true,"href":"https:\/\/www.europesays.com\/fr\/wp-json\/wp\/v2\/media\/293987"}],"wp:attachment":[{"href":"https:\/\/www.europesays.com\/fr\/wp-json\/wp\/v2\/media?parent=293986"}],"wp:term":[{"taxonomy":"category","embeddable":true,"href":"https:\/\/www.europesays.com\/fr\/wp-json\/wp\/v2\/categories?post=293986"},{"taxonomy":"post_tag","embeddable":true,"href":"https:\/\/www.europesays.com\/fr\/wp-json\/wp\/v2\/tags?post=293986"}],"curies":[{"name":"wp","href":"https:\/\/api.w.org\/{rel}","templated":true}]}}