{"id":293990,"date":"2025-08-03T17:15:13","date_gmt":"2025-08-03T17:15:13","guid":{"rendered":"https:\/\/www.europesays.com\/fr\/293990\/"},"modified":"2025-08-03T17:15:13","modified_gmt":"2025-08-03T17:15:13","slug":"ce-feu-tricolore-sans-intersection-desespere-les-automobilistes","status":"publish","type":"post","link":"https:\/\/www.europesays.com\/fr\/293990\/","title":{"rendered":"ce feu tricolore sans intersection d\u00e9sesp\u00e8re les automobilistes"},"content":{"rendered":"<p>Une longue file de v\u00e9hicules s\u2019\u00e9tire en ce matin de semaine. On se trouve ici sur la bretelle qui m\u00e8ne du boulevard des Tch\u00e9coslovaques au cours Gambetta, dans le 7e arrondissement, devant la cit\u00e9 scolaire Chevreul-Lestonnac, face \u00e0 la Manufacture des Tabacs. La cause de cet embouteillage ? Pas de travaux, <a href=\"https:\/\/www.leprogres.fr\/transport\/2025\/07\/21\/quels-sont-les-chantiers-qui-se-terminent-cet-ete-dans-la-metropole-de-lyon\" target=\"_blank\" rel=\"noopener\">comme c\u2019est le cas un peu partout dans la ville<\/a> , mais un feu tricolore. Un feu ou plut\u00f4t deux \u00e0 la suite, distants de 40 m\u00e8tres.<\/p>\n<p>Si le second permet de r\u00e9guler la circulation du carrefour entre <a href=\"https:\/\/www.leprogres.fr\/transport\/2023\/03\/24\/travaux-sur-le-tunnel-des-tchecoslovaques-circulation-perturbee-jusqu-a-l-ete\" target=\"_blank\" rel=\"noopener\">le boulevard des Tch\u00e9coslovaques<\/a> et les cours Gambetta et Albert-Thomas, le premier, en revanche, on ne sait pas vraiment \u00e0 quoi il sert&#8230;.<\/p>\n","protected":false},"excerpt":{"rendered":"Une longue file de v\u00e9hicules s\u2019\u00e9tire en ce matin de semaine. On se trouve ici sur la bretelle&hellip;\n","protected":false},"author":2,"featured_media":293991,"comment_status":"","ping_status":"","sticky":false,"template":"","format":"standard","meta":{"footnotes":""},"categories":[1889],"tags":[1111,11,2430,3542,2757,1777,674,107,1011,27,2428,5947,5946,12,25,2429,104,2803],"class_list":{"0":"post-293990","1":"post","2":"type-post","3":"status-publish","4":"format-standard","5":"has-post-thumbnail","7":"category-lyon","8":"tag-actu","9":"tag-actualites","10":"tag-auvergne-rhone-alpes","11":"tag-circulation","12":"tag-edition-lyon-villeurbanne","13":"tag-eu","14":"tag-europe","15":"tag-fil-info","16":"tag-fr","17":"tag-france","18":"tag-lyon","19":"tag-lyon-7e","20":"tag-lyon-7e-arrondissement","21":"tag-news","22":"tag-republique-francaise","23":"tag-rhone","24":"tag-societe","25":"tag-transport"},"share_on_mastodon":{"url":"https:\/\/pubeurope.com\/@fr\/114965965880070394","error":""},"_links":{"self":[{"href":"https:\/\/www.europesays.com\/fr\/wp-json\/wp\/v2\/posts\/293990","targetHints":{"allow":["GET"]}}],"collection":[{"href":"https:\/\/www.europesays.com\/fr\/wp-json\/wp\/v2\/posts"}],"about":[{"href":"https:\/\/www.europesays.com\/fr\/wp-json\/wp\/v2\/types\/post"}],"author":[{"embeddable":true,"href":"https:\/\/www.europesays.com\/fr\/wp-json\/wp\/v2\/users\/2"}],"replies":[{"embeddable":true,"href":"https:\/\/www.europesays.com\/fr\/wp-json\/wp\/v2\/comments?post=293990"}],"version-history":[{"count":0,"href":"https:\/\/www.europesays.com\/fr\/wp-json\/wp\/v2\/posts\/293990\/revisions"}],"wp:featuredmedia":[{"embeddable":true,"href":"https:\/\/www.europesays.com\/fr\/wp-json\/wp\/v2\/media\/293991"}],"wp:attachment":[{"href":"https:\/\/www.europesays.com\/fr\/wp-json\/wp\/v2\/media?parent=293990"}],"wp:term":[{"taxonomy":"category","embeddable":true,"href":"https:\/\/www.europesays.com\/fr\/wp-json\/wp\/v2\/categories?post=293990"},{"taxonomy":"post_tag","embeddable":true,"href":"https:\/\/www.europesays.com\/fr\/wp-json\/wp\/v2\/tags?post=293990"}],"curies":[{"name":"wp","href":"https:\/\/api.w.org\/{rel}","templated":true}]}}