{"id":293992,"date":"2025-08-03T17:17:10","date_gmt":"2025-08-03T17:17:10","guid":{"rendered":"https:\/\/www.europesays.com\/fr\/293992\/"},"modified":"2025-08-03T17:17:10","modified_gmt":"2025-08-03T17:17:10","slug":"pagaille-a-venir-sur-la-francilienne-braquages-en-serie-templiers-lactu-de-la-semaine-en-seine-et-marne","status":"publish","type":"post","link":"https:\/\/www.europesays.com\/fr\/293992\/","title":{"rendered":"Pagaille \u00e0 venir sur la Francilienne, braquages en s\u00e9rie, Templiers&#8230; l&rsquo;actu de la semaine en Seine-et-Marne"},"content":{"rendered":"<p>            Par<br \/>\n        <strong><br \/>\n            <a href=\"https:\/\/actu.fr\/auteur\/maxime-berthelot\" title=\"Consulter tous les articles de Maxime Berthelot\" rel=\"nofollow noopener\" target=\"_blank\">Maxime Berthelot<\/a><br \/>\n        <\/strong><\/p>\n<p>        Publi\u00e9 le<\/p>\n<p>            3 ao\u00fbt 2025 \u00e0 18h59        <\/p>\n<p>Que s\u2019est-il pass\u00e9 cette semaine en <a href=\"https:\/\/actu.fr\/ile-de-france\/seine-et-marne_77\" rel=\"nofollow noopener\" target=\"_blank\">Seine-et-Marne<\/a> ? Voici <strong>l\u2019essentiel des infos<\/strong> qu\u2019il ne fallait pas manquer entre <strong>le 28 juillet et le 3 ao\u00fbt 2025.<\/strong><\/p>\n<p>Lundi 28 juillet 2025<\/p>\n<p class=\"expresso-item wall-content\"><a title=\"Lire l&#039;article\" href=\"https:\/\/actu.fr\/ile-de-france\/dammarie-les-lys_77152\/seine-et-marne-braquage-dune-bijouterie-dans-un-centre-commercial-en-pleine-matinee_62969330.html\" rel=\"nofollow noopener\" target=\"_blank\"><strong>Seine-et-Marne : braquage d\u2019une bijouterie dans un centre commercial, en pleine matin\u00e9e<\/strong><\/a><br \/>La bijouterie Histoire d\u2019Or, \u00e0 Dammarie-l\u00e8s-Lys, a \u00e9t\u00e9 braqu\u00e9e par trois hommes encagoul\u00e9s et arm\u00e9s. Le butin est estim\u00e9 \u00e0 40 000 \u20ac.<\/p>\n<p class=\"expresso-item wall-content\"><a title=\"Lire l&#039;article\" href=\"https:\/\/actu.fr\/ile-de-france\/noisy-sur-ecole_77339\/cocaine-ecstasy-lsd-plus-de-80-amendes-dressees-pour-stupefiant-lors-de-la-rave-party-en-seine-et-marne_62963303.html\" rel=\"nofollow noopener\" target=\"_blank\"><strong>Coca\u00efne, ecstasy, LSD\u2026 plus de 80 amendes dress\u00e9es pour stup\u00e9fiant lors de la rave-party en Seine-et-Marne<\/strong><\/a><br \/>Tout le week-end, pr\u00e8s de 300 personnes ont particip\u00e9 \u00e0 une rave-party dans le sud de la Seine-et-Marne. Plusieurs participants ont \u00e9t\u00e9 verbalis\u00e9s pour d\u00e9tention de drogue.<\/p>\n<p class=\"expresso-item wall-content\"><a title=\"Lire l&#039;article\" href=\"https:\/\/actu.fr\/ile-de-france\/savigny-le-temple_77445\/seine-et-marne-fabrice-milite-contre-les-pesticides-depuis-la-mort-de-son-epouse-decedee-dun-cancer_62964639.html\" rel=\"nofollow noopener\" target=\"_blank\"><strong>Seine-et-Marne : Fabrice milite contre les pesticides depuis la mort de son \u00e9pouse, d\u00e9c\u00e9d\u00e9e d\u2019un cancer<\/strong><\/a><br \/>Fabrice Subirada, qui vit \u00e0 Savigny-le-Temple, a perdu son \u00e9pouse, d\u00e9c\u00e9d\u00e9e d\u2019un cancer vraisemblablement d\u00fb aux pesticides. Il milite pour une agriculture plus vertueuse.<\/p>\n<p>Mardi 29 juillet 2025<\/p>\n<p class=\"expresso-item wall-content\"><a title=\"Lire l&#039;article\" href=\"https:\/\/actu.fr\/ile-de-france\/le-vaudoue_77485\/seine-et-marne-cette-chapelle-templiere-cachee-en-foret-tresor-medieval-poursuit-sa-renaissance_62972812.html\" rel=\"nofollow noopener\" target=\"_blank\"><strong>Seine-et-Marne. Cette chapelle templi\u00e8re cach\u00e9e en for\u00eat, tr\u00e9sor m\u00e9di\u00e9val, poursuit sa renaissance<\/strong><\/a><br \/>La chapelle de Fourches reste un tr\u00e9sor fragile. Les b\u00e9n\u00e9voles redoublent d\u2019efforts pour \u00e9viter qu\u2019elle ne retombe dans l\u2019oubli et de nouveaux travaux ont \u00e9t\u00e9 entrepris.<\/p>\n<p class=\"expresso-item wall-content\"><a title=\"Lire l&#039;article\" href=\"https:\/\/actu.fr\/ile-de-france\/fontainebleau_77186\/fontainebleau-une-premiere-pierre-posee-pour-un-chantier-colossal_62965142.html\" rel=\"nofollow noopener\" target=\"_blank\"><strong>Fontainebleau : une premi\u00e8re pierre pos\u00e9e pour un chantier colossal<\/strong><\/a><br \/>Le chantier de la nouvelle \u00e9cole Lagorsse est lanc\u00e9. Un projet qui se veut structurant, \u00e9cologique mais aussi moderne. La fin des travaux est pr\u00e9vue pour 2027.<\/p>\n<p class=\"expresso-item wall-content\"><a title=\"Lire l&#039;article\" href=\"https:\/\/actu.fr\/ile-de-france\/melun_77288\/tu-veux-travailler-jusqua-quel-age-a-melun-michele-81-ans-est-toujours-libraire-et-compte-le-rester_62971242.html\" rel=\"nofollow noopener\" target=\"_blank\"><strong>\u00abTu veux travailler jusqu\u2019\u00e0 quel \u00e2ge ?\u00bb : \u00e0 Melun, Mich\u00e8le, 81 ans, est toujours libraire et compte le rester<\/strong><\/a><br \/>Mich\u00e8le Bailly, 81 ans, est libraire \u00e0 la Fnac de Melun. Malgr\u00e9 ses 63 ans de carri\u00e8re, elle n\u2019envisage pas la retraite, et garde la m\u00eame passion qu\u2019\u00e0 ses d\u00e9buts.<\/p>\n<p>Mercredi 30 juillet 2025<\/p>\n<p class=\"expresso-item wall-content\"><a title=\"Lire l&#039;article\" href=\"https:\/\/actu.fr\/ile-de-france\/serris_77449\/en-seine-et-marne-il-vole-une-veste-dune-grande-enseigne-de-luxe-et-ressort-avec-une-oqtf_62974129.html\" rel=\"nofollow noopener\" target=\"_blank\"><strong>En Seine-et-Marne, il vole une veste d\u2019une grande enseigne de luxe et ressort avec une OQTF<\/strong><\/a><br \/>L\u2019homme a \u00e9t\u00e9 interpell\u00e9 alors qu\u2019il d\u00e9robait une veste appartenant \u00e0 une grande enseigne de luxe et d\u2019une grande valeur.<\/p>\n<p class=\"expresso-item wall-content\"><a title=\"Lire l&#039;article\" href=\"https:\/\/actu.fr\/ile-de-france\/quincy-voisins_77382\/dans-cette-commune-de-seine-et-marne-des-pannes-de-fibre-a-repetitions-perturbent-la-vie-des-habitants_62973322.html\" rel=\"nofollow noopener\" target=\"_blank\"><strong>Dans cette commune de Seine-et-Marne, des pannes de fibre \u00e0 r\u00e9p\u00e9titions perturbent la vie des habitants<\/strong><\/a><br \/>Les habitants et commer\u00e7ants de Quincy-Voisins rencontrent des d\u00e9faillances du r\u00e9seau fibre, avec des coupures incessantes. Ils n\u2019en peuvent plus de cette situation.<\/p>\n<p class=\"expresso-item wall-content\"><a title=\"Lire l&#039;article\" href=\"https:\/\/actu.fr\/ile-de-france\/bailly-romainvilliers_77018\/contournement-du-peage-de-la4-en-seine-et-marne-les-travaux-de-la-seconde-partie-se-font-attendre_62966717.html\" rel=\"nofollow noopener\" target=\"_blank\"><strong>Contournement du p\u00e9age de l\u2019A4 : en Seine-et-Marne, les travaux de la seconde partie se font attendre<\/strong><\/a><br \/>En service depuis plusieurs mois, la premi\u00e8re partie du demi-barreau de contournement de l\u2019A4 a \u00e9t\u00e9 inaugur\u00e9. Mais la question qui reste en suspens est : \u00e0 quand la 2e partie ?<\/p>\n<p>Jeudi 31 juillet 2025<\/p>\n<p class=\"expresso-item wall-content\"><a title=\"Lire l&#039;article\" href=\"https:\/\/actu.fr\/ile-de-france\/nemours_77333\/seine-et-marne-on-ne-les-laissera-pas-faire-un-nouveau-projet-deoliennes-fait-deja-debat_62972740.html\" rel=\"nofollow noopener\" target=\"_blank\"><strong>Seine-et-Marne. \u00ab On ne les laissera pas faire \u00bb : un nouveau projet d\u2019\u00e9oliennes fait d\u00e9j\u00e0 d\u00e9bat<\/strong><\/a><br \/>Un nouveau projet de parc \u00e9olien suscite une vive opposition dans le village de Chevry. Habitants, associations et \u00e9lus ont fait part de leur opposition en r\u00e9union publique.<\/p>\n<p class=\"expresso-item wall-content\"><a title=\"Lire l&#039;article\" href=\"https:\/\/actu.fr\/ile-de-france\/bailly-romainvilliers_77018\/en-seine-et-marne-une-fillette-de-cinq-ans-decede-apres-une-baignade-a-village-nature_62985435.html\" rel=\"nofollow noopener\" target=\"_blank\"><strong>En Seine-et-Marne, une fillette de cinq ans d\u00e9c\u00e8de apr\u00e8s une baignade \u00e0 Village nature<\/strong><\/a><br \/>L\u2019intervention des pompiers et des ma\u00eetres nageurs sur place n\u2019auront pas suffi \u00e0 sauver la petite fille.<\/p>\n<p class=\"expresso-item wall-content\"><a title=\"Lire l&#039;article\" href=\"https:\/\/actu.fr\/ile-de-france\/faremoutiers_77176\/dechets-sauvages-cette-foret-de-seine-et-marne-transformee-en-decharge-publique-provoque-la-colere_62978180.html\" rel=\"nofollow noopener\" target=\"_blank\"><strong>D\u00e9chets sauvages : cette for\u00eat de Seine-et-Marne transform\u00e9e en d\u00e9charge publique provoque la col\u00e8re<\/strong><\/a><br \/>Carcasses, gravats, ordures\u2026 Cette for\u00eat est envahie par les d\u00e9chets sauvages. Une pollution qui pousse une riveraine au coup de gueule alors que l\u2019ONF semble impuissante.<\/p>\n<p>Vendredi 1er ao\u00fbt 2025<\/p>\n<p class=\"expresso-item wall-content\"><a title=\"Lire l&#039;article\" href=\"https:\/\/actu.fr\/societe\/foret-de-fontainebleau-face-au-surtourisme-le-sentir-des-25-bosses-risque-de-disparaitre_62990514.html\" rel=\"nofollow noopener\" target=\"_blank\"><strong>For\u00eat de Fontainebleau: face au surtourisme, le sentier des 25 bosses risque de dispara\u00eetre<\/strong><\/a><br \/>L\u2019ONF lance une campagne de sensibilisation contre l\u2019\u00e9rosion des sols dans la for\u00eat d\u00fb notamment au surtourisme du sentier mythique des \u00ab\u00a025 bosses\u00a0\u00bb.<\/p>\n<p class=\"expresso-item wall-content\"><a title=\"Lire l&#039;article\" href=\"https:\/\/actu.fr\/ile-de-france\/brie-comte-robert_77053\/seine-et-marne-avec-418-g-dans-le-sang-lautomobiliste-avait-provoque-un-accident-corporel_62988573.html\" rel=\"nofollow noopener\" target=\"_blank\"><strong>Seine-et-Marne : avec 4,18 g dans le sang, l\u2019automobiliste avait provoqu\u00e9 un grave accident<\/strong><\/a><br \/>Un homme de 40\u00a0ans a \u00e9t\u00e9 condamn\u00e9 pour avoir provoqu\u00e9 un accident corporel de la circulation \u00e0 Brie-Comte-Robert, alors qu\u2019il \u00e9tait en \u00e9tat d\u2019ivresse avanc\u00e9e.<\/p>\n<p class=\"expresso-item wall-content\"><a title=\"Lire l&#039;article\" href=\"https:\/\/actu.fr\/ile-de-france\/la-ferte-sous-jouarre_77183\/bientot-un-cinema-dans-cette-ville-de-seine-et-marne_62961838.html\" rel=\"nofollow noopener\" target=\"_blank\"><strong>Bient\u00f4t un cin\u00e9ma dans cette ville de Seine-et-Marne ?<\/strong><\/a><br \/>Ce 16 juillet 2025, le projet d\u2019un cin\u00e9ma \u00e0 La Fert\u00e9-sous-Jouarre (Seine-et-Marne), en lien avec l\u2019Agglom\u00e9ration, l\u2019exploitant Antoine Cabot et la Ville a \u00e9t\u00e9 officiellement lanc\u00e9.<\/p>\n<p>Samedi 2 ao\u00fbt 2025<\/p>\n<p class=\"expresso-item wall-content\"><a title=\"Lire l&#039;article\" href=\"https:\/\/actu.fr\/ile-de-france\/meaux_77284\/seine-et-marne-on-en-voit-de-plus-en-plus-en-voiture-cette-infraction-invisible-vous-coutera-une-amende_62992961.html\" rel=\"nofollow noopener\" target=\"_blank\"><strong>Seine-et-Marne. \u00ab\u00a0On en voit de plus en plus\u00a0\u00bb : en voiture, cette infraction invisible vous co\u00fbtera une amende<\/strong><\/a><br \/>Le 2 ao\u00fbt 2025, lors du chass\u00e9-crois\u00e9 des vacances, la gendarmerie a men\u00e9 un contr\u00f4le sur plusieurs routes de secteur. Des plaques d\u2019immatriculation non conformes ont \u00e9t\u00e9 relev\u00e9es.<\/p>\n<p class=\"expresso-item wall-content\"><a title=\"Lire l&#039;article\" href=\"https:\/\/actu.fr\/ile-de-france\/melun_77288\/seine-et-marne-un-magasin-sfr-victime-dun-braquage-a-main-armee-40-telephones-voles_62993378.html\" rel=\"nofollow noopener\" target=\"_blank\"><strong>Seine-et-Marne : un magasin SFR victime d\u2019un braquage \u00e0 main arm\u00e9e, 40 t\u00e9l\u00e9phones vol\u00e9s<\/strong><\/a><br \/>Le samedi 2\u00a0ao\u00fbt 2025, le magasin SFR de Melun, situ\u00e9 rue Ren\u00e9-Pouteau, a \u00e9t\u00e9 victime d\u2019un braquage \u00e0 main arm\u00e9e. Trois individus ont d\u00e9rob\u00e9 plusieurs dizaines de t\u00e9l\u00e9phones.<\/p>\n<p>Dimanche 3 ao\u00fbt 2025<\/p>\n<p class=\"expresso-item wall-content\"><a title=\"Lire l&#039;article\" href=\"https:\/\/actu.fr\/ile-de-france\/saint-ouen-en-brie_77428\/seine-et-marne-pres-de-40-maisons-concernees-bientot-des-travaux-face-aux-inondations-dues-au-ru-dancoeur_62980187.html\" rel=\"nofollow noopener\" target=\"_blank\"><strong>Seine-et-Marne. \u00ab\u00a0Pr\u00e8s de 40 maisons concern\u00e9es\u00a0\u00bb : bient\u00f4t des travaux face aux inondations dues au ru d\u2019Anc\u0153ur<\/strong><\/a><br \/>Dans les prochains mois, la mairie de Saint-Ouen-en-Brie et le syndicat SM4VB vont proc\u00e9der \u00e0 plusieurs am\u00e9nagements visant \u00e0 r\u00e9guler le d\u00e9bit du ru d\u2019Anc\u0153ur et contenir ses crues.<\/p>\n<p class=\"expresso-item wall-content\"><a title=\"Lire l&#039;article\" href=\"https:\/\/actu.fr\/ile-de-france\/pontault-combault_77373\/seine-et-marne-fermeture-des-voies-24h-24-deviations-un-mois-de-galere-sur-la-francilienne_62991373.html\" rel=\"nofollow noopener\" target=\"_blank\"><strong>Seine-et-Marne : fermeture des voies 24h\/24, d\u00e9viations\u2026 un mois de gal\u00e8re sur la Francilienne !<\/strong><\/a><br \/>A partir de ce lundi 4 ao\u00fbt, les services de la Dirif, vont lancer des travaux d\u2019envergure sur une portion de la Francilienne, allant de Pontault-Combault \u00e0 Evry-Gr\u00e9gy.\u00a0<\/p>\n<p class=\" wall-content\">Suivez toute l\u2019actualit\u00e9 de vos villes et m\u00e9dias favoris en vous inscrivant \u00e0 <a href=\"https:\/\/moncompte.actu.fr\" title=\"D\u00e9couvez Mon Actu\" rel=\"nofollow noopener\" data-trk=\"{&quot;cta&quot;:{&quot;action&quot;:&quot;https:\\\/\\\/moncompte.actu.fr&quot;,&quot;category&quot;:&quot;mon compte&quot;,&quot;from&quot;:&quot;article footer&quot;,&quot;name&quot;:&quot;Mon actu&quot;,&quot;type&quot;:&quot;cta&quot;}}\" target=\"_blank\">Mon Actu<\/a>.<\/p>\n","protected":false},"excerpt":{"rendered":"Par Maxime Berthelot Publi\u00e9 le 3 ao\u00fbt 2025 \u00e0 18h59 Que s\u2019est-il pass\u00e9 cette semaine en Seine-et-Marne ?&hellip;\n","protected":false},"author":2,"featured_media":293993,"comment_status":"","ping_status":"","sticky":false,"template":"","format":"standard","meta":{"footnotes":""},"categories":[1592],"tags":[1111,11,1777,674,1011,27,21423,662,43289,12,626,1072,25,104],"class_list":{"0":"post-293992","1":"post","2":"type-post","3":"status-publish","4":"format-standard","5":"has-post-thumbnail","7":"category-ile-de-france","8":"tag-actu","9":"tag-actualites","10":"tag-eu","11":"tag-europe","12":"tag-fr","13":"tag-france","14":"tag-francilienne","15":"tag-ile-de-france","16":"tag-n104","17":"tag-news","18":"tag-paris","19":"tag-police","20":"tag-republique-francaise","21":"tag-societe"},"share_on_mastodon":{"url":"https:\/\/pubeurope.com\/@fr\/114965974282529325","error":""},"_links":{"self":[{"href":"https:\/\/www.europesays.com\/fr\/wp-json\/wp\/v2\/posts\/293992","targetHints":{"allow":["GET"]}}],"collection":[{"href":"https:\/\/www.europesays.com\/fr\/wp-json\/wp\/v2\/posts"}],"about":[{"href":"https:\/\/www.europesays.com\/fr\/wp-json\/wp\/v2\/types\/post"}],"author":[{"embeddable":true,"href":"https:\/\/www.europesays.com\/fr\/wp-json\/wp\/v2\/users\/2"}],"replies":[{"embeddable":true,"href":"https:\/\/www.europesays.com\/fr\/wp-json\/wp\/v2\/comments?post=293992"}],"version-history":[{"count":0,"href":"https:\/\/www.europesays.com\/fr\/wp-json\/wp\/v2\/posts\/293992\/revisions"}],"wp:featuredmedia":[{"embeddable":true,"href":"https:\/\/www.europesays.com\/fr\/wp-json\/wp\/v2\/media\/293993"}],"wp:attachment":[{"href":"https:\/\/www.europesays.com\/fr\/wp-json\/wp\/v2\/media?parent=293992"}],"wp:term":[{"taxonomy":"category","embeddable":true,"href":"https:\/\/www.europesays.com\/fr\/wp-json\/wp\/v2\/categories?post=293992"},{"taxonomy":"post_tag","embeddable":true,"href":"https:\/\/www.europesays.com\/fr\/wp-json\/wp\/v2\/tags?post=293992"}],"curies":[{"name":"wp","href":"https:\/\/api.w.org\/{rel}","templated":true}]}}