{"id":293994,"date":"2025-08-03T17:18:12","date_gmt":"2025-08-03T17:18:12","guid":{"rendered":"https:\/\/www.europesays.com\/fr\/293994\/"},"modified":"2025-08-03T17:18:12","modified_gmt":"2025-08-03T17:18:12","slug":"les-vlogs-daout-de-lena-situations-de-retour-pour-une-saison-9-cinq-minutes-pour-comprendre-le-phenomene","status":"publish","type":"post","link":"https:\/\/www.europesays.com\/fr\/293994\/","title":{"rendered":"Les \u00ab\u00a0vlogs d\u2019ao\u00fbt\u00a0\u00bb de Lena Situations de retour pour une saison 9\u00a0: cinq minutes pour comprendre le ph\u00e9nom\u00e8ne"},"content":{"rendered":"<p class=\"paragraph text_align_left lp-f-body-02\">Second livre \u00e0 la rentr\u00e9e, retour de son podcast \u00ab Canap\u00e9 six places \u00bb, nouvelle collection de sa marque \u00ab H\u00f4tel Mahfouf \u00bb\u2026 <a href=\"https:\/\/www.leparisien.fr\/culture-loisirs\/cinema\/lena-mahfouf-va-faire-ses-debuts-au-cinema-dans-un-film-dhorreur-28-05-2025-MECZLRRWKRBRPIMSEDSDGXEGGU.php\" target=\"_blank\" rel=\"noreferrer nofollow noopener\">Lena Situations<\/a>, de son vrai nom Lena Mahfouf, encha\u00eene les annonces en cette saison estivale. Mais ce qui \u00e9tait particuli\u00e8rement attendu par ses abonn\u00e9s, c\u2019est le retour de <a href=\"https:\/\/www.leparisien.fr\/culture-loisirs\/tu-sauves-mes-mois-daout-chaque-annee-les-vlogs-de-lena-situations-de-fideles-compagnons-estivaux-30-07-2024-LNJR73WKRRAM7DFVGI7PAXLNCA.php\" target=\"_blank\" rel=\"noreferrer nofollow noopener\">ses c\u00e9l\u00e8bres \u00ab vlogs d\u2019ao\u00fbt \u00bb<\/a>.<\/p>\n<p class=\"paragraph text_align_left lp-f-body-02\">Cette ann\u00e9e, pour annoncer le retour de ses vid\u00e9os, la youtubeuse aux trois millions d\u2019abonn\u00e9s a imagin\u00e9 une bande-annonce reprenant les codes de <a href=\"https:\/\/www.leparisien.fr\/culture-loisirs\/series\/la-saga-des-series-desperate-housewives-des-meres-pas-si-parfaites-26-08-2021-XORHURLWR5FLBJDM7BI3N7B22M.php\" target=\"_blank\" rel=\"noreferrer nofollow noopener\">la s\u00e9rie \u00ab Desperate Housewives \u00bb<\/a>. <\/p>\n<p class=\"paragraph text_align_left lp-f-body-02\">Retour sur un concept \u00e0 l\u2019origine de son succ\u00e8s.<\/p>\n<p>C\u2019est quoi le principe des \u00ab vlogs d\u2019ao\u00fbt \u00bb ?<\/p>\n<p class=\"paragraph text_align_left lp-f-body-02\">\u00ab Les vlogs d\u2019ao\u00fbt, c\u2019est une s\u00e9rie de vid\u00e9os que publie Lena Situations chaque \u00e9t\u00e9 pendant le mois d\u2019ao\u00fbt. \u00bb Pour sa neuvi\u00e8me saison, la cr\u00e9atrice de contenus a fait appel \u00e0 <a href=\"https:\/\/www.leparisien.fr\/sciences\/bienvenue-dans-le-monde-de-jamy-le-monsieur-sciences-du-paf-20-01-2023-CDXIQSEEFRCKVOJOV3QRDNEE4U.php\" target=\"_blank\" rel=\"noreferrer nofollow noopener\">Jamy Gourmaud<\/a> pour expliquer son concept. \u00c0 la mani\u00e8re de l\u2019\u00e9mission \u00ab C\u2019est pas sorcier \u00bb.<\/p>\n<p class=\"paragraph text_align_left lp-f-body-02\">Depuis 2016, Lena Mahfouf publie sur sa cha\u00eene YouTube une vid\u00e9o par jour d\u2019une dur\u00e9e de vingt minutes en moyenne pendant tout le mois d\u2019ao\u00fbt. L\u2019objectif ? Filmer son quotidien et ses vacances avec sa bande de potes en toute simplicit\u00e9. Mont\u00e9e dans la nuit, la vid\u00e9o est publi\u00e9e le lendemain \u00e0 20h50.<\/p>\n<p>Qu\u2019est-ce qu\u2019on y trouve ?<\/p>\n<p class=\"paragraph text_align_left lp-f-body-02\">Depuis la premi\u00e8re saison, les vlogs d\u2019ao\u00fbt ont bien \u00e9volu\u00e9. Au d\u00e9part film\u00e9es dans sa chambre chez ses parents, les premi\u00e8res \u00e9ditions pr\u00e9sentaient ses vacances avec ses amis d\u2019enfance, dont Solene, devenue un personnage incontournable de cette s\u00e9rie de vid\u00e9o.<\/p>\n<p class=\"paragraph text_align_left lp-f-body-02\">Chaque ann\u00e9e, avec sa \u00ab team \u00bb, la vid\u00e9aste de 27 ans part en voyage et narre ses aventures \u00e0 ses abonn\u00e9s. D\u00e9fis, sorties en tout genre\u2026 Chaque \u00e9t\u00e9 est marqu\u00e9 par des nouveaut\u00e9s et de nouveaux projets. <\/p>\n<p class=\"paragraph text_align_left lp-f-body-02\">Surtout, depuis cinq ans, Lena Mahfouf a cr\u00e9\u00e9 sa marque \u00ab H\u00f4tel Mahfouf \u00bb. Un nom \u00e0 travers lequel elle produit des collections de v\u00eatements, mais aussi des <a href=\"https:\/\/www.leparisien.fr\/paris-75\/paris-la-youtubeuse-lena-situations-ouvre-un-nouveau-pop-up-immersif-pour-la-saint-valentin-14-02-2025-IH4ZT7TDL5BY3HBMW7IYMMYC5Q.php\" target=\"_self\" rel=\"nofollow noopener\">\u00ab pop-up stores \u00bb, ou boutiques \u00e9ph\u00e9m\u00e8res<\/a>, qui inaugurent g\u00e9n\u00e9ralement le lancement de la nouvelle saison de vlogs.<\/p>\n<p>Quelles sont les nouveaut\u00e9s de la saison neuf ?<\/p>\n<p class=\"paragraph text_align_left lp-f-body-02\">Et \u00e7a n\u2019a pas manqu\u00e9 cette ann\u00e9e. L\u2019\u00ab h\u00f4tel Mahfouf \u00bb a de nouveau ouvert ses portes le 1er ao\u00fbt au beau milieu du bois de Vincennes, route de la Pyramide, \u00e0 Paris (XIIe). On s\u2019est rendu sur place pour l\u2019ouverture et on y a retrouv\u00e9 une file d\u2019attente ph\u00e9nom\u00e9nale. \u00ab On \u00e9tait s\u00fbrs qu\u2019il y aurait une nouvelle boutique \u00e9ph\u00e9m\u00e8re pour accompagner les vlogs. C\u2019est presque une tradition maintenant \u00bb, s\u2019enthousiasme Laura, 25 ans, qui suit Lena Situations depuis ses d\u00e9buts. <\/p>\n<p class=\"paragraph text_align_left lp-f-body-02\">Jardin immense, cabane \u00e0 livres, boutique de v\u00eatements ou stand de glace Amorino avec vue sur le parc floral\u2026 Les abonn\u00e9s ont d\u00e9couvert en avant-premi\u00e8re le lieu \u00e9ph\u00e9m\u00e8re que pr\u00e9sente la youtubeuse dans le premier \u00e9pisode de son vlog.<\/p>\n<p><img decoding=\"async\" class=\"image \" loading=\"lazy\" src=\"https:\/\/www.europesays.com\/fr\/wp-content\/uploads\/2025\/08\/HO2Q7NTHSJEVPAAI5L5LLRRSFQ.jpg\" alt=\"Le nouveau pop-up \u00abLe Jardin\u00bb de Lena Situations sera ouvert tout le mois d'ao\u00fbt au bois de Vincennes. LP\/Dina Bekhouche\" align=\"\" data-rubrique-principale=\"\" data-article-type=\"\" fetchpriority=\"auto\"\/>Le nouveau pop-up \u00abLe Jardin\u00bb de Lena Situations sera ouvert tout le mois d&rsquo;ao\u00fbt au bois de Vincennes. LP\/Dina Bekhouche<\/p>\n<p class=\"paragraph text_align_left lp-f-body-02\">Nouvelle saison, nouveau challenge. Dans ce premier \u00e9pisode, Lena annonce aussi son d\u00e9fi pour le mois d\u2019ao\u00fbt : courir un kilom\u00e8tre chaque jour. L\u2019objectif ? Participer \u00e0 la course de dix kilom\u00e8tres <a href=\"https:\/\/www.leparisien.fr\/etudiant\/sortir\/paris\/eve-la-parisienne-2025\/\" target=\"_blank\" rel=\"noreferrer nofollow noopener\">La Parisienne<\/a>, le 14 septembre. Pour couronner le tout, la marque Adidas a accept\u00e9 de donner 1 000 euros pour chaque kilom\u00e8tre couru. Tous les b\u00e9n\u00e9fices seront revers\u00e9s \u00e0 l\u2019association C\u00e9KeDuBonheur qui vient aide aux enfants et adolescents hospitalis\u00e9s.<\/p>\n<p>Qui sont les abonn\u00e9s aux vlogs d\u2019ao\u00fbt ?<\/p>\n<p class=\"paragraph text_align_left lp-f-body-02\">\u00ab I got no money\u2026 Well now I have some money \u00bb, nous chantent en ch\u0153ur S\u00e9bastien et Marius, venus d\u00e9couvrir le nouveau pop-up de Lena Situations. \u00ab Je n\u2019ai pas d\u2019argent\u2026 Enfin, maintenant j\u2019en ai. \u00bb Issues de la musique signature du g\u00e9n\u00e9rique des vid\u00e9os d\u2019ao\u00fbt, les paroles r\u00e9sument aussi l\u2019\u00e9volution de la nouvelle vedette du Web. <\/p>\n<p class=\"paragraph text_align_left lp-f-body-02\">\u00ab Ce qui me pla\u00eet, c\u2019est la sinc\u00e9rit\u00e9 de Lena. Elle ne cache rien \u00e0 ses abonn\u00e9s et, malgr\u00e9 son succ\u00e8s, on sent qu\u2019elle reste fid\u00e8le \u00e0 elle-m\u00eame \u00bb, poursuit Marius, qui repart de la boutique avec deux sacs remplis de \u00ab goodies \u00bb et un bouquet de fleurs offert.<\/p>\n<p class=\"paragraph text_align_left lp-f-body-02\">Avec d\u00e9j\u00e0 plus de 990 000 vues en moins de 24 heures sur son premier \u00e9pisode de la saison 2025, les vlogs d\u2019ao\u00fbt sont un v\u00e9ritable succ\u00e8s. La saison derni\u00e8re, chaque volet a cumul\u00e9 environ 1,5 million de vues, soit 43 millions de clics sur l\u2019ensemble de la s\u00e9rie d\u2019\u00e9t\u00e9 en 2024, selon Woo, agence sp\u00e9cialis\u00e9e dans les m\u00e9tiers d\u2019influence et r\u00e9seaux sociaux. Et comme elle le dit si bien dans l\u2019\u00e9pisode du 2 ao\u00fbt, il y a aussi \u00ab des grands gaillards \u00e0 moto qui regardent \u00bb.<\/p>\n<p class=\"title-embed-dailymotion lp-color-text lp-f-subtitle-04\">Vid\u00e9oLena Situations entre au mus\u00e9e Gr\u00e9vin<\/p>\n<p class=\"paragraph text_align_left lp-f-body-02\">\u00ab Elle est sans filtres dans ces vid\u00e9os-l\u00e0. Elle met en avant son p\u00e8re, ses vrais amis, sans vouloir \u00e0 tout prix collaborer avec les gros youtubeurs du moment. On a l\u2019impression aussi d\u2019avoir grandi avec elle \u00bb, raconte Kenza, 26 ans, pour qui les vlogs d\u2019ao\u00fbt sont devenus un incontournable de son \u00e9t\u00e9.<\/p>\n<p class=\"paragraph text_align_left lp-f-body-02\">Et Lena Mahfouf a effectivement bien grandi puisque ses vid\u00e9os sont d\u00e9sormais rythm\u00e9es par ses projets futurs. Parmi eux, la nouvelle saison de son podcast \u00ab Canap\u00e9 six places \u00bb, o\u00f9 l\u2019on d\u00e9couvre les premiers invit\u00e9s de la saison : les stars hollywoodiennes <a href=\"https:\/\/www.leparisien.fr\/culture-loisirs\/series\/la-plage-de-mercredi-lancee-par-tim-burton-et-jenna-ortega-la-serie-de-netflix-sinstalle-sur-les-quais-01-08-2025-N2XELW3I4VBC3OIN45HLCZNCEQ.php\" target=\"_blank\" rel=\"noreferrer nofollow noopener\">Jenna Ortega et Tim Burton<\/a>. Rien que \u00e7a.<\/p>\n","protected":false},"excerpt":{"rendered":"Second livre \u00e0 la rentr\u00e9e, retour de son podcast \u00ab Canap\u00e9 six places \u00bb, nouvelle collection de sa&hellip;\n","protected":false},"author":2,"featured_media":293995,"comment_status":"","ping_status":"","sticky":false,"template":"","format":"standard","meta":{"footnotes":""},"categories":[1888],"tags":[1111,1928,11,1927,872,1777,674,1011,27,12,1926,626,1925,25,2205],"class_list":{"0":"post-293994","1":"post","2":"type-post","3":"status-publish","4":"format-standard","5":"has-post-thumbnail","7":"category-paris","8":"tag-actu","9":"tag-actu-paris","10":"tag-actualites","11":"tag-actualites-paris","12":"tag-culture-et-loisirs","13":"tag-eu","14":"tag-europe","15":"tag-fr","16":"tag-france","17":"tag-news","18":"tag-news-paris","19":"tag-paris","20":"tag-paris-news","21":"tag-republique-francaise","22":"tag-television-medias"},"share_on_mastodon":{"url":"https:\/\/pubeurope.com\/@fr\/114965977756983647","error":""},"_links":{"self":[{"href":"https:\/\/www.europesays.com\/fr\/wp-json\/wp\/v2\/posts\/293994","targetHints":{"allow":["GET"]}}],"collection":[{"href":"https:\/\/www.europesays.com\/fr\/wp-json\/wp\/v2\/posts"}],"about":[{"href":"https:\/\/www.europesays.com\/fr\/wp-json\/wp\/v2\/types\/post"}],"author":[{"embeddable":true,"href":"https:\/\/www.europesays.com\/fr\/wp-json\/wp\/v2\/users\/2"}],"replies":[{"embeddable":true,"href":"https:\/\/www.europesays.com\/fr\/wp-json\/wp\/v2\/comments?post=293994"}],"version-history":[{"count":0,"href":"https:\/\/www.europesays.com\/fr\/wp-json\/wp\/v2\/posts\/293994\/revisions"}],"wp:featuredmedia":[{"embeddable":true,"href":"https:\/\/www.europesays.com\/fr\/wp-json\/wp\/v2\/media\/293995"}],"wp:attachment":[{"href":"https:\/\/www.europesays.com\/fr\/wp-json\/wp\/v2\/media?parent=293994"}],"wp:term":[{"taxonomy":"category","embeddable":true,"href":"https:\/\/www.europesays.com\/fr\/wp-json\/wp\/v2\/categories?post=293994"},{"taxonomy":"post_tag","embeddable":true,"href":"https:\/\/www.europesays.com\/fr\/wp-json\/wp\/v2\/tags?post=293994"}],"curies":[{"name":"wp","href":"https:\/\/api.w.org\/{rel}","templated":true}]}}