{"id":293996,"date":"2025-08-03T17:19:11","date_gmt":"2025-08-03T17:19:11","guid":{"rendered":"https:\/\/www.europesays.com\/fr\/293996\/"},"modified":"2025-08-03T17:19:11","modified_gmt":"2025-08-03T17:19:11","slug":"elections-legislatives-a-paris-barnier-exhorte-dati-a-ne-pas-se-tromper-delection","status":"publish","type":"post","link":"https:\/\/www.europesays.com\/fr\/293996\/","title":{"rendered":"\u00c9lections l\u00e9gislatives \u00e0 Paris : Barnier exhorte Dati \u00e0 \u00ab ne pas se tromper \u00bb d&rsquo;\u00e9lection"},"content":{"rendered":"<p>PARIS: Sur fond de crise humanitaire d\u2019une cruaut\u00e9 inqualifiable dans la bande de Gaza, le pr\u00e9sident Emmanuel Macron a annonc\u00e9 une op\u00e9ration de largage de vivres conduite par la France, avec le soutien de la Jordanie, des \u00c9mirats arabes unis et de l\u2019Allemagne.<\/p>\n<p>\u00ab\u202fFace \u00e0 l\u2019urgence absolue, nous venons de conduire une op\u00e9ration de largage de vivres \u00e0 Gaza\u202f\u00bb, a d\u00e9clar\u00e9 le chef de l\u2019\u00c9tat sur X, en remerciant les partenaires impliqu\u00e9s et saluant l\u2019engagement des forces arm\u00e9es fran\u00e7aises.<\/p>\n<p>Mais, de son point de vue, ces largages restent insuffisants\u202f: \u00ab\u202fIl faut qu\u2019Isra\u00ebl ouvre un plein acc\u00e8s humanitaire\u202f\u00bb, a-t-il insist\u00e9, r\u00e9it\u00e9rant l\u2019exigence fran\u00e7aise d\u2019une lev\u00e9e imm\u00e9diate du blocus des aides.<\/p>\n<p>Au-del\u00e0 de la r\u00e9ponse d\u2019urgence, Paris entend porter une initiative diplomatique structurante : la conf\u00e9rence internationale co-pr\u00e9sid\u00e9e \u00e0 New York par la France et l\u2019Arabie saoudite a marqu\u00e9 un tournant en posant un cadre politique ambitieux.<\/p>\n<p>Cette conf\u00e9rence, tenue en l\u2019absence des \u00c9tats-Unis et d\u2019Isra\u00ebl, a r\u00e9uni plus de 40 ministres et 120 participants, aboutissant \u00e0 l\u2019adoption d\u2019un plan d\u2019action en 42 points.<\/p>\n<p>Malgr\u00e9 les r\u00e9ticences et le scepticisme ambiants, elle a permis l\u2019\u00e9mergence d\u2019une dynamique in\u00e9dite vers la reconnaissance de l\u2019\u00c9tat palestinien et un processus de paix r\u00e9gional.<\/p>\n<p>Le plan d\u2019action valid\u00e9 \u00e0 New York constitue d\u00e9sormais un socle politique partag\u00e9 entre acteurs europ\u00e9ens, puissances arabes, Union europ\u00e9enne et Ligue arabe.<\/p>\n<p>Ce texte appelle \u00e0 un cessez-le-feu imm\u00e9diat \u00e0 Gaza, \u00e0 la lib\u00e9ration de tous les otages, \u00e0 l\u2019acheminement massif de l\u2019aide humanitaire, mais surtout \u00e0 la mise en \u0153uvre concr\u00e8te de la solution \u00e0 deux \u00c9tats.<\/p>\n<p>Il pr\u00e9voit notamment un processus progressif de d\u00e9sarmement du Hamas, condition indispensable \u00e0 la stabilisation durable de la r\u00e9gion.<\/p>\n<p>Pour la France, ce texte marque une rupture avec l\u2019impasse diplomatique des derni\u00e8res d\u00e9cennies et propose pour la premi\u00e8re fois un m\u00e9canisme concert\u00e9 de d\u00e9militarisation et de r\u00e9int\u00e9gration de Gaza dans le giron de l\u2019Autorit\u00e9 palestinienne.<\/p>\n<p>Le document \u00e9voque m\u00eame la possibilit\u00e9 de confier les armes du Hamas \u00e0 une tierce partie sous supervision internationale, afin de garantir qu\u2019elles ne soient plus utilis\u00e9es.<\/p>\n<p>Ce volet, essentiel pour Isra\u00ebl, est aussi le fruit d\u2019un consensus entre les \u00c9tats arabes partenaires, y compris ceux per\u00e7us comme proches du Hamas.<\/p>\n<p>Sur le front politique, Paris se r\u00e9jouit de l\u2019effet de levier de la conf\u00e9rence\u202f: peu apr\u00e8s, plusieurs pays \u2014 Portugal, Royaume\u2011Uni, Canada \u2014 ont annonc\u00e9 leur volont\u00e9 de reconna\u00eetre l\u2019\u00c9tat palestinien, \u00e0 l\u2019occasion de l\u2019Assembl\u00e9e g\u00e9n\u00e9rale des Nations unies en septembre.<\/p>\n<p>Une coalition de volontaires est en train de se constituer : quinze \u00c9tats, aux c\u00f4t\u00e9s de la Ligue arabe et de l\u2019Union europ\u00e9enne, ont d\u2019ores et d\u00e9j\u00e0 sign\u00e9 une d\u00e9claration commune en ce sens.<\/p>\n<p>La France esp\u00e8re ensuite entra\u00eener d\u2019autres partenaires europ\u00e9ens, notamment l\u2019Allemagne. \u00ab\u202fNous continuons \u00e0 travailler en E3 avec nos partenaires allemands et britanniques\u202f\u00bb, indique une source haut plac\u00e9e.<\/p>\n<p>Si Berlin reste prudent, des signes d\u2019\u00e9volution apparaissent dans les r\u00e9centes d\u00e9clarations de sa ministre des Affaires \u00e9trang\u00e8res. Paris entend maintenir ces \u00e9changes diplomatiques jusqu\u2019\u00e0 septembre.<\/p>\n<p>Contrairement aux critiques isra\u00e9liennes et am\u00e9ricaines, la France affirme que cette dynamique de reconnaissance ne constitue pas un obstacle \u00e0 la paix, mais un levier pour la relancer.<\/p>\n<p>Le pr\u00e9sident Macron estime que cette reconnaissance, inscrite dans un cadre politique exigeant \u2014 avec une gouvernance palestinienne r\u00e9form\u00e9e et un d\u00e9sarmement du Hamas \u2014 peut reb\u00e2tir les conditions d\u2019une solution durable.<\/p>\n<p>Les ruptures des n\u00e9gociations avec le Hamas sont ant\u00e9rieures aux annonces de Paris, souligne-t-on \u00e0 l\u2019\u00c9lys\u00e9e, et ne peuvent donc pas lui \u00eatre imput\u00e9es.<\/p>\n<p>La reconnaissance collective envisag\u00e9e en septembre serait \u00e9galement un signal fort en direction des mod\u00e9r\u00e9s palestiniens, en particulier l\u2019Autorit\u00e9 palestinienne, qui s\u2019est engag\u00e9e d\u00e9but juin \u00e0 respecter une s\u00e9rie d\u2019exigences pos\u00e9es par la communaut\u00e9 internationale en mati\u00e8re de gouvernance et de lutte contre la corruption.<\/p>\n<p>Un des apports majeurs de la conf\u00e9rence de New York est l\u2019introduction formelle de la question du d\u00e9sarmement du Hamas dans un cadre diplomatique multilat\u00e9ral.<\/p>\n<p>Jusqu\u2019ici marginalis\u00e9e ou qualifi\u00e9e d\u2019irr\u00e9aliste, cette exigence est clairement codifi\u00e9e dans le plan d\u2019action. Des discussions sont en cours, y compris sur l\u2019exil \u00e9ventuel de certains cadres du mouvement aupr\u00e8s d\u2019\u00c9tats tiers.<\/p>\n<p>Le Hamas n\u2019a pas accept\u00e9 ces conditions, mais le message politique est clair : son isolement au sein du monde arabe s\u2019accentue et sa marge de man\u0153uvre se r\u00e9tr\u00e9cit.<\/p>\n<p>Face \u00e0 cette dynamique, Isra\u00ebl et l\u2019administration am\u00e9ricaine ont hauss\u00e9 le ton, estimant qu\u2019une reconnaissance unilat\u00e9rale de la Palestine constituerait une \u00ab\u202finsulte\u202f\u00bb aux victimes isra\u00e9liennes du 7\u202foctobre.<\/p>\n<p>Le pr\u00e9sident am\u00e9ricain Donald Trump a m\u00eame impos\u00e9 des sanctions cibl\u00e9es contre certains membres de l\u2019Autorit\u00e9 palestinienne et de l\u2019OLP, en contradiction avec les efforts en cours pour renforcer cette autorit\u00e9.<\/p>\n<p>La position am\u00e9ricaine r\u00e9v\u00e8le un d\u00e9calage croissant avec une partie de la communaut\u00e9 internationale, y compris des alli\u00e9s traditionnels, en raison de son soutien inconditionnel \u00e0 Isra\u00ebl, malgr\u00e9 l\u2019ampleur des pertes civiles \u00e0 Gaza et la persistance de la colonisation en Cisjordanie.<\/p>\n<p>Cet \u00e9tat de fait suscite d\u00e9j\u00e0 des interrogations en Europe, o\u00f9 des pays comme la Su\u00e8de exigent, par exemple, le gel de la partie commerciale de l\u2019accord d\u2019association entre l\u2019Union europ\u00e9enne et Isra\u00ebl.<\/p>\n<p>La France, de son c\u00f4t\u00e9, entend poursuivre cette dynamique au-del\u00e0 de la conf\u00e9rence de New York. Un sommet est pr\u00e9vu les 21 et 22 septembre, juste avant l\u2019Assembl\u00e9e g\u00e9n\u00e9rale de l\u2019ONU, pour r\u00e9unir les \u00c9tats pr\u00eats \u00e0 reconna\u00eetre collectivement la Palestine et \u00e0 faire vivre ce nouveau cadre politique.<\/p>\n<p>\u00ab\u202fIl s\u2019agit d\u2019une coalition in\u00e9dite, qui repose sur un \u00e9quilibre entre exigences s\u00e9curitaires et reconnaissance des droits politiques du peuple palestinien\u202f\u00bb, souligne-t-on \u00e0 Paris.<\/p>\n<p>En r\u00e9affirmant l\u2019exigence d\u2019un cessez-le-feu imm\u00e9diat, la lev\u00e9e du blocus humanitaire, la lib\u00e9ration des otages, mais aussi le d\u00e9sarmement du Hamas et la mise en place d\u2019un \u00c9tat palestinien souverain, la France, de concert avec l\u2019Arabie saoudite, tente de reconstruire une architecture de paix.<\/p>\n","protected":false},"excerpt":{"rendered":"PARIS: Sur fond de crise humanitaire d\u2019une cruaut\u00e9 inqualifiable dans la bande de Gaza, le pr\u00e9sident Emmanuel Macron&hellip;\n","protected":false},"author":2,"featured_media":293997,"comment_status":"","ping_status":"","sticky":false,"template":"","format":"standard","meta":{"footnotes":""},"categories":[1888],"tags":[1111,1928,11,1927,1777,674,1011,27,12,1926,626,1925,25],"class_list":{"0":"post-293996","1":"post","2":"type-post","3":"status-publish","4":"format-standard","5":"has-post-thumbnail","7":"category-paris","8":"tag-actu","9":"tag-actu-paris","10":"tag-actualites","11":"tag-actualites-paris","12":"tag-eu","13":"tag-europe","14":"tag-fr","15":"tag-france","16":"tag-news","17":"tag-news-paris","18":"tag-paris","19":"tag-paris-news","20":"tag-republique-francaise"},"share_on_mastodon":{"url":"https:\/\/pubeurope.com\/@fr\/114965981761153266","error":""},"_links":{"self":[{"href":"https:\/\/www.europesays.com\/fr\/wp-json\/wp\/v2\/posts\/293996","targetHints":{"allow":["GET"]}}],"collection":[{"href":"https:\/\/www.europesays.com\/fr\/wp-json\/wp\/v2\/posts"}],"about":[{"href":"https:\/\/www.europesays.com\/fr\/wp-json\/wp\/v2\/types\/post"}],"author":[{"embeddable":true,"href":"https:\/\/www.europesays.com\/fr\/wp-json\/wp\/v2\/users\/2"}],"replies":[{"embeddable":true,"href":"https:\/\/www.europesays.com\/fr\/wp-json\/wp\/v2\/comments?post=293996"}],"version-history":[{"count":0,"href":"https:\/\/www.europesays.com\/fr\/wp-json\/wp\/v2\/posts\/293996\/revisions"}],"wp:featuredmedia":[{"embeddable":true,"href":"https:\/\/www.europesays.com\/fr\/wp-json\/wp\/v2\/media\/293997"}],"wp:attachment":[{"href":"https:\/\/www.europesays.com\/fr\/wp-json\/wp\/v2\/media?parent=293996"}],"wp:term":[{"taxonomy":"category","embeddable":true,"href":"https:\/\/www.europesays.com\/fr\/wp-json\/wp\/v2\/categories?post=293996"},{"taxonomy":"post_tag","embeddable":true,"href":"https:\/\/www.europesays.com\/fr\/wp-json\/wp\/v2\/tags?post=293996"}],"curies":[{"name":"wp","href":"https:\/\/api.w.org\/{rel}","templated":true}]}}