{"id":293998,"date":"2025-08-03T17:20:11","date_gmt":"2025-08-03T17:20:11","guid":{"rendered":"https:\/\/www.europesays.com\/fr\/293998\/"},"modified":"2025-08-03T17:20:11","modified_gmt":"2025-08-03T17:20:11","slug":"crazy-horse-un-cabaret-nomme-desir-sur-arte-hommage-au-monument-de-lerotisme","status":"publish","type":"post","link":"https:\/\/www.europesays.com\/fr\/293998\/","title":{"rendered":"\u00ab\u00a0Crazy Horse, un cabaret nomm\u00e9 d\u00e9sir\u00a0\u00bb sur Arte\u00a0: hommage au monument de l\u2019\u00e9rotisme"},"content":{"rendered":"<p>Des perruques color\u00e9es coup\u00e9es au carr\u00e9, des jeux de lumi\u00e8res millim\u00e9tr\u00e9s, des danseuses d\u00e9nud\u00e9es s\u00e9lectionn\u00e9es au volet, le tout sur une petite sc\u00e8ne de 12\u00a0m\u00b2 : voici les ingr\u00e9dients du Crazy Horse, inimitable cabaret \u00e0 la renomm\u00e9e internationale.<\/p>\n<p>L\u2019\u00e9nergique documentaire de Fran\u00e7ois Chaumont retrace 70\u00a0ans d\u2019histoire, marqu\u00e9es par une effervescence cr\u00e9ative hors des clous. Depuis les coulisses du Crazy Horse, le r\u00e9alisateur recueille les t\u00e9moignages d\u2019anciennes danseuses comme <a href=\"https:\/\/rennes.maville.com\/sport\/detail_-portrait.-17-ans-sur-la-scene-du-crazy-horse-la-preparation-physique-doit-servir-l-artistique-_54135-5565878_actu.Htm\" target=\"_self\" rel=\"noopener\">Patricia Folly (Alias Psykko Tico)<\/a> ou Lova Moor (ex-\u00e9pouse du fondateur), mais aussi des chor\u00e9graphes de renom comme\u00a0Philippe Decoufl\u00e9 et Christian Louboutin, dignes h\u00e9ritiers artistiques du Crazy Horse.<\/p>\n<p><strong>Lire aussi : <\/strong> <a href=\"https:\/\/rennes.maville.com\/sport\/detail_-entretien.-c-est-intense-comment-les-danseuses-du-crazy-horse-se-preparent-physiquement-_54135-5565560_actu.Htm\" target=\"_self\" rel=\"noopener\">ENTRETIEN. \u00ab C\u2019est intense ! \u00bb : comment les danseuses du Crazy Horse se pr\u00e9parent physiquement<\/a><\/p>\n<blockquote class=\"instagram-media\" data-instgrm-captioned=\"\" data-instgrm-permalink=\"https:\/\/www.instagram.com\/reel\/DMiSUIcINMj\/?utm_source=ig_embed&amp;utm_campaign=loading\" data-instgrm-version=\"14\" style=\" background:#FFF; border:0; border-radius:3px; box-shadow:0 0 1px 0 rgba(0,0,0,0.5),0 1px 10px 0 rgba(0,0,0,0.15); margin: 1px; max-width:540px; min-width:326px; padding:0; width:99.375%; width:-webkit-calc(100% - 2px); width:calc(100% - 2px);\" wp_automatic_readability=\"-0.20388349514563\"\/>\n<p>Des stars Pamela Anderson, Dita Von Teese et Conchita Wurst<\/p>\n<p>Imagin\u00e9e par Alain Bernardin, c\u2019est en 1951 que cette v\u00e9ritable institution parisienne prend ses quartiers dans la c\u00e9l\u00e8bre avenue Georges V, au c\u0153ur de la capitale. Dandy iconoclaste amoureux du spectacle, Alain Bernardin s\u2019inspire des codes du burlesque venus des \u00c9tats-Unis pour cr\u00e9er son cabaret. Visionnaire, il r\u00e9volutionne le genre en tamisant ses lumi\u00e8res, mettant au premier plan le corps de ses danseuses.<strong> \u00ab\u00a0Au music-hall on dit \u2019plein feux\u2019, au Crazy Horse on dit \u2019noir total\u2019\u00a0\u00bb<\/strong> expliquait-il pour d\u00e9crire son atmosph\u00e8re signature.<\/p>\n<p><strong>Lire aussi\u00a0: <\/strong> <a href=\"https:\/\/rennes.maville.com\/sport\/detail_-reportage.-assurer-le-show-eviter-les-blessures...-le-rythme-sportif-des-danseuses-du-crazy-horse-_54135-5559889_actu.Htm\" target=\"_self\" rel=\"noopener\">REPORTAGE. Assurer le show, \u00e9viter les blessures\u2026 Le rythme sportif des danseuses du Crazy Horse<\/a><\/p>\n<p>\u00c0 la mort brutale de son fondateur, le Crazy Horse qui voit son public vieillir doit se r\u00e9inventer pour se maintenir en vie. Le cabaret se tourne alors vers l\u2019international, et invite des personnalit\u00e9s de premier plan comme Dita Von Teese, interview\u00e9e dans le documentaire, <a href=\"https:\/\/rennes.maville.com\/actu\/actudet_--ca-me-hante-encore-l-actrice-pamela-anderson-revele-avoir-ete-victime-de-violences-sexuelles-_54135-5809745_actu.Htm\" target=\"_self\" rel=\"noopener\">Pamela Anderson<\/a> ou encore Conchita Wurst. Plus r\u00e9cemment, c\u2019est la r\u00e9volution Metoo qui a pos\u00e9 un d\u00e9fi de taille aux gardiens du temple de la nuit. Le regard masculin, lourd h\u00e9ritage d\u2019Alain Bernardin, a laiss\u00e9 place \u00e0 un regard pens\u00e9 par et pour les femmes.<\/p>\n<p> <a href=\"https:\/\/programmetv.ouest-france.fr\/chaines\/programme-tv-arte-111\/\" target=\"_self\" rel=\"noopener\">Arte<\/a> , 22\u00a0h\u00a035.<\/p>\n<p>\u00a0<\/p>\n<p>\t\t<script async src=\"\/\/www.instagram.com\/embed.js\"><\/script><\/p>\n","protected":false},"excerpt":{"rendered":"Des perruques color\u00e9es coup\u00e9es au carr\u00e9, des jeux de lumi\u00e8res millim\u00e9tr\u00e9s, des danseuses d\u00e9nud\u00e9es s\u00e9lectionn\u00e9es au volet, le&hellip;\n","protected":false},"author":2,"featured_media":293999,"comment_status":"","ping_status":"","sticky":false,"template":"","format":"standard","meta":{"footnotes":""},"categories":[1888],"tags":[11,6835,29354,27985,43390,39871,43392,1777,674,1011,27,4879,43391,1307,18389,12,3870,626,25],"class_list":{"0":"post-293998","1":"post","2":"type-post","3":"status-publish","4":"format-standard","5":"has-post-thumbnail","7":"category-paris","8":"tag-actualites","9":"tag-arte","10":"tag-artistique","11":"tag-cabaret","12":"tag-crazy","13":"tag-desir","14":"tag-erotisme","15":"tag-eu","16":"tag-europe","17":"tag-fr","18":"tag-france","19":"tag-hommage","20":"tag-horse","21":"tag-lille","22":"tag-monument","23":"tag-news","24":"tag-nomme","25":"tag-paris","26":"tag-republique-francaise"},"share_on_mastodon":{"url":"https:\/\/pubeurope.com\/@fr\/114965985655571729","error":""},"_links":{"self":[{"href":"https:\/\/www.europesays.com\/fr\/wp-json\/wp\/v2\/posts\/293998","targetHints":{"allow":["GET"]}}],"collection":[{"href":"https:\/\/www.europesays.com\/fr\/wp-json\/wp\/v2\/posts"}],"about":[{"href":"https:\/\/www.europesays.com\/fr\/wp-json\/wp\/v2\/types\/post"}],"author":[{"embeddable":true,"href":"https:\/\/www.europesays.com\/fr\/wp-json\/wp\/v2\/users\/2"}],"replies":[{"embeddable":true,"href":"https:\/\/www.europesays.com\/fr\/wp-json\/wp\/v2\/comments?post=293998"}],"version-history":[{"count":0,"href":"https:\/\/www.europesays.com\/fr\/wp-json\/wp\/v2\/posts\/293998\/revisions"}],"wp:featuredmedia":[{"embeddable":true,"href":"https:\/\/www.europesays.com\/fr\/wp-json\/wp\/v2\/media\/293999"}],"wp:attachment":[{"href":"https:\/\/www.europesays.com\/fr\/wp-json\/wp\/v2\/media?parent=293998"}],"wp:term":[{"taxonomy":"category","embeddable":true,"href":"https:\/\/www.europesays.com\/fr\/wp-json\/wp\/v2\/categories?post=293998"},{"taxonomy":"post_tag","embeddable":true,"href":"https:\/\/www.europesays.com\/fr\/wp-json\/wp\/v2\/tags?post=293998"}],"curies":[{"name":"wp","href":"https:\/\/api.w.org\/{rel}","templated":true}]}}