{"id":294006,"date":"2025-08-03T17:24:16","date_gmt":"2025-08-03T17:24:16","guid":{"rendered":"https:\/\/www.europesays.com\/fr\/294006\/"},"modified":"2025-08-03T17:24:16","modified_gmt":"2025-08-03T17:24:16","slug":"dragon-bravo-un-incendie-geant-dune-intensite-historique-ravage-le-grand-canyon","status":"publish","type":"post","link":"https:\/\/www.europesays.com\/fr\/294006\/","title":{"rendered":"Dragon Bravo, un incendie g\u00e9ant d\u2019une intensit\u00e9 historique, ravage le Grand Canyon"},"content":{"rendered":"<p>C\u2019est un m\u00e9gafeu historique. Aux <a data-i13n=\"cpos:1;pos:1\" href=\"https:\/\/www.20minutes.fr\/monde\/etats-unis\/?at_medium=RSS%20feed&amp;at_campaign=ynews&amp;utm_source=yahoo&amp;utm_medium=rss&amp;utm_campaign=news_feed&amp;utm_content=in_article_link\" rel=\"nofollow noopener\" target=\"_blank\" data-ylk=\"slk:\u00c9tats-Unis;cpos:1;pos:1;elm:context_link;itc:0;sec:content-canvas\" class=\"link \">\u00c9tats-Unis<\/a>, le plus vaste incendie de l\u2019ann\u00e9e s\u2019\u00e9tend actuellement dans le parc national du Grand Canyon, en <a data-i13n=\"cpos:2;pos:1\" href=\"https:\/\/www.20minutes.fr\/dossier\/arizona?at_medium=RSS%20feed&amp;at_campaign=ynews&amp;utm_source=yahoo&amp;utm_medium=rss&amp;utm_campaign=news_feed&amp;utm_content=in_article_link\" rel=\"nofollow noopener\" target=\"_blank\" data-ylk=\"slk:Arizona;cpos:2;pos:1;elm:context_link;itc:0;sec:content-canvas\" class=\"link \">Arizona<\/a>. Baptis\u00e9 Dragon Bravo, ce feu a d\u00e9j\u00e0 consum\u00e9 plus de 46.000 hectares sur la rive nord du parc, ferm\u00e9e au public. Selon le <a data-i13n=\"cpos:3;pos:1\" href=\"https:\/\/www.nytimes.com\/2025\/08\/02\/weather\/dragon-bravo-fire-grand-canyon-update.html?at_medium=RSS%20feed&amp;at_campaign=ynews&amp;utm_source=yahoo&amp;utm_medium=rss&amp;utm_campaign=news_feed&amp;utm_content=in_article_link\" rel=\"nofollow noopener\" target=\"_blank\" data-ylk=\"slk:New York Times;cpos:3;pos:1;elm:context_link;itc:0;sec:content-canvas\" class=\"link \">New York Times<\/a>, il a \u00e9t\u00e9 d\u00e9clench\u00e9 par la foudre le 4 juillet, dans une zone rocailleuse surnomm\u00e9e \u00ab le Dragon \u00bb. Initialement surveill\u00e9 comme un br\u00fblage contr\u00f4l\u00e9 par les autorit\u00e9s f\u00e9d\u00e9rales, l\u2019incendie a \u00e9chapp\u00e9 \u00e0 tout contr\u00f4le.<\/p>\n<p>Un \u00e9pisode de vents violents le 11 juillet a fait sauter les lignes de confinement, entra\u00eenant la destruction de plusieurs structures embl\u00e9matiques, dont le Grand Canyon Lodge, le centre d\u2019accueil de la rive nord et plusieurs cabanes de visiteurs. La gouverneure de l\u2019Arizona, Katie Hobbs, a r\u00e9clam\u00e9 une enqu\u00eate sur la gestion initiale du sinistre.<\/p>\n<p>Encourag\u00e9 par une saison tr\u00e8s s\u00e8che<\/p>\n<p>Aliment\u00e9 par une v\u00e9g\u00e9tation exceptionnellement s\u00e8che, dans un contexte de mousson tr\u00e8s faible (la troisi\u00e8me saison la plus s\u00e8che jamais enregistr\u00e9e, selon le m\u00e9t\u00e9orologue Benjamin Peterson, interrog\u00e9 par le New York Times) l\u2019incendie continue de progresser. Les pr\u00e9cipitations, rares et pr\u00e9coces en juillet, n\u2019ont apport\u00e9 que quelques centim\u00e8tres d\u2019eau dans la r\u00e9gion, bien en dessous de la moyenne. L\u2019air sec, avec des taux d\u2019humidit\u00e9 \u00e0 un chiffre, accentue l\u2019inflammabilit\u00e9 des for\u00eats mixtes de conif\u00e8res de la rive nord, o\u00f9 certains arbres d\u00e9passent les 30 m\u00e8tres.<\/p>\n<p>L\u2019incendie est d\u00e9sormais combattu de mani\u00e8r(&#8230;)<\/p>\n<p><a data-i13n=\"cpos:4;pos:1\" href=\"https:\/\/www.20minutes.fr\/monde\/etats-unis\/4166458-20250803-etats-unis-dragon-bravo-incendie-geant-intensite-historique-ravage-grand-canyon?at_medium=RSS%20feed&amp;at_campaign=ynews&amp;utm_source=yahoo&amp;utm_medium=rss&amp;utm_campaign=news_feed&amp;utm_content=read_more_link%22\" rel=\"nofollow noopener\" target=\"_blank\" data-ylk=\"slk:Lire la suite sur 20minutes;cpos:4;pos:1;elm:context_link;itc:0;sec:content-canvas\" class=\"link \">Lire la suite sur 20minutes<\/a><\/p>\n<p>\u00c0 lire aussi :<br \/><a data-i13n=\"cpos:5;pos:1\" href=\"https:\/\/www.20minutes.fr\/monde\/etats-unis\/4163341-20250711-etats-unis-touristes-evacues-grand-canyon-face-avancee-feu-foret?at_medium=RSS%20feed&amp;at_campaign=ynews&amp;utm_source=yahoo&amp;utm_medium=rss&amp;utm_campaign=news_feed&amp;utm_content=related_content_link\" rel=\"nofollow noopener\" target=\"_blank\" data-ylk=\"slk:Etats-Unis : Des centaines de touristes \u00e9vacu\u00e9s du Grand Canyon face \u00e0 l\u2019avanc\u00e9e d\u2019un feu de for\u00eat;cpos:5;pos:1;elm:context_link;itc:0;sec:content-canvas\" class=\"link \">Etats-Unis : Des centaines de touristes \u00e9vacu\u00e9s du Grand Canyon face \u00e0 l\u2019avanc\u00e9e d\u2019un feu de for\u00eat<\/a><br \/><a data-i13n=\"cpos:6;pos:1\" href=\"https:\/\/www.20minutes.fr\/monde\/etats-unis\/4104558-20240805-etats-unis-etudiant-decede-apres-chute-haut-grand-canyon?at_medium=RSS%20feed&amp;at_campaign=ynews&amp;utm_source=yahoo&amp;utm_medium=rss&amp;utm_campaign=news_feed&amp;utm_content=related_content_link\" rel=\"nofollow noopener\" target=\"_blank\" data-ylk=\"slk:Etats-Unis : Un \u00e9tudiant d\u00e9c\u00e8de apr\u00e8s une chute du haut du Grand Canyon;cpos:6;pos:1;elm:context_link;itc:0;sec:content-canvas\" class=\"link \">Etats-Unis : Un \u00e9tudiant d\u00e9c\u00e8de apr\u00e8s une chute du haut du Grand Canyon<\/a><\/p>\n","protected":false},"excerpt":{"rendered":"C\u2019est un m\u00e9gafeu historique. Aux \u00c9tats-Unis, le plus vaste incendie de l\u2019ann\u00e9e s\u2019\u00e9tend actuellement dans le parc national&hellip;\n","protected":false},"author":2,"featured_media":294007,"comment_status":"","ping_status":"","sticky":false,"template":"","format":"standard","meta":{"footnotes":""},"categories":[1589],"tags":[11,32170,73,1866,43396,5022,12,43394,43395,1864,1865,1863,308],"class_list":{"0":"post-294006","1":"post","2":"type-post","3":"status-publish","4":"format-standard","5":"has-post-thumbnail","7":"category-etats-unis","8":"tag-actualites","9":"tag-aux-etats-unis","10":"tag-etats-unis","11":"tag-etats-unis-damerique","12":"tag-grand-canyon","13":"tag-lincendie","14":"tag-news","15":"tag-parc-national-du-grand-canyon","16":"tag-rive-nord","17":"tag-united-states","18":"tag-united-states-of-america","19":"tag-us","20":"tag-usa"},"share_on_mastodon":{"url":"https:\/\/pubeurope.com\/@fr\/114966001449352241","error":""},"_links":{"self":[{"href":"https:\/\/www.europesays.com\/fr\/wp-json\/wp\/v2\/posts\/294006","targetHints":{"allow":["GET"]}}],"collection":[{"href":"https:\/\/www.europesays.com\/fr\/wp-json\/wp\/v2\/posts"}],"about":[{"href":"https:\/\/www.europesays.com\/fr\/wp-json\/wp\/v2\/types\/post"}],"author":[{"embeddable":true,"href":"https:\/\/www.europesays.com\/fr\/wp-json\/wp\/v2\/users\/2"}],"replies":[{"embeddable":true,"href":"https:\/\/www.europesays.com\/fr\/wp-json\/wp\/v2\/comments?post=294006"}],"version-history":[{"count":0,"href":"https:\/\/www.europesays.com\/fr\/wp-json\/wp\/v2\/posts\/294006\/revisions"}],"wp:featuredmedia":[{"embeddable":true,"href":"https:\/\/www.europesays.com\/fr\/wp-json\/wp\/v2\/media\/294007"}],"wp:attachment":[{"href":"https:\/\/www.europesays.com\/fr\/wp-json\/wp\/v2\/media?parent=294006"}],"wp:term":[{"taxonomy":"category","embeddable":true,"href":"https:\/\/www.europesays.com\/fr\/wp-json\/wp\/v2\/categories?post=294006"},{"taxonomy":"post_tag","embeddable":true,"href":"https:\/\/www.europesays.com\/fr\/wp-json\/wp\/v2\/tags?post=294006"}],"curies":[{"name":"wp","href":"https:\/\/api.w.org\/{rel}","templated":true}]}}