{"id":294024,"date":"2025-08-03T17:34:13","date_gmt":"2025-08-03T17:34:13","guid":{"rendered":"https:\/\/www.europesays.com\/fr\/294024\/"},"modified":"2025-08-03T17:34:13","modified_gmt":"2025-08-03T17:34:13","slug":"disparition-de-medhi-narjissi-il-y-a-un-an-le-joueur-disparaissait-en-mer-lors-dune-seance-de-recuperation-ou-en-est-lenquete","status":"publish","type":"post","link":"https:\/\/www.europesays.com\/fr\/294024\/","title":{"rendered":"Disparition de Medhi Narjissi\u00a0: il y a un an, le joueur disparaissait en mer lors d\u2019une s\u00e9ance de r\u00e9cup\u00e9ration\u2026 o\u00f9 en est l\u2019enqu\u00eate"},"content":{"rendered":"<p>\n                                                                Un an apr\u00e8s la disparition en mer de Medhi Narjissi, une nouvelle g\u00e9n\u00e9ration du XV de France U18 se rend en Afrique du Sud sur les lieux d\u2019un drame qui a boulevers\u00e9 le rugby fran\u00e7ais et laisse encore sans r\u00e9ponse la famille du jeune joueur.\n                            <\/p>\n<p>Sur la plage de Dias Beach, \u00e0 proximit\u00e9 du cap de Bonne-Esp\u00e9rance, le jeune homme \u00e2g\u00e9 de 17 ans participe ce 7\u00a0ao\u00fbt 2024 \u00e0 une s\u00e9ance de r\u00e9cup\u00e9ration avec ses co\u00e9quipiers des U18, venus disputer comme d\u2019habitude l\u2019International Series, une comp\u00e9tition qui se d\u00e9roule cette ann\u00e9e-l\u00e0 du 4 au 20\u00a0ao\u00fbt.<\/p>\n<p>Le jeune joueur du Stade Toulousain est emport\u00e9 par les flots, pi\u00e9g\u00e9 par les courants de cette plage r\u00e9put\u00e9e dangereuse. Son corps n\u2019a pas \u00e9t\u00e9 retrouv\u00e9.<\/p>\n<p>Un juge d\u2019instruction du parquet d\u2019Agen, saisi de l\u2019affaire \u00e0 la demande de la famille Narjissi, a proc\u00e9d\u00e9 d\u00e9but juin \u00e0 la mise en examen de l\u2019ancien manager des U18 St\u00e9phane Cambos, apr\u00e8s celle du pr\u00e9parateur physique Robin Ladauge, le 16\u00a0mai dernier, tous deux pour homicide involontaire.<\/p>\n<p>Mi-septembre, la F\u00e9d\u00e9ration fran\u00e7aise de rugby (FFR) avait mis en cause dans un rapport d\u2019enqu\u00eate interne l\u2019encadrement, estimant notamment que \u00ab\u00a0la d\u00e9cision d\u2019organiser une s\u00e9ance de r\u00e9cup\u00e9ration dans l\u2019eau sur la plage de Dias Beach a \u00e9t\u00e9 prise sans consid\u00e9rer la dangerosit\u00e9 du site\u00a0\u00bb.<\/p>\n<p>\u00ab\u00a0La s\u00e9ance est pourtant mise en place, dans une forme d\u2019improvisation qui rend possible le drame\u00a0\u00bb, note l\u2019enqu\u00eate administrative men\u00e9e parall\u00e8lement par l\u2019Inspection g\u00e9n\u00e9rale de l\u2019\u00e9ducation, du sport et de la recherche (IGESR), dans un rapport dont a pris connaissance l\u2019AFP.<\/p>\n<p>Pour les enqu\u00eateurs de l\u2019IGESR, \u00ab\u00a0le pr\u00e9parateur physique porte la responsabilit\u00e9 principale de la mauvaise organisation de cette s\u00e9ance\u00a0\u00bb. Mais \u00ab\u00a0le manager des U18 est responsable de pas avoir emp\u00each\u00e9, ni mis fin \u00e0 temps \u00e0 cette s\u00e9ance\u00a0\u00bb, ajoutent-ils.<\/p>\n<p>\u00ab\u00a0Ils se d\u00e9faussent\u00a0\u00bb<\/p>\n<p>L\u2019ancien manager St\u00e9phane Cambos, qui a d\u00e9pos\u00e9 une plainte visant la FFR pour d\u00e9nonciation calomnieuse, estime dans ses r\u00e9ponses \u00e0 l\u2019enqu\u00eate administrative que cette s\u00e9ance de r\u00e9cup\u00e9ration a \u00e9t\u00e9 organis\u00e9e \u00ab\u00a0\u00e0 la seule initiative\u00a0\u00bb du pr\u00e9parateur physique, qui aurait \u00ab\u00a0d\u00e9sob\u00e9i \u00e0 l\u2019autorit\u00e9 fonctionnelle du manager\u00a0\u00bb. Mis en cause, Robin Ladauge affirme au contraire que des discussions ont eu lieu pr\u00e9lablement \u00e0 cette s\u00e9ance et pointe \u00ab\u00a0l\u2019absence d\u2019opposition\u00a0\u00bb du manager.<\/p>\n<p>\u00ab\u00a0Ils se d\u00e9faussent, ils se rejettent (la responsabilit\u00e9). Au lieu d\u2019assumer\u00a0!\u00a0\u00bb, d\u00e9plore dans un entretien \u00e0 l\u2019AFP Djalil Narjissi, ancien talonneur et p\u00e8re de Medhi.<\/p>\n<p>Au-del\u00e0 des mises en examen de Robin Ladauge et St\u00e9phane Cambos et du d\u00e9bat entre l\u2019initiative personnelle ou le dysfonctionnement collectif ayant men\u00e9 au drame, se pose \u00e9galement la responsabilit\u00e9 des autres encadrants et de la F\u00e9d\u00e9ration. \u00ab\u00a0Ce ne sont pas seulement ces deux personnes, il y avait plusieurs adultes sur la plage. En tant qu\u2019adultes, ils peuvent s\u2019opposer\u00a0\u00bb, d\u00e9nonce Val\u00e9rie Narjissi, la m\u00e8re de Medhi.<\/p>\n<p>Dans son rapport, l\u2019IGESR charge plus g\u00e9n\u00e9ralement la FFR, \u00e9voquant notamment une \u00ab\u00a0pr\u00e9paration d\u00e9faillante du s\u00e9jour\u00a0\u00bb, et les \u00ab\u00a0missions insuffisamment formalis\u00e9es\u00a0\u00bb des diff\u00e9rents encadrants des U18. Le p\u00e8re du d\u00e9funt d\u00e9nonce \u00e9galement les \u00ab\u00a0manquements graves\u00a0\u00bb et \u00ab\u00a0l\u2019accumulation de fautes\u00a0\u00bb dans la pr\u00e9paration du s\u00e9jour.<\/p>\n<p>Pour la F\u00e9d\u00e9ration fran\u00e7aise, ces d\u00e9fauts de pr\u00e9paration, qu\u2019elle ne nie pas et relie \u00e0 l\u2019h\u00e9ritage auquel elle estime faire face, sont \u00e0 s\u00e9parer du drame qui rel\u00e8ve selon elle des responsabilit\u00e9s de l\u2019encadrement.<\/p>\n<p>La FFR a cependant fait \u00e9voluer son organisation pour les s\u00e9jours de jeunes\u00a0: les 28 joueurs U18 pr\u00e9sents cette ann\u00e9e en Afrique du Sud afin de disputer l\u2019International series auront des proc\u00e9dures d\u2019encadrement renforc\u00e9es, relevant de celui de l\u2019accueil collectif de mineurs, dont sont normalement exempt\u00e9es les comp\u00e9titions sportives.<\/p>\n<p>Maillots floqu\u00e9s au nom de Medhi, minutes de silence lors des matches\u00a0: diff\u00e9rents hommages seront \u00e9galement rendus sur place par la F\u00e9d\u00e9ration et son pr\u00e9sident Florian Grill, et par les parents, qui esp\u00e8rent aussi des avanc\u00e9es de l\u2019enqu\u00eate ouverte en Afrique du Sud. \u00ab\u00a0Notre raison de rester debout, c\u2019est la v\u00e9rit\u00e9 pour Medhi\u00a0\u00bb, conclut Djalil.<\/p>\n","protected":false},"excerpt":{"rendered":"Un an apr\u00e8s la disparition en mer de Medhi Narjissi, une nouvelle g\u00e9n\u00e9ration du XV de France U18&hellip;\n","protected":false},"author":2,"featured_media":294025,"comment_status":"","ping_status":"","sticky":false,"template":"","format":"standard","meta":{"footnotes":""},"categories":[1416],"tags":[1011,27,479,1468,60],"class_list":{"0":"post-294024","1":"post","2":"type-post","3":"status-publish","4":"format-standard","5":"has-post-thumbnail","7":"category-rugby","8":"tag-fr","9":"tag-france","10":"tag-rugby","11":"tag-rugby-football","12":"tag-sports"},"share_on_mastodon":{"url":"https:\/\/pubeurope.com\/@fr\/114966040609702955","error":""},"_links":{"self":[{"href":"https:\/\/www.europesays.com\/fr\/wp-json\/wp\/v2\/posts\/294024","targetHints":{"allow":["GET"]}}],"collection":[{"href":"https:\/\/www.europesays.com\/fr\/wp-json\/wp\/v2\/posts"}],"about":[{"href":"https:\/\/www.europesays.com\/fr\/wp-json\/wp\/v2\/types\/post"}],"author":[{"embeddable":true,"href":"https:\/\/www.europesays.com\/fr\/wp-json\/wp\/v2\/users\/2"}],"replies":[{"embeddable":true,"href":"https:\/\/www.europesays.com\/fr\/wp-json\/wp\/v2\/comments?post=294024"}],"version-history":[{"count":0,"href":"https:\/\/www.europesays.com\/fr\/wp-json\/wp\/v2\/posts\/294024\/revisions"}],"wp:featuredmedia":[{"embeddable":true,"href":"https:\/\/www.europesays.com\/fr\/wp-json\/wp\/v2\/media\/294025"}],"wp:attachment":[{"href":"https:\/\/www.europesays.com\/fr\/wp-json\/wp\/v2\/media?parent=294024"}],"wp:term":[{"taxonomy":"category","embeddable":true,"href":"https:\/\/www.europesays.com\/fr\/wp-json\/wp\/v2\/categories?post=294024"},{"taxonomy":"post_tag","embeddable":true,"href":"https:\/\/www.europesays.com\/fr\/wp-json\/wp\/v2\/tags?post=294024"}],"curies":[{"name":"wp","href":"https:\/\/api.w.org\/{rel}","templated":true}]}}