{"id":294026,"date":"2025-08-03T17:35:11","date_gmt":"2025-08-03T17:35:11","guid":{"rendered":"https:\/\/www.europesays.com\/fr\/294026\/"},"modified":"2025-08-03T17:35:11","modified_gmt":"2025-08-03T17:35:11","slug":"wta-jasmine-paolini-fait-taire-les-rumeurs-je-nai-jamais-parle-a-goran-ivanisevic-je-ne-lai-jamais-contacte","status":"publish","type":"post","link":"https:\/\/www.europesays.com\/fr\/294026\/","title":{"rendered":"WTA > Jasmine Paolini fait taire les rumeurs : \u00ab\u00a0Je n&rsquo;ai jamais parl\u00e9 \u00e0 Goran Ivanisevic, je ne l&rsquo;ai jamais contact\u00e9\u00a0\u00bb"},"content":{"rendered":"<p>La valse des coachs ne s\u2019in\u00adter\u00adrompt jamais sur le circuit professionnel.<\/p>\n<p>Alors que Jasmine Paolini s\u2019est r\u00e9cem\u00adment s\u00e9par\u00e9e de Marc Lopez, ancien coach de Rafael Nadal, et que Goran Ivanisevic a \u00e9t\u00e9 remerci\u00e9 par Stefanos Tsitsipas, de nombreuses rumeurs envoyaient l\u2019en\u00adtra\u00ee\u00adneur croate aux c\u00f4t\u00e9s de la joueuse italienne, actuelle 9e mondiale.\u00a0<\/p>\n<p>Des rumeurs qui ont rapi\u00adde\u00adment \u00e9t\u00e9 d\u00e9men\u00adties par la prin\u00adci\u00adpale int\u00e9\u00adress\u00e9e, comme le rapporte nos confr\u00e8res d\u2019<a href=\"https:\/\/www.ubitennis.com\/blog\/2025\/08\/03\/coach-paolini-smentite-le-voci-su-ivanisevic-non-ho-mai-contattato-goran\/?feed_id=53393&amp;_unique_id=688ea23adfff3\" data-wpel-link=\"external\" target=\"_blank\" rel=\"nofollow external noopener\">Ubitennis<\/a>. <\/p>\n<p><strong>\u00ab\u202fJe n\u2019ai jamais parl\u00e9 \u00e0 Goran Ivanisevic, je ne l\u2019ai jamais contact\u00e9\u202f\u00bb<\/strong>, a d\u00e9clar\u00e9 celle qui traverse actuel\u00adle\u00adment une mauvaise passe avec quatre d\u00e9faites sur les sept derniers matchs.\u00a0<\/p>\n<p class=\"post-published-date\" style=\"color: silver; font-size: 75%; text-align: left;\">Publi\u00e9 le dimanche 3 ao\u00fbt 2025 \u00e0 16:55<\/p>\n","protected":false},"excerpt":{"rendered":"La valse des coachs ne s\u2019in\u00adter\u00adrompt jamais sur le circuit professionnel. Alors que Jasmine Paolini s\u2019est r\u00e9cem\u00adment s\u00e9par\u00e9e&hellip;\n","protected":false},"author":2,"featured_media":294027,"comment_status":"","ping_status":"","sticky":false,"template":"","format":"standard","meta":{"footnotes":""},"categories":[1415],"tags":[1011,27,1960,2126,60,1467,5443],"class_list":{"0":"post-294026","1":"post","2":"type-post","3":"status-publish","4":"format-standard","5":"has-post-thumbnail","7":"category-tennis","8":"tag-fr","9":"tag-france","10":"tag-nadal","11":"tag-paolini","12":"tag-sports","13":"tag-tennis","14":"tag-tsitsipas"},"share_on_mastodon":{"url":"https:\/\/pubeurope.com\/@fr\/114966044547723673","error":""},"_links":{"self":[{"href":"https:\/\/www.europesays.com\/fr\/wp-json\/wp\/v2\/posts\/294026","targetHints":{"allow":["GET"]}}],"collection":[{"href":"https:\/\/www.europesays.com\/fr\/wp-json\/wp\/v2\/posts"}],"about":[{"href":"https:\/\/www.europesays.com\/fr\/wp-json\/wp\/v2\/types\/post"}],"author":[{"embeddable":true,"href":"https:\/\/www.europesays.com\/fr\/wp-json\/wp\/v2\/users\/2"}],"replies":[{"embeddable":true,"href":"https:\/\/www.europesays.com\/fr\/wp-json\/wp\/v2\/comments?post=294026"}],"version-history":[{"count":0,"href":"https:\/\/www.europesays.com\/fr\/wp-json\/wp\/v2\/posts\/294026\/revisions"}],"wp:featuredmedia":[{"embeddable":true,"href":"https:\/\/www.europesays.com\/fr\/wp-json\/wp\/v2\/media\/294027"}],"wp:attachment":[{"href":"https:\/\/www.europesays.com\/fr\/wp-json\/wp\/v2\/media?parent=294026"}],"wp:term":[{"taxonomy":"category","embeddable":true,"href":"https:\/\/www.europesays.com\/fr\/wp-json\/wp\/v2\/categories?post=294026"},{"taxonomy":"post_tag","embeddable":true,"href":"https:\/\/www.europesays.com\/fr\/wp-json\/wp\/v2\/tags?post=294026"}],"curies":[{"name":"wp","href":"https:\/\/api.w.org\/{rel}","templated":true}]}}